{"id":19434,"date":"2024-01-25T10:41:51","date_gmt":"2024-01-25T09:41:51","guid":{"rendered":"https:\/\/www.bivillage.com\/news\/bez-kategorii\/swiatowy-dzien-roweru\/"},"modified":"2024-02-11T03:10:29","modified_gmt":"2024-02-11T02:10:29","slug":"swiatowy-dzien-roweru","status":"publish","type":"post","link":"https:\/\/www.bivillage.com\/pl\/news\/nowosci\/swiatowy-dzien-roweru\/","title":{"rendered":"\u015awiatowy Dzie\u0144 Roweru"},"content":{"rendered":"<div  class=\"grids-section grids-is-advanced alignwide\" style=\"--_gs-gap-desktop:0px 0px;--_gs-m-desktop:0 0 0 0;--_gs-p-desktop:0 0 0 0;--_gs-bg-desktop:transparent none;--_gs-bg-xp-desktop:0px;--_gs-zi-desktop:auto;--_gs-d-desktop:block;--_gs-mw-desktop:calc(100% - 0 - 0);--_gs-gap-tablet:0px 0px;--_gs-m-tablet:0 0 0 0;--_gs-p-tablet:0 0 0 0;--_gs-bg-tablet:transparent none;--_gs-bg-xp-tablet:0px;--_gs-zi-tablet:auto;--_gs-d-tablet:block;--_gs-mw-tablet:calc(100% - 0 - 0);--_gs-gap-mobile:0px 0px;--_gs-m-mobile:0 0 0 0;--_gs-p-mobile:0 25px 0 25px;--_gs-bg-mobile:transparent none;--_gs-bg-xp-mobile:0px;--_gs-zi-mobile:auto;--_gs-d-mobile:block;--_gs-mw-mobile:calc(100% - 0 - 0);--_gs-columns:12;--_gs-rows:6\"><div class=\"grids-s-w_i\">\n<div class=\"grids-area\" style=\"--_ga-column:2\/12;--_ga-row:2\/4;--_ga-m-desktop:0 0 0 0;--_ga-p-desktop:0 0 0 0;--_ga-bg-desktop:transparent none;--_ga-zi-desktop:auto;--_ga-d-desktop:flex;--_ga-mw-desktop:calc(100% - 0 - 0);--_ga-m-tablet:0 0 0 0;--_ga-p-tablet:0 0 0 0;--_ga-bg-tablet:transparent none;--_ga-zi-tablet:auto;--_ga-d-tablet:flex;--_ga-mw-tablet:calc(100% - 0 - 0);--_ga-m-mobile:0 0 0 0;--_ga-p-mobile:0 0 0 0;--_ga-bg-mobile:transparent none;--_ga-zi-mobile:auto;--_ga-d-mobile:flex;--_ga-mw-mobile:calc(100% - 0 - 0)\">\n\n<blockquote class=\"wp-block-quote is-layout-flow wp-block-quote-is-layout-flow\">\n<p class=\"has-text-align-center\"><em>&#8222;Wyj\u0105tkowo\u015b\u0107, d\u0142ugowieczno\u015b\u0107 i wszechstronno\u015b\u0107 roweru, kt\u00f3ry jest u\u017cywany od dw\u00f3ch stuleci i jest prostym, niedrogim, niezawodnym i zr\u00f3wnowa\u017conym \u015brodkiem transportu, kt\u00f3ry promuje ochron\u0119 \u015brodowiska i zdrowie&#8221;<\/em>.<\/p>\n<\/blockquote>\n\n\n\n<p>Tymi s\u0142owami w <strong>2018<\/strong> roku 193 cz\u0142onk\u00f3w <strong>Organizacji Narod\u00f3w<\/strong> Zjednoczonych zag\u0142osowa\u0142o za i postanowi\u0142o obchodzi\u0107 \u015awiatowy Dzie\u0144 Kolarstwa <strong>3 czerwca<\/strong>.<\/p>\n\n<\/div>\n<\/div><\/div>\n<div  class=\"grids-section grids-is-advanced\" style=\"--_gs-gap-desktop:0px 0px;--_gs-m-desktop:0 0 0 0;--_gs-p-desktop:35px 0 35px 0;--_gs-bg-desktop:transparent none;--_gs-bg-xp-desktop:0px;--_gs-zi-desktop:auto;--_gs-d-desktop:block;--_gs-mw-desktop:calc(100% - 0 - 0);--_gs-gap-tablet:0px 0px;--_gs-m-tablet:0 0 0 0;--_gs-p-tablet:35px 0 35px 0;--_gs-bg-tablet:transparent none;--_gs-bg-xp-tablet:0px;--_gs-zi-tablet:auto;--_gs-d-tablet:block;--_gs-mw-tablet:calc(100% - 0 - 0);--_gs-gap-mobile:0px 0px;--_gs-m-mobile:0 0 0 0;--_gs-p-mobile:0px 25px 0px 25px;--_gs-bg-mobile:transparent none;--_gs-bg-xp-mobile:0px;--_gs-zi-mobile:auto;--_gs-d-mobile:block;--_gs-mw-mobile:calc(100% - 0 - 0);--_gs-columns:12;--_gs-rows:6\"><div class=\"grids-s-w_i\">\n<div class=\"grids-area\" style=\"--_ga-column:2\/12;--_ga-row:2\/7;--_ga-m-desktop:0 0 0 0;--_ga-p-desktop:0 0 0 0;--_ga-bg-desktop:transparent none;--_ga-zi-desktop:auto;--_ga-d-desktop:flex;--_ga-mw-desktop:calc(100% - 0 - 0);--_ga-m-tablet:0 0 0 0;--_ga-p-tablet:0 0 0 0;--_ga-bg-tablet:transparent none;--_ga-zi-tablet:auto;--_ga-d-tablet:flex;--_ga-mw-tablet:calc(100% - 0 - 0);--_ga-m-mobile:0 0 0 0;--_ga-p-mobile:0 0 0 0;--_ga-bg-mobile:transparent none;--_ga-zi-mobile:auto;--_ga-d-mobile:flex;--_ga-mw-mobile:calc(100% - 0 - 0)\">\n\n<p>We <strong>dzisiejszych czasach<\/strong>, w kt\u00f3rych zjawiska hydrogeologiczne zwi\u0105zane ze zmianami klimatycznymi przyczyniaj\u0105 si\u0119 do zmiany paradygmatu, kt\u00f3ra niesie ze sob\u0105 katastrofy i zniszczenia, zwracanie uwagi nawet na najmniejsze gesty, kt\u00f3re mo\u017cemy wykonywa\u0107 codziennie jako aktywni obywatele naszej planety, <strong>jest wa\u017cniejsze ni\u017c kiedykolwiek<\/strong>.<\/p>\n\n\n\n<h2 class=\"wp-block-heading\">Rower i kreatywno\u015b\u0107<\/h2>\n\n\n\n<p>Jazda na <strong>rowerze pobudza kreatywno\u015b\u0107<\/strong>, <strong>ciekawo\u015b\u0107<\/strong> i wyznacza wolniejsze, ale z pewno\u015bci\u0105 bardziej harmonijne tempo \u017cycia.  <\/p>\n\n\n\n<p>Zacie\u015bnia to potrzeb\u0119 <strong>odkrywania<\/strong> i poznawania samego siebie, co w czasach cyfryzacji wydaje si\u0119 by\u0107 nieosi\u0105galnym marzeniem.<\/p>\n\n\n\n<p>Je\u015bli dorastali\u015bmy, s\u0142ysz\u0105c w piosenkach <strong>nazwiska mistrz\u00f3w kolarstwa<\/strong> od razu na my\u015bl przychodzi arcydzie\u0142o Francesco De Gregori<em>z 1993 roku &#8222;Bandyta i mistrz&#8221;<\/em>&#8211; otulone ciep\u0142em Giro d&#8217;Italia; gdyby\u015bmy <strong>marzyli o nieska\u017conych podr\u00f3\u017cach w siode\u0142ku<\/strong> &#8222;p\u0142on\u0105cej czerwieni&#8221;; je\u015bli nasze kolana s\u0105 posiniaczone na wspomnienie <strong>pierwszych przyg\u00f3d na rowerach bez bocznych k\u00f3\u0142ek,<\/strong>dzi\u015b, bardziej ni\u017c kiedykolwiek, mo\u017cemy zdefiniowa\u0107 rower jako symboliczny obiekt marze\u0144 i odkupienia, \u015bwiadomo\u015bci i zaufania, mi\u0142o\u015bci i pasji.<\/p>\n\n<\/div>\n<\/div><\/div>\n<div  class=\"grids-section row-information grids-is-advanced alignfull\" style=\"--_gs-gap-desktop:0px 0px;--_gs-m-desktop:0 0 0 0;--_gs-p-desktop:0 0 0 0;--_gs-bg-desktop:#64b95b none;--_gs-bg-xp-desktop:0px;--_gs-zi-desktop:auto;--_gs-d-desktop:block;--_gs-mw-desktop:calc(100% - 0 - 0);--_gs-gap-tablet:0px 0px;--_gs-m-tablet:0 0 0 0;--_gs-p-tablet:0 0 0 0;--_gs-bg-tablet:#64b95b none;--_gs-bg-xp-tablet:0px;--_gs-zi-tablet:auto;--_gs-d-tablet:block;--_gs-mw-tablet:calc(100% - 0 - 0);--_gs-gap-mobile:0px 0px;--_gs-m-mobile:0 0 0 0;--_gs-p-mobile:0 0 0 0;--_gs-bg-mobile:#64b95b none;--_gs-bg-xp-mobile:0px;--_gs-zi-mobile:auto;--_gs-d-mobile:block;--_gs-mw-mobile:calc(100% - 0 - 0);--_gs-columns:12;--_gs-rows:6\"><div class=\"grids-s-w_i\">\n<div class=\"grids-area\" style=\"--_ga-column:1\/4;--_ga-row:1\/7;--_ga-va:center;--_ga-m-desktop:0 0 0 0;--_ga-p-desktop:0 0 0 0;--_ga-bg-desktop:transparent none;--_ga-zi-desktop:auto;--_ga-d-desktop:flex;--_ga-mw-desktop:calc(100% - 0 - 0);--_ga-m-tablet:0 0 0 0;--_ga-p-tablet:0 0 0 0;--_ga-bg-tablet:transparent none;--_ga-zi-tablet:auto;--_ga-d-tablet:flex;--_ga-mw-tablet:calc(100% - 0 - 0);--_ga-m-mobile:0 0 0 0;--_ga-p-mobile:0 0 0 0;--_ga-bg-mobile:transparent none;--_ga-zi-mobile:auto;--_ga-d-mobile:flex;--_ga-mw-mobile:calc(100% - 0 - 0)\"><\/div>\n\n<div class=\"grids-area\" style=\"--_ga-column:4\/10;--_ga-row:1\/7;--_ga-va:center;--_ga-m-desktop:0 0 0 0;--_ga-p-desktop:0 0 0 0;--_ga-bg-desktop:transparent none;--_ga-zi-desktop:auto;--_ga-d-desktop:flex;--_ga-mw-desktop:calc(100% - 0 - 0);--_ga-m-tablet:0 0 0 0;--_ga-p-tablet:0 0 0 0;--_ga-bg-tablet:transparent none;--_ga-zi-tablet:auto;--_ga-d-tablet:flex;--_ga-mw-tablet:calc(100% - 0 - 0);--_ga-m-mobile:0 25px 0 25px;--_ga-p-mobile:0 0 0 0;--_ga-bg-mobile:transparent none;--_ga-zi-mobile:auto;--_ga-d-mobile:flex;--_ga-mw-mobile:calc(100% - 25px - 25px)\">\n\n<h2 class=\"wp-block-heading has-text-align-center advgb-dyn-6bc8278f\">Wakacje na rowerze<\/h2>\n\n\n\n<p class=\"has-text-align-center\">We <strong>W\u0142oszech<\/strong> czeka na Ciebie <strong>kemping San Francesco<\/strong>, wspania\u0142a wioska BiHoliday po\u0142o\u017cona kilka kilometr\u00f3w od <strong>Wenecji<\/strong>. Odkryj j\u0105 na rowerze!<\/p>\n\n\n\n<div class=\"wp-block-buttons is-content-justification-center is-layout-flex wp-container-core-buttons-is-layout-28206b41 wp-block-buttons-is-layout-flex\">\n<div class=\"wp-block-button is-style-outline is-style-outline--2\"><a class=\"wp-block-button__link has-white-background-color has-text-color has-background wp-element-button\" href=\"https:\/\/www.villaggiosanfrancesco.com\/it\/its-time-to-ride-your-bike\/\" style=\"color:#64b95b\" target=\"_blank\" rel=\"noreferrer noopener\">ODKRYJ SAN FRANCESCO VILLAGE<\/a><\/div>\n<\/div>\n\n<\/div>\n\n<div class=\"grids-area\" style=\"--_ga-column:10\/13;--_ga-row:1\/7;--_ga-va:center;--_ga-m-desktop:0 0 0 0;--_ga-p-desktop:0 0 0 0;--_ga-bg-desktop:transparent none;--_ga-zi-desktop:auto;--_ga-d-desktop:flex;--_ga-mw-desktop:calc(100% - 0 - 0);--_ga-m-tablet:0 0 0 0;--_ga-p-tablet:0 0 0 0;--_ga-bg-tablet:transparent none;--_ga-zi-tablet:auto;--_ga-d-tablet:flex;--_ga-mw-tablet:calc(100% - 0 - 0);--_ga-m-mobile:0 0 0 0;--_ga-p-mobile:0 0 0 0;--_ga-bg-mobile:transparent none;--_ga-zi-mobile:auto;--_ga-d-mobile:flex;--_ga-mw-mobile:calc(100% - 0 - 0)\"><\/div>\n<\/div><\/div>","protected":false},"excerpt":{"rendered":"<p>Zr\u00f3wnowa\u017cony rozw\u00f3j i integracja<\/p>\n","protected":false},"author":10,"featured_media":19437,"comment_status":"closed","ping_status":"open","sticky":false,"template":"","format":"standard","meta":{"_acf_changed":false,"advgb_blocks_editor_width":"","advgb_blocks_columns_visual_guide":"","footnotes":""},"categories":[98],"tags":[],"class_list":["post-19434","post","type-post","status-publish","format-standard","has-post-thumbnail","hentry","category-nowosci","entry"],"acf":[],"yoast_head":"<!-- This site is optimized with the Yoast SEO plugin v26.0 - https:\/\/yoast.com\/wordpress\/plugins\/seo\/ -->\n<title>\u015awiatowy Dzie\u0144 Roweru - BiVillage<\/title>\n<meta name=\"robots\" content=\"index, follow, max-snippet:-1, max-image-preview:large, max-video-preview:-1\" \/>\n<link rel=\"canonical\" href=\"https:\/\/www.bivillage.com\/pl\/news\/nowosci\/swiatowy-dzien-roweru\/\" \/>\n<meta property=\"og:locale\" content=\"pl_PL\" \/>\n<meta property=\"og:type\" content=\"article\" \/>\n<meta property=\"og:title\" content=\"\u015awiatowy Dzie\u0144 Roweru - BiVillage\" \/>\n<meta property=\"og:description\" content=\"Zr\u00f3wnowa\u017cony rozw\u00f3j i integracja\" \/>\n<meta property=\"og:url\" content=\"https:\/\/www.bivillage.com\/pl\/news\/nowosci\/swiatowy-dzien-roweru\/\" \/>\n<meta property=\"og:site_name\" content=\"BiVillage\" \/>\n<meta property=\"article:publisher\" content=\"https:\/\/www.facebook.com\/BiVillageHolidayCenter\/\" \/>\n<meta property=\"article:published_time\" content=\"2024-01-25T09:41:51+00:00\" \/>\n<meta property=\"article:modified_time\" content=\"2024-02-11T02:10:29+00:00\" \/>\n<meta property=\"og:image\" content=\"https:\/\/www.bivillage.com\/wp-content\/uploads\/2023\/05\/bivillage-giornata-mondiale-bicicletta-banner.jpg\" \/>\n\t<meta property=\"og:image:width\" content=\"2000\" \/>\n\t<meta property=\"og:image:height\" content=\"1000\" \/>\n\t<meta property=\"og:image:type\" content=\"image\/jpeg\" \/>\n<meta name=\"author\" content=\"Federica Cattelan\" \/>\n<meta name=\"twitter:card\" content=\"summary_large_image\" \/>\n<meta name=\"twitter:label1\" content=\"Napisane przez\" \/>\n\t<meta name=\"twitter:data1\" content=\"Federica Cattelan\" \/>\n\t<meta name=\"twitter:label2\" content=\"Szacowany czas czytania\" \/>\n\t<meta name=\"twitter:data2\" content=\"1 minuta\" \/>\n<script type=\"application\/ld+json\" class=\"yoast-schema-graph\">{\"@context\":\"https:\/\/schema.org\",\"@graph\":[{\"@type\":\"Article\",\"@id\":\"https:\/\/www.bivillage.com\/pl\/news\/nowosci\/swiatowy-dzien-roweru\/#article\",\"isPartOf\":{\"@id\":\"https:\/\/www.bivillage.com\/pl\/news\/nowosci\/swiatowy-dzien-roweru\/\"},\"author\":{\"name\":\"Federica Cattelan\",\"@id\":\"https:\/\/www.bivillage.com\/pl\/#\/schema\/person\/2ec8fa3656fb4f3b46042d980846560d\"},\"headline\":\"\u015awiatowy Dzie\u0144 Roweru\",\"datePublished\":\"2024-01-25T09:41:51+00:00\",\"dateModified\":\"2024-02-11T02:10:29+00:00\",\"mainEntityOfPage\":{\"@id\":\"https:\/\/www.bivillage.com\/pl\/news\/nowosci\/swiatowy-dzien-roweru\/\"},\"wordCount\":278,\"publisher\":{\"@id\":\"https:\/\/www.bivillage.com\/pl\/#organization\"},\"image\":{\"@id\":\"https:\/\/www.bivillage.com\/pl\/news\/nowosci\/swiatowy-dzien-roweru\/#primaryimage\"},\"thumbnailUrl\":\"https:\/\/www.bivillage.com\/wp-content\/uploads\/2023\/05\/bivillage-giornata-mondiale-bicicletta-banner.jpg\",\"articleSection\":[\"Nowo\u015bci\"],\"inLanguage\":\"pl-PL\"},{\"@type\":\"WebPage\",\"@id\":\"https:\/\/www.bivillage.com\/pl\/news\/nowosci\/swiatowy-dzien-roweru\/\",\"url\":\"https:\/\/www.bivillage.com\/pl\/news\/nowosci\/swiatowy-dzien-roweru\/\",\"name\":\"\u015awiatowy Dzie\u0144 Roweru - BiVillage\",\"isPartOf\":{\"@id\":\"https:\/\/www.bivillage.com\/pl\/#website\"},\"primaryImageOfPage\":{\"@id\":\"https:\/\/www.bivillage.com\/pl\/news\/nowosci\/swiatowy-dzien-roweru\/#primaryimage\"},\"image\":{\"@id\":\"https:\/\/www.bivillage.com\/pl\/news\/nowosci\/swiatowy-dzien-roweru\/#primaryimage\"},\"thumbnailUrl\":\"https:\/\/www.bivillage.com\/wp-content\/uploads\/2023\/05\/bivillage-giornata-mondiale-bicicletta-banner.jpg\",\"datePublished\":\"2024-01-25T09:41:51+00:00\",\"dateModified\":\"2024-02-11T02:10:29+00:00\",\"breadcrumb\":{\"@id\":\"https:\/\/www.bivillage.com\/pl\/news\/nowosci\/swiatowy-dzien-roweru\/#breadcrumb\"},\"inLanguage\":\"pl-PL\",\"potentialAction\":[{\"@type\":\"ReadAction\",\"target\":[\"https:\/\/www.bivillage.com\/pl\/news\/nowosci\/swiatowy-dzien-roweru\/\"]}]},{\"@type\":\"ImageObject\",\"inLanguage\":\"pl-PL\",\"@id\":\"https:\/\/www.bivillage.com\/pl\/news\/nowosci\/swiatowy-dzien-roweru\/#primaryimage\",\"url\":\"https:\/\/www.bivillage.com\/wp-content\/uploads\/2023\/05\/bivillage-giornata-mondiale-bicicletta-banner.jpg\",\"contentUrl\":\"https:\/\/www.bivillage.com\/wp-content\/uploads\/2023\/05\/bivillage-giornata-mondiale-bicicletta-banner.jpg\",\"width\":2000,\"height\":1000},{\"@type\":\"BreadcrumbList\",\"@id\":\"https:\/\/www.bivillage.com\/pl\/news\/nowosci\/swiatowy-dzien-roweru\/#breadcrumb\",\"itemListElement\":[{\"@type\":\"ListItem\",\"position\":1,\"name\":\"Home\",\"item\":\"https:\/\/www.bivillage.com\/pl\/\"},{\"@type\":\"ListItem\",\"position\":2,\"name\":\"Nowo\u015bci\",\"item\":\"https:\/\/www.bivillage.com\/pl\/news\/category\/nowosci\/\"},{\"@type\":\"ListItem\",\"position\":3,\"name\":\"\u015awiatowy Dzie\u0144 Roweru\"}]},{\"@type\":\"WebSite\",\"@id\":\"https:\/\/www.bivillage.com\/pl\/#website\",\"url\":\"https:\/\/www.bivillage.com\/pl\/\",\"name\":\"BiVillage\",\"description\":\"Fasana, ISTRIA\",\"publisher\":{\"@id\":\"https:\/\/www.bivillage.com\/pl\/#organization\"},\"potentialAction\":[{\"@type\":\"SearchAction\",\"target\":{\"@type\":\"EntryPoint\",\"urlTemplate\":\"https:\/\/www.bivillage.com\/pl\/?s={search_term_string}\"},\"query-input\":{\"@type\":\"PropertyValueSpecification\",\"valueRequired\":true,\"valueName\":\"search_term_string\"}}],\"inLanguage\":\"pl-PL\"},{\"@type\":\"Organization\",\"@id\":\"https:\/\/www.bivillage.com\/pl\/#organization\",\"name\":\"BiVillage\",\"alternateName\":\"bivillage\",\"url\":\"https:\/\/www.bivillage.com\/pl\/\",\"logo\":{\"@type\":\"ImageObject\",\"inLanguage\":\"pl-PL\",\"@id\":\"https:\/\/www.bivillage.com\/pl\/#\/schema\/logo\/image\/\",\"url\":\"https:\/\/www.bivillage.com\/wp-content\/uploads\/2022\/04\/logo-bivillage.png\",\"contentUrl\":\"https:\/\/www.bivillage.com\/wp-content\/uploads\/2022\/04\/logo-bivillage.png\",\"width\":973,\"height\":340,\"caption\":\"BiVillage\"},\"image\":{\"@id\":\"https:\/\/www.bivillage.com\/pl\/#\/schema\/logo\/image\/\"},\"sameAs\":[\"https:\/\/www.facebook.com\/BiVillageHolidayCenter\/\",\"https:\/\/www.instagram.com\/bivillage_holidayresort\/\",\"https:\/\/www.youtube.com\/channel\/UCu0whYLFWz1DQK-xiTLIuVw\",\"https:\/\/www.tiktok.com\/@bivillage\"]},{\"@type\":\"Person\",\"@id\":\"https:\/\/www.bivillage.com\/pl\/#\/schema\/person\/2ec8fa3656fb4f3b46042d980846560d\",\"name\":\"Federica Cattelan\"}]}<\/script>\n<!-- \/ Yoast SEO plugin. -->","yoast_head_json":{"title":"\u015awiatowy Dzie\u0144 Roweru - BiVillage","robots":{"index":"index","follow":"follow","max-snippet":"max-snippet:-1","max-image-preview":"max-image-preview:large","max-video-preview":"max-video-preview:-1"},"canonical":"https:\/\/www.bivillage.com\/pl\/news\/nowosci\/swiatowy-dzien-roweru\/","og_locale":"pl_PL","og_type":"article","og_title":"\u015awiatowy Dzie\u0144 Roweru - BiVillage","og_description":"Zr\u00f3wnowa\u017cony rozw\u00f3j i integracja","og_url":"https:\/\/www.bivillage.com\/pl\/news\/nowosci\/swiatowy-dzien-roweru\/","og_site_name":"BiVillage","article_publisher":"https:\/\/www.facebook.com\/BiVillageHolidayCenter\/","article_published_time":"2024-01-25T09:41:51+00:00","article_modified_time":"2024-02-11T02:10:29+00:00","og_image":[{"width":2000,"height":1000,"url":"https:\/\/www.bivillage.com\/wp-content\/uploads\/2023\/05\/bivillage-giornata-mondiale-bicicletta-banner.jpg","type":"image\/jpeg"}],"author":"Federica Cattelan","twitter_card":"summary_large_image","twitter_misc":{"Napisane przez":"Federica Cattelan","Szacowany czas czytania":"1 minuta"},"schema":{"@context":"https:\/\/schema.org","@graph":[{"@type":"Article","@id":"https:\/\/www.bivillage.com\/pl\/news\/nowosci\/swiatowy-dzien-roweru\/#article","isPartOf":{"@id":"https:\/\/www.bivillage.com\/pl\/news\/nowosci\/swiatowy-dzien-roweru\/"},"author":{"name":"Federica Cattelan","@id":"https:\/\/www.bivillage.com\/pl\/#\/schema\/person\/2ec8fa3656fb4f3b46042d980846560d"},"headline":"\u015awiatowy Dzie\u0144 Roweru","datePublished":"2024-01-25T09:41:51+00:00","dateModified":"2024-02-11T02:10:29+00:00","mainEntityOfPage":{"@id":"https:\/\/www.bivillage.com\/pl\/news\/nowosci\/swiatowy-dzien-roweru\/"},"wordCount":278,"publisher":{"@id":"https:\/\/www.bivillage.com\/pl\/#organization"},"image":{"@id":"https:\/\/www.bivillage.com\/pl\/news\/nowosci\/swiatowy-dzien-roweru\/#primaryimage"},"thumbnailUrl":"https:\/\/www.bivillage.com\/wp-content\/uploads\/2023\/05\/bivillage-giornata-mondiale-bicicletta-banner.jpg","articleSection":["Nowo\u015bci"],"inLanguage":"pl-PL"},{"@type":"WebPage","@id":"https:\/\/www.bivillage.com\/pl\/news\/nowosci\/swiatowy-dzien-roweru\/","url":"https:\/\/www.bivillage.com\/pl\/news\/nowosci\/swiatowy-dzien-roweru\/","name":"\u015awiatowy Dzie\u0144 Roweru - BiVillage","isPartOf":{"@id":"https:\/\/www.bivillage.com\/pl\/#website"},"primaryImageOfPage":{"@id":"https:\/\/www.bivillage.com\/pl\/news\/nowosci\/swiatowy-dzien-roweru\/#primaryimage"},"image":{"@id":"https:\/\/www.bivillage.com\/pl\/news\/nowosci\/swiatowy-dzien-roweru\/#primaryimage"},"thumbnailUrl":"https:\/\/www.bivillage.com\/wp-content\/uploads\/2023\/05\/bivillage-giornata-mondiale-bicicletta-banner.jpg","datePublished":"2024-01-25T09:41:51+00:00","dateModified":"2024-02-11T02:10:29+00:00","breadcrumb":{"@id":"https:\/\/www.bivillage.com\/pl\/news\/nowosci\/swiatowy-dzien-roweru\/#breadcrumb"},"inLanguage":"pl-PL","potentialAction":[{"@type":"ReadAction","target":["https:\/\/www.bivillage.com\/pl\/news\/nowosci\/swiatowy-dzien-roweru\/"]}]},{"@type":"ImageObject","inLanguage":"pl-PL","@id":"https:\/\/www.bivillage.com\/pl\/news\/nowosci\/swiatowy-dzien-roweru\/#primaryimage","url":"https:\/\/www.bivillage.com\/wp-content\/uploads\/2023\/05\/bivillage-giornata-mondiale-bicicletta-banner.jpg","contentUrl":"https:\/\/www.bivillage.com\/wp-content\/uploads\/2023\/05\/bivillage-giornata-mondiale-bicicletta-banner.jpg","width":2000,"height":1000},{"@type":"BreadcrumbList","@id":"https:\/\/www.bivillage.com\/pl\/news\/nowosci\/swiatowy-dzien-roweru\/#breadcrumb","itemListElement":[{"@type":"ListItem","position":1,"name":"Home","item":"https:\/\/www.bivillage.com\/pl\/"},{"@type":"ListItem","position":2,"name":"Nowo\u015bci","item":"https:\/\/www.bivillage.com\/pl\/news\/category\/nowosci\/"},{"@type":"ListItem","position":3,"name":"\u015awiatowy Dzie\u0144 Roweru"}]},{"@type":"WebSite","@id":"https:\/\/www.bivillage.com\/pl\/#website","url":"https:\/\/www.bivillage.com\/pl\/","name":"BiVillage","description":"Fasana, ISTRIA","publisher":{"@id":"https:\/\/www.bivillage.com\/pl\/#organization"},"potentialAction":[{"@type":"SearchAction","target":{"@type":"EntryPoint","urlTemplate":"https:\/\/www.bivillage.com\/pl\/?s={search_term_string}"},"query-input":{"@type":"PropertyValueSpecification","valueRequired":true,"valueName":"search_term_string"}}],"inLanguage":"pl-PL"},{"@type":"Organization","@id":"https:\/\/www.bivillage.com\/pl\/#organization","name":"BiVillage","alternateName":"bivillage","url":"https:\/\/www.bivillage.com\/pl\/","logo":{"@type":"ImageObject","inLanguage":"pl-PL","@id":"https:\/\/www.bivillage.com\/pl\/#\/schema\/logo\/image\/","url":"https:\/\/www.bivillage.com\/wp-content\/uploads\/2022\/04\/logo-bivillage.png","contentUrl":"https:\/\/www.bivillage.com\/wp-content\/uploads\/2022\/04\/logo-bivillage.png","width":973,"height":340,"caption":"BiVillage"},"image":{"@id":"https:\/\/www.bivillage.com\/pl\/#\/schema\/logo\/image\/"},"sameAs":["https:\/\/www.facebook.com\/BiVillageHolidayCenter\/","https:\/\/www.instagram.com\/bivillage_holidayresort\/","https:\/\/www.youtube.com\/channel\/UCu0whYLFWz1DQK-xiTLIuVw","https:\/\/www.tiktok.com\/@bivillage"]},{"@type":"Person","@id":"https:\/\/www.bivillage.com\/pl\/#\/schema\/person\/2ec8fa3656fb4f3b46042d980846560d","name":"Federica Cattelan"}]}},"author_meta":{"display_name":"Federica Cattelan","author_link":"https:\/\/www.bivillage.com\/pl\/news\/author\/federica-cattelan\/"},"featured_img":"https:\/\/www.bivillage.com\/wp-content\/uploads\/2023\/05\/bivillage-giornata-mondiale-bicicletta-banner-300x150.jpg","coauthors":[],"tax_additional":{"categories":{"linked":["<a href=\"https:\/\/www.bivillage.com\/pl\/news\/category\/nowosci\/\" class=\"advgb-post-tax-term\">Nowo\u015bci<\/a>"],"unlinked":["<span class=\"advgb-post-tax-term\">Nowo\u015bci<\/span>"]}},"comment_count":"0","relative_dates":{"created":"Posted 2 lata ago","modified":"Updated 2 lata ago"},"absolute_dates":{"created":"Posted on 25 stycznia, 2024","modified":"Updated on 11 lutego, 2024"},"absolute_dates_time":{"created":"Posted on 25 stycznia, 2024 10:41 am","modified":"Updated on 11 lutego, 2024 3:10 am"},"featured_img_caption":"","series_order":"","_links":{"self":[{"href":"https:\/\/www.bivillage.com\/pl\/wp-json\/wp\/v2\/posts\/19434","targetHints":{"allow":["GET"]}}],"collection":[{"href":"https:\/\/www.bivillage.com\/pl\/wp-json\/wp\/v2\/posts"}],"about":[{"href":"https:\/\/www.bivillage.com\/pl\/wp-json\/wp\/v2\/types\/post"}],"author":[{"embeddable":true,"href":"https:\/\/www.bivillage.com\/pl\/wp-json\/wp\/v2\/users\/10"}],"replies":[{"embeddable":true,"href":"https:\/\/www.bivillage.com\/pl\/wp-json\/wp\/v2\/comments?post=19434"}],"version-history":[{"count":0,"href":"https:\/\/www.bivillage.com\/pl\/wp-json\/wp\/v2\/posts\/19434\/revisions"}],"wp:featuredmedia":[{"embeddable":true,"href":"https:\/\/www.bivillage.com\/pl\/wp-json\/wp\/v2\/media\/19437"}],"wp:attachment":[{"href":"https:\/\/www.bivillage.com\/pl\/wp-json\/wp\/v2\/media?parent=19434"}],"wp:term":[{"taxonomy":"category","embeddable":true,"href":"https:\/\/www.bivillage.com\/pl\/wp-json\/wp\/v2\/categories?post=19434"},{"taxonomy":"post_tag","embeddable":true,"href":"https:\/\/www.bivillage.com\/pl\/wp-json\/wp\/v2\/tags?post=19434"}],"curies":[{"name":"wp","href":"https:\/\/api.w.org\/{rel}","templated":true}]}}