{"id":19351,"date":"2024-01-25T10:41:35","date_gmt":"2024-01-25T09:41:35","guid":{"rendered":"https:\/\/www.bivillage.com\/news\/bez-kategorii\/miedzynarodowy-dzien-kobiet\/"},"modified":"2024-02-20T21:51:39","modified_gmt":"2024-02-20T20:51:39","slug":"miedzynarodowy-dzien-kobiet","status":"publish","type":"post","link":"https:\/\/www.bivillage.com\/pl\/news\/nowosci\/miedzynarodowy-dzien-kobiet\/","title":{"rendered":"Mi\u0119dzynarodowy Dzie\u0144 Kobiet"},"content":{"rendered":"<div  class=\"grids-section grids-is-advanced\" style=\"--_gs-gap-desktop:0px 0px;--_gs-m-desktop:0 0 0 0;--_gs-p-desktop:0 0 0 0;--_gs-bg-desktop:transparent none;--_gs-bg-xp-desktop:0px;--_gs-zi-desktop:auto;--_gs-d-desktop:block;--_gs-mw-desktop:calc(100% - 0 - 0);--_gs-gap-tablet:0px 0px;--_gs-m-tablet:0 0 0 0;--_gs-p-tablet:0 0 0 0;--_gs-bg-tablet:transparent none;--_gs-bg-xp-tablet:0px;--_gs-zi-tablet:auto;--_gs-d-tablet:block;--_gs-mw-tablet:calc(100% - 0 - 0);--_gs-gap-mobile:0px 0px;--_gs-m-mobile:0 0 0 0;--_gs-p-mobile:0 0 0 0;--_gs-bg-mobile:transparent none;--_gs-bg-xp-mobile:0px;--_gs-zi-mobile:auto;--_gs-d-mobile:block;--_gs-mw-mobile:calc(100% - 0 - 0);--_gs-columns:12;--_gs-rows:6\"><div class=\"grids-s-w_i\">\n<div class=\"grids-area\" style=\"--_ga-column:2\/12;--_ga-row:1\/4;--_ga-m-desktop:0 0 0 0;--_ga-p-desktop:0 0 0 0;--_ga-bg-desktop:transparent none;--_ga-zi-desktop:auto;--_ga-d-desktop:flex;--_ga-mw-desktop:calc(100% - 0 - 0);--_ga-m-tablet:0 0 0 0;--_ga-p-tablet:0 0 0 0;--_ga-bg-tablet:transparent none;--_ga-zi-tablet:auto;--_ga-d-tablet:flex;--_ga-mw-tablet:calc(100% - 0 - 0);--_ga-m-mobile:0 0 0 0;--_ga-p-mobile:0 10% 0 10%;--_ga-bg-mobile:transparent none;--_ga-zi-mobile:auto;--_ga-d-mobile:flex;--_ga-mw-mobile:calc(100% - 0 - 0)\">\n\n<p>&#8222;\u015awiat biznesu potrzebuje umiej\u0119tno\u015bci, etyki i wizji. Dobrze wykonywa\u0107 swoj\u0105 prac\u0119 to m\u00f3j obowi\u0105zek. Bycie na czele firmy to moja odpowiedzialno\u015b\u0107. Bycie blisko moich pracownik\u00f3w to moja si\u0142a&#8221;. m\u00f3wi Gina Biasuzzi, prezes Biasuzzi spa &#8211; Division. Turystyka, do kt\u00f3rej d\u0105\u017cy ze stanowczo\u015bci\u0105 i determinacj\u0105.<br\/>Tymi s\u0142owami chcemy upami\u0119tni\u0107 <strong>Mi\u0119dzynarodowy Dzie\u0144<\/strong> Kobiet, kt\u00f3ry oficjalnie narodzi\u0142 si\u0119 w Stanach <strong>Zjednoczonych<\/strong> <strong>28 lutego 1909<\/strong> roku z r\u0105k Ameryka\u0144skiej Partii Socjalistycznej, kt\u00f3ra zorganizowa\u0142a tego dnia demonstracj\u0119 na rzecz prawa kobiet do g\u0142osowania.<\/p>\n\n\n\n<p>Jednak<strong>8<\/strong> marca oficjalnie wszed\u0142 do naszych kalendarzy dopiero w <strong>1917 roku<\/strong>, kiedy to <strong>kobiety z Petersburga wysz\u0142y na ulice, aby powiedzie\u0107 &#8222;nie&#8221; wojnie<\/strong>, domagaj\u0105c si\u0119 jej zako\u0144czenia i daj\u0105c pocz\u0105tek tak zwanej &#8222;rosyjskiej rewolucji lutowej&#8221;.<\/p>\n\n\n\n<p><strong>W\u0142ochy<\/strong> Zamiast tego wyznacza rok 1922 jako pocz\u0105tek tej rocznicy, podczas kt\u00f3rej domagano si\u0119 praw spo\u0142ecznych pod sztandarem politycznej windykacji, ale <strong>tylko w 1945 r.<\/strong>,  <strong>kiedy Zwi\u0105zek Kobiet<\/strong> we W\u0142oszech utworzony przez cz\u0142onk\u00f3w takich partii jak Chrze\u015bcija\u0144ska Lewica, Demokracja Pracy i PSI, <strong>obchodzono Dzie\u0144 Kobiet na obszarach W\u0142och wyzwolonych od faszyzmu<\/strong>.<\/p>\n\n\n\n<p>Dzi\u015b <strong>ten dzie\u0144 sta\u0142 si\u0119 kluczowym momentem, aby podnie\u015b\u0107 g\u0142os w celu upami\u0119tnienia praw, kt\u00f3re wywalczyli\u015bmy i krok\u00f3w, kt\u00f3re wci\u0105\u017c musimy podj\u0105\u0107, przeciwko przemocy i na rzecz r\u00f3wnych szans<\/strong>.<\/p>\n\n\n\n<p>&#8222;Kocham swoj\u0105 prac\u0119. Uwielbiam by\u0107 kobiet\u0105. Uwielbiam my\u015ble\u0107, \u017ce jedno nie musi ju\u017c wyklucza\u0107 drugiego. Uwielbiam zarabia\u0107 na swoje miejsce w \u015bwiecie ka\u017cdego dnia, z wysi\u0142kiem i odpowiedzialno\u015bci\u0105. Wreszcie, uwielbiam pozbawia\u0107 racji tych, kt\u00f3rzy m\u00f3wi\u0105 mi, \u017ce nie mam do tego prawa ani mo\u017cliwo\u015bci&#8221;.<\/p>\n\n\n\n<p>S\u0142owa te wypowiada \u0142agodnym g\u0142osem Ilenia Cherubin, szefowa marketingu i sprzeda\u017cy Biasuzzi Spa &#8211; Dzia\u0142u Turystyki, kt\u00f3ra wykonuje swoj\u0105 prac\u0119 pod egid\u0105 wsp\u00f3\u0142pracy i wsp\u00f3lnych system\u00f3w warto\u015bci, kt\u00f3re dzi\u015b bardziej ni\u017c kiedykolwiek sprawiaj\u0105, \u017ce Bi Holiday jest miejscem integracyjnym. Razem.<\/p>\n\n<\/div>\n<\/div><\/div><div  class=\"grids-section grids-is-advanced alignwide\" style=\"--_gs-gap-desktop:0px 0px;--_gs-m-desktop:0 0 0 0;--_gs-p-desktop:0 0 0 0;--_gs-bg-desktop:transparent none;--_gs-bg-xp-desktop:0px;--_gs-zi-desktop:auto;--_gs-d-desktop:block;--_gs-mw-desktop:calc(100% - 0 - 0);--_gs-gap-tablet:0px 0px;--_gs-m-tablet:0 0 0 0;--_gs-p-tablet:0 0 0 0;--_gs-bg-tablet:transparent none;--_gs-bg-xp-tablet:0px;--_gs-zi-tablet:auto;--_gs-d-tablet:block;--_gs-mw-tablet:calc(100% - 0 - 0);--_gs-gap-mobile:0px 0px;--_gs-m-mobile:0 0 0 0;--_gs-p-mobile:0 0 0 0;--_gs-bg-mobile:transparent none;--_gs-bg-xp-mobile:0px;--_gs-zi-mobile:auto;--_gs-d-mobile:block;--_gs-mw-mobile:calc(100% - 0 - 0);--_gs-columns:12;--_gs-rows:6\"><div class=\"grids-s-w_i\">\n<div class=\"grids-area\" style=\"--_ga-column:2\/6;--_ga-row:1\/7;--_ga-m-desktop:0 0 0 0;--_ga-p-desktop:0 0 0 0;--_ga-bg-desktop:transparent none;--_ga-zi-desktop:auto;--_ga-d-desktop:flex;--_ga-mw-desktop:calc(100% - 0 - 0);--_ga-m-tablet:0 0 0 0;--_ga-p-tablet:0 0 0 0;--_ga-bg-tablet:transparent none;--_ga-zi-tablet:auto;--_ga-d-tablet:flex;--_ga-mw-tablet:calc(100% - 0 - 0);--_ga-m-mobile:0 0 0 0;--_ga-p-mobile:0 0 0 0;--_ga-bg-mobile:transparent none;--_ga-zi-mobile:auto;--_ga-d-mobile:flex;--_ga-mw-mobile:calc(100% - 0 - 0)\">\n\n<figure class=\"wp-block-image size-full\"><img style=\"background-color: #fcf6f9;\" decoding=\"async\" width=\"400\" height=\"400\" src=\"https:\/\/www.bivillage.com\/wp-content\/uploads\/2022\/06\/DISEGNI-GIORNATA-DELLE-DONNE-02-400x400.jpg.webp\" alt=\"\" class=\"wp-image-3671\" srcset=\"https:\/\/www.bivillage.com\/wp-content\/uploads\/2022\/06\/DISEGNI-GIORNATA-DELLE-DONNE-02-400x400.jpg.webp 400w, https:\/\/www.bivillage.com\/wp-content\/uploads\/2022\/06\/DISEGNI-GIORNATA-DELLE-DONNE-02-400x400.jpg-300x300.webp 300w, https:\/\/www.bivillage.com\/wp-content\/uploads\/2022\/06\/DISEGNI-GIORNATA-DELLE-DONNE-02-400x400.jpg-150x150.webp 150w\" sizes=\"(max-width: 400px) 100vw, 400px\" \/><\/figure>\n\n<\/div>\n\n<div class=\"grids-area\" style=\"--_ga-column:7\/12;--_ga-row:1\/7;--_ga-m-desktop:0 0 0 0;--_ga-p-desktop:25px 25px 25px 25px;--_ga-bg-desktop:#b9e6eb none;--_ga-zi-desktop:auto;--_ga-d-desktop:flex;--_ga-mw-desktop:calc(100% - 0 - 0);--_ga-m-tablet:0 0 0 0;--_ga-p-tablet:25px 25px 25px 25px;--_ga-bg-tablet:#b9e6eb none;--_ga-zi-tablet:auto;--_ga-d-tablet:flex;--_ga-mw-tablet:calc(100% - 0 - 0);--_ga-m-mobile:0 0 0 0;--_ga-p-mobile:0px 10% 0px 10%;--_ga-bg-mobile:#b9e6eb none;--_ga-zi-mobile:auto;--_ga-d-mobile:flex;--_ga-mw-mobile:calc(100% - 0 - 0)\">\n\n<p>&#8222;\u015awiat biznesu potrzebuje umiej\u0119tno\u015bci, etyki i wizji.<\/p>\n\n\n\n<p class=\"has-text-align-left\">Jestem do tego powo\u0142ana, nie robi\u0119 z tego kwestii p\u0142ci.<\/p>\n\n\n\n<p class=\"has-text-align-left\">Dobro jest moim obowi\u0105zkiem. <\/p>\n\n\n\n<p class=\"has-text-align-left\">Bycie szefem firmy to moja odpowiedzialno\u015b\u0107.<\/p>\n\n\n\n<p class=\"has-text-align-left\">Bycie blisko moich wsp\u00f3\u0142pracownik\u00f3w jest moj\u0105 si\u0142\u0105&#8221;.<\/p>\n\n\n\n<p class=\"has-text-align-center\"><em><strong>Gina Biasuzzi<\/strong><\/em><\/p>\n\n\n\n<p class=\"has-text-align-center has-gray-color has-text-color\">President Biasuzzi spa &#8211; Dzia\u0142 Turystyki<\/p>\n\n<\/div>\n<\/div><\/div><div  class=\"grids-section grids-is-advanced alignwide\" style=\"--_gs-gap-desktop:0px 0px;--_gs-m-desktop:0 0 0 0;--_gs-p-desktop:0 0 0 0;--_gs-bg-desktop:#FFFFFF none;--_gs-bg-xp-desktop:0px;--_gs-zi-desktop:auto;--_gs-d-desktop:block;--_gs-mw-desktop:calc(100% - 0 - 0);--_gs-gap-tablet:0px 0px;--_gs-m-tablet:0 0 0 0;--_gs-p-tablet:0 0 0 0;--_gs-bg-tablet:#FFFFFF none;--_gs-bg-xp-tablet:0px;--_gs-zi-tablet:auto;--_gs-d-tablet:block;--_gs-mw-tablet:calc(100% - 0 - 0);--_gs-gap-mobile:0px 0px;--_gs-m-mobile:0 0 0 0;--_gs-p-mobile:0 0 0 0;--_gs-bg-mobile:#FFFFFF none;--_gs-bg-xp-mobile:0px;--_gs-zi-mobile:auto;--_gs-d-mobile:block;--_gs-mw-mobile:calc(100% - 0 - 0);--_gs-columns:12;--_gs-rows:6\"><div class=\"grids-s-w_i\">\n<div class=\"grids-area\" style=\"--_ga-column:2\/7;--_ga-row:1\/7;--_ga-m-desktop:0 0 0 0;--_ga-p-desktop:25px 25px 25px 25px;--_ga-bg-desktop:#f4f4f4 none;--_ga-zi-desktop:auto;--_ga-d-desktop:flex;--_ga-mw-desktop:calc(100% - 0 - 0);--_ga-m-tablet:0 0 0 0;--_ga-p-tablet:25px 25px 25px 25px;--_ga-bg-tablet:#f4f4f4 none;--_ga-zi-tablet:auto;--_ga-d-tablet:flex;--_ga-mw-tablet:calc(100% - 0 - 0);--_ga-m-mobile:0 0 0 0;--_ga-p-mobile:0px 10% 0px 10%;--_ga-bg-mobile:#f4f4f4 none;--_ga-zi-mobile:auto;--_ga-d-mobile:flex;--_ga-mw-mobile:calc(100% - 0 - 0)\">\n\n<p class=\"has-text-align-left\">&#8222;Kocham swoj\u0105 prac\u0119.  <\/p>\n\n\n\n<p class=\"has-text-align-left\">Uwielbiam by\u0107 kobiet\u0105.  <\/p>\n\n\n\n<p class=\"has-text-align-left\">Lubi\u0119 my\u015ble\u0107, \u017ce jedna rzecz nie musi ju\u017c wyklucza\u0107 drugiej. <\/p>\n\n\n\n<p class=\"has-text-align-left\">Uwielbiam zarabia\u0107 na swoje miejsce w \u015bwiecie ka\u017cdego dnia, ci\u0119\u017ck\u0105 prac\u0105 i odpowiedzialno\u015bci\u0105. <\/p>\n\n\n\n<p class=\"has-text-align-left\">Wreszcie, uwielbiam pozbawia\u0107 racji tych, kt\u00f3rzy m\u00f3wi\u0105 mi, \u017ce nie mam prawa ani mo\u017cliwo\u015bci.<\/p>\n\n\n\n<p class=\"has-text-align-center\"><em><strong>Ilenia Cherubin<\/strong><\/em><\/p>\n\n\n\n<p class=\"has-text-align-center has-gray-color has-text-color\">Szef marketingu i sprzeda\u017cy Biasuzzi spa &#8211; Dzia\u0142 Turystyki<\/p>\n\n<\/div>\n\n<div class=\"grids-area\" style=\"--_ga-column:8\/12;--_ga-row:1\/7;--_ga-m-desktop:0 0 0 0;--_ga-p-desktop:0 0 0 0;--_ga-bg-desktop:#FFFFFF none;--_ga-zi-desktop:auto;--_ga-d-desktop:flex;--_ga-mw-desktop:calc(100% - 0 - 0);--_ga-m-tablet:0 0 0 0;--_ga-p-tablet:0 0 0 0;--_ga-bg-tablet:#FFFFFF none;--_ga-zi-tablet:auto;--_ga-d-tablet:flex;--_ga-mw-tablet:calc(100% - 0 - 0);--_ga-m-mobile:0 0 0 0;--_ga-p-mobile:0 0 0 0;--_ga-bg-mobile:#FFFFFF none;--_ga-zi-mobile:auto;--_ga-d-mobile:flex;--_ga-mw-mobile:calc(100% - 0 - 0)\">\n\n<figure class=\"wp-block-image size-full\"><img style=\"background-color: #f7fbfc;\" decoding=\"async\" width=\"400\" height=\"400\" src=\"https:\/\/www.bivillage.com\/wp-content\/uploads\/2022\/06\/DISEGNI-GIORNATA-DELLE-DONNE-01-400x400.jpg.webp\" alt=\"\" class=\"wp-image-3707\" srcset=\"https:\/\/www.bivillage.com\/wp-content\/uploads\/2022\/06\/DISEGNI-GIORNATA-DELLE-DONNE-01-400x400.jpg.webp 400w, https:\/\/www.bivillage.com\/wp-content\/uploads\/2022\/06\/DISEGNI-GIORNATA-DELLE-DONNE-01-400x400.jpg-300x300.webp 300w, https:\/\/www.bivillage.com\/wp-content\/uploads\/2022\/06\/DISEGNI-GIORNATA-DELLE-DONNE-01-400x400.jpg-150x150.webp 150w\" sizes=\"(max-width: 400px) 100vw, 400px\" \/><\/figure>\n\n<\/div>\n<\/div><\/div><div  class=\"grids-section grids-is-advanced alignwide\" style=\"--_gs-gap-desktop:0px 0px;--_gs-m-desktop:0 0 0 0;--_gs-p-desktop:0 0 0 0;--_gs-bg-desktop:transparent none;--_gs-bg-xp-desktop:0px;--_gs-zi-desktop:auto;--_gs-d-desktop:block;--_gs-mw-desktop:calc(100% - 0 - 0);--_gs-gap-tablet:0px 0px;--_gs-m-tablet:0 0 0 0;--_gs-p-tablet:0 0 0 0;--_gs-bg-tablet:transparent none;--_gs-bg-xp-tablet:0px;--_gs-zi-tablet:auto;--_gs-d-tablet:block;--_gs-mw-tablet:calc(100% - 0 - 0);--_gs-gap-mobile:0px 0px;--_gs-m-mobile:0 0 0 0;--_gs-p-mobile:0 0 0 0;--_gs-bg-mobile:transparent none;--_gs-bg-xp-mobile:0px;--_gs-zi-mobile:auto;--_gs-d-mobile:block;--_gs-mw-mobile:calc(100% - 0 - 0);--_gs-columns:12;--_gs-rows:6\"><div class=\"grids-s-w_i\">\n<div class=\"grids-area\" style=\"--_ga-column:2\/6;--_ga-row:1\/7;--_ga-m-desktop:0 0 0 0;--_ga-p-desktop:0 0 0 0;--_ga-bg-desktop:transparent none;--_ga-zi-desktop:auto;--_ga-d-desktop:flex;--_ga-mw-desktop:calc(100% - 0 - 0);--_ga-m-tablet:0 0 0 0;--_ga-p-tablet:0 0 0 0;--_ga-bg-tablet:transparent none;--_ga-zi-tablet:auto;--_ga-d-tablet:flex;--_ga-mw-tablet:calc(100% - 0 - 0);--_ga-m-mobile:0 0 0 0;--_ga-p-mobile:0 0 0 0;--_ga-bg-mobile:transparent none;--_ga-zi-mobile:auto;--_ga-d-mobile:flex;--_ga-mw-mobile:calc(100% - 0 - 0)\">\n\n<figure class=\"wp-block-image size-full\"><img style=\"background-color: #fcf7f9;\" decoding=\"async\" width=\"400\" height=\"400\" src=\"https:\/\/www.bivillage.com\/wp-content\/uploads\/2022\/06\/DISEGNI-GIORNATA-DELLE-DONNE-04-400x400.jpg.webp\" alt=\"\" class=\"wp-image-3712\" srcset=\"https:\/\/www.bivillage.com\/wp-content\/uploads\/2022\/06\/DISEGNI-GIORNATA-DELLE-DONNE-04-400x400.jpg.webp 400w, https:\/\/www.bivillage.com\/wp-content\/uploads\/2022\/06\/DISEGNI-GIORNATA-DELLE-DONNE-04-400x400.jpg-300x300.webp 300w, https:\/\/www.bivillage.com\/wp-content\/uploads\/2022\/06\/DISEGNI-GIORNATA-DELLE-DONNE-04-400x400.jpg-150x150.webp 150w\" sizes=\"(max-width: 400px) 100vw, 400px\" \/><\/figure>\n\n<\/div>\n\n<div class=\"grids-area\" style=\"--_ga-column:7\/12;--_ga-row:1\/7;--_ga-m-desktop:0 0 0 0;--_ga-p-desktop:25px 25px 25px 25px;--_ga-bg-desktop:#b9e6eb none;--_ga-zi-desktop:auto;--_ga-d-desktop:flex;--_ga-mw-desktop:calc(100% - 0 - 0);--_ga-m-tablet:0 0 0 0;--_ga-p-tablet:25px 25px 25px 25px;--_ga-bg-tablet:#b9e6eb none;--_ga-zi-tablet:auto;--_ga-d-tablet:flex;--_ga-mw-tablet:calc(100% - 0 - 0);--_ga-m-mobile:0 0 0 0;--_ga-p-mobile:0px 10% 0px 10%;--_ga-bg-mobile:#b9e6eb none;--_ga-zi-mobile:auto;--_ga-d-mobile:flex;--_ga-mw-mobile:calc(100% - 0 - 0)\">\n\n<p class=\"has-text-align-left\">&#8222;Jestem kobiet\u0105, kt\u00f3ra obchodzi urodziny w Dzie\u0144 Kobiet. I pomy\u015ble\u0107, \u017ce urodzi\u0142am si\u0119 jako wcze\u015bniak: kto wie, czy nie by\u0142o mi to pisane!<\/p>\n\n\n\n<p class=\"has-text-align-left\">To zawsze dawa\u0142o mi energi\u0119 i entuzjazm do stawiania czo\u0142a wszelkim trudno\u015bciom, bior\u0105c pod uwag\u0119 fakt, \u017ce jestem kobiet\u0105. Wierz\u0119 w swoje umiej\u0119tno\u015bci, nie my\u015bl\u0105c o przynale\u017cno\u015bci do jakiego\u015b gatunku. Uwa\u017cam, \u017ce por\u00f3wnywanie pracy ze wzgl\u0119du na p\u0142e\u0107 jest ograniczaj\u0105ce; nale\u017cy wykona\u0107 wi\u0119cej pracy, aby nagradza\u0107 profesjonalizm i umiej\u0119tno\u015bci poszczeg\u00f3lnych os\u00f3b&#8221;.<\/p>\n\n\n\n<p class=\"has-text-align-center\"><em><strong>Oriana Piazza<\/strong><\/em><\/p>\n\n\n\n<p class=\"has-text-align-center has-gray-color has-text-color\">Zarz\u0105dzanie administracyjne Biasuzzi spa &#8211; Dzia\u0142 Turystyki<\/p>\n\n<\/div>\n<\/div><\/div><div  class=\"grids-section grids-is-advanced\" style=\"--_gs-gap-desktop:0px 0px;--_gs-m-desktop:0 0 0 0;--_gs-p-desktop:0 0 0 0;--_gs-bg-desktop:#FFFFFF none;--_gs-bg-xp-desktop:0px;--_gs-zi-desktop:auto;--_gs-d-desktop:block;--_gs-mw-desktop:calc(100% - 0 - 0);--_gs-gap-tablet:0px 0px;--_gs-m-tablet:0 0 0 0;--_gs-p-tablet:0 0 0 0;--_gs-bg-tablet:#FFFFFF none;--_gs-bg-xp-tablet:0px;--_gs-zi-tablet:auto;--_gs-d-tablet:block;--_gs-mw-tablet:calc(100% - 0 - 0);--_gs-gap-mobile:0px 0px;--_gs-m-mobile:0 0 0 0;--_gs-p-mobile:0 0 0 0;--_gs-bg-mobile:#FFFFFF none;--_gs-bg-xp-mobile:0px;--_gs-zi-mobile:auto;--_gs-d-mobile:block;--_gs-mw-mobile:calc(100% - 0 - 0);--_gs-columns:12;--_gs-rows:6\"><div class=\"grids-s-w_i\">\n<div class=\"grids-area\" style=\"--_ga-column:2\/7;--_ga-row:1\/7;--_ga-m-desktop:0 0 0 0;--_ga-p-desktop:25px 25px 25px 25px;--_ga-bg-desktop:#f4f4f4 none;--_ga-zi-desktop:auto;--_ga-d-desktop:flex;--_ga-mw-desktop:calc(100% - 0 - 0);--_ga-m-tablet:0 0 0 0;--_ga-p-tablet:25px 25px 25px 25px;--_ga-bg-tablet:#f4f4f4 none;--_ga-zi-tablet:auto;--_ga-d-tablet:flex;--_ga-mw-tablet:calc(100% - 0 - 0);--_ga-m-mobile:0 0 0 0;--_ga-p-mobile:0px 10% 0px 10%;--_ga-bg-mobile:#f4f4f4 none;--_ga-zi-mobile:auto;--_ga-d-mobile:flex;--_ga-mw-mobile:calc(100% - 0 - 0)\">\n\n<p class=\"has-text-align-left\">&#8222;Jeste\u015bmy cz\u0119\u015bci\u0105 zespo\u0142u, z kt\u00f3rym stawiamy czo\u0142a pracy, kt\u00f3ra nieustannie stawia przed nami wiele wyzwa\u0144. Ka\u017cde wyzwanie, kt\u00f3re pokonujemy, jest \u017ar\u00f3d\u0142em satysfakcji i dumy dla nas jako kobiet i matek, a to b\u0119dzie lekcja dla naszych dzieci, \u017ce kobieta mo\u017ce robi\u0107 wielkie rzeczy&#8221;.<\/p>\n\n\n\n<p class=\"has-text-align-center\"><em><strong>Anna i Valentina<\/strong><\/em><\/p>\n\n\n\n<p class=\"has-text-align-center has-gray-color has-text-color\">Pracownicy administracyjni Biasuzzi spa &#8211; dzia\u0142 turystyki<\/p>\n\n<\/div>\n\n<div class=\"grids-area\" style=\"--_ga-column:8\/12;--_ga-row:1\/7;--_ga-m-desktop:0 0 0 0;--_ga-p-desktop:0 0 0 0;--_ga-bg-desktop:#FFFFFF none;--_ga-zi-desktop:auto;--_ga-d-desktop:flex;--_ga-mw-desktop:calc(100% - 0 - 0);--_ga-m-tablet:0 0 0 0;--_ga-p-tablet:0 0 0 0;--_ga-bg-tablet:#FFFFFF none;--_ga-zi-tablet:auto;--_ga-d-tablet:flex;--_ga-mw-tablet:calc(100% - 0 - 0);--_ga-m-mobile:0 0 0 0;--_ga-p-mobile:0 0 0 0;--_ga-bg-mobile:#FFFFFF none;--_ga-zi-mobile:auto;--_ga-d-mobile:flex;--_ga-mw-mobile:calc(100% - 0 - 0)\">\n\n<figure class=\"wp-block-image size-full\"><img style=\"background-color: #f6fbfb;\" decoding=\"async\" width=\"400\" height=\"400\" src=\"https:\/\/www.bivillage.com\/wp-content\/uploads\/2022\/06\/DISEGNI-GIORNATA-DELLE-DONNE-03-400x400.jpg-1.webp\" alt=\"\" class=\"wp-image-3690\" srcset=\"https:\/\/www.bivillage.com\/wp-content\/uploads\/2022\/06\/DISEGNI-GIORNATA-DELLE-DONNE-03-400x400.jpg-1.webp 400w, https:\/\/www.bivillage.com\/wp-content\/uploads\/2022\/06\/DISEGNI-GIORNATA-DELLE-DONNE-03-400x400.jpg-1-300x300.webp 300w, https:\/\/www.bivillage.com\/wp-content\/uploads\/2022\/06\/DISEGNI-GIORNATA-DELLE-DONNE-03-400x400.jpg-1-150x150.webp 150w\" sizes=\"(max-width: 400px) 100vw, 400px\" \/><\/figure>\n\n<\/div>\n<\/div><\/div>","protected":false},"excerpt":{"rendered":"","protected":false},"author":1,"featured_media":19359,"comment_status":"closed","ping_status":"open","sticky":false,"template":"","format":"standard","meta":{"_acf_changed":false,"advgb_blocks_editor_width":"","advgb_blocks_columns_visual_guide":"","footnotes":""},"categories":[98],"tags":[],"class_list":["post-19351","post","type-post","status-publish","format-standard","has-post-thumbnail","hentry","category-nowosci","entry"],"acf":[],"yoast_head":"<!-- This site is optimized with the Yoast SEO plugin v26.0 - https:\/\/yoast.com\/wordpress\/plugins\/seo\/ -->\n<title>Mi\u0119dzynarodowy Dzie\u0144 Kobiet - BiVillage<\/title>\n<meta name=\"robots\" content=\"index, follow, max-snippet:-1, max-image-preview:large, max-video-preview:-1\" \/>\n<link rel=\"canonical\" href=\"https:\/\/www.bivillage.com\/pl\/news\/nowosci\/miedzynarodowy-dzien-kobiet\/\" \/>\n<meta property=\"og:locale\" content=\"pl_PL\" \/>\n<meta property=\"og:type\" content=\"article\" \/>\n<meta property=\"og:title\" content=\"Mi\u0119dzynarodowy Dzie\u0144 Kobiet - BiVillage\" \/>\n<meta property=\"og:url\" content=\"https:\/\/www.bivillage.com\/pl\/news\/nowosci\/miedzynarodowy-dzien-kobiet\/\" \/>\n<meta property=\"og:site_name\" content=\"BiVillage\" \/>\n<meta property=\"article:publisher\" content=\"https:\/\/www.facebook.com\/BiVillageHolidayCenter\/\" \/>\n<meta property=\"article:published_time\" content=\"2024-01-25T09:41:35+00:00\" \/>\n<meta property=\"article:modified_time\" content=\"2024-02-20T20:51:39+00:00\" \/>\n<meta property=\"og:image\" content=\"https:\/\/www.bivillage.com\/wp-content\/uploads\/2022\/08\/banner_donna.webp\" \/>\n\t<meta property=\"og:image:width\" content=\"1920\" \/>\n\t<meta property=\"og:image:height\" content=\"550\" \/>\n\t<meta property=\"og:image:type\" content=\"image\/webp\" \/>\n<meta name=\"author\" content=\"admin\" \/>\n<meta name=\"twitter:card\" content=\"summary_large_image\" \/>\n<meta name=\"twitter:label1\" content=\"Napisane przez\" \/>\n\t<meta name=\"twitter:data1\" content=\"admin\" \/>\n\t<meta name=\"twitter:label2\" content=\"Szacowany czas czytania\" \/>\n\t<meta name=\"twitter:data2\" content=\"3 minuty\" \/>\n<script type=\"application\/ld+json\" class=\"yoast-schema-graph\">{\"@context\":\"https:\/\/schema.org\",\"@graph\":[{\"@type\":\"Article\",\"@id\":\"https:\/\/www.bivillage.com\/pl\/news\/nowosci\/miedzynarodowy-dzien-kobiet\/#article\",\"isPartOf\":{\"@id\":\"https:\/\/www.bivillage.com\/pl\/news\/nowosci\/miedzynarodowy-dzien-kobiet\/\"},\"author\":{\"name\":\"admin\",\"@id\":\"https:\/\/www.bivillage.com\/pl\/#\/schema\/person\/843a17529217e331813a8c3ca5e32d59\"},\"headline\":\"Mi\u0119dzynarodowy Dzie\u0144 Kobiet\",\"datePublished\":\"2024-01-25T09:41:35+00:00\",\"dateModified\":\"2024-02-20T20:51:39+00:00\",\"mainEntityOfPage\":{\"@id\":\"https:\/\/www.bivillage.com\/pl\/news\/nowosci\/miedzynarodowy-dzien-kobiet\/\"},\"wordCount\":623,\"publisher\":{\"@id\":\"https:\/\/www.bivillage.com\/pl\/#organization\"},\"image\":{\"@id\":\"https:\/\/www.bivillage.com\/pl\/news\/nowosci\/miedzynarodowy-dzien-kobiet\/#primaryimage\"},\"thumbnailUrl\":\"https:\/\/www.bivillage.com\/wp-content\/uploads\/2022\/08\/banner_donna.webp\",\"articleSection\":[\"Nowo\u015bci\"],\"inLanguage\":\"pl-PL\"},{\"@type\":\"WebPage\",\"@id\":\"https:\/\/www.bivillage.com\/pl\/news\/nowosci\/miedzynarodowy-dzien-kobiet\/\",\"url\":\"https:\/\/www.bivillage.com\/pl\/news\/nowosci\/miedzynarodowy-dzien-kobiet\/\",\"name\":\"Mi\u0119dzynarodowy Dzie\u0144 Kobiet - BiVillage\",\"isPartOf\":{\"@id\":\"https:\/\/www.bivillage.com\/pl\/#website\"},\"primaryImageOfPage\":{\"@id\":\"https:\/\/www.bivillage.com\/pl\/news\/nowosci\/miedzynarodowy-dzien-kobiet\/#primaryimage\"},\"image\":{\"@id\":\"https:\/\/www.bivillage.com\/pl\/news\/nowosci\/miedzynarodowy-dzien-kobiet\/#primaryimage\"},\"thumbnailUrl\":\"https:\/\/www.bivillage.com\/wp-content\/uploads\/2022\/08\/banner_donna.webp\",\"datePublished\":\"2024-01-25T09:41:35+00:00\",\"dateModified\":\"2024-02-20T20:51:39+00:00\",\"breadcrumb\":{\"@id\":\"https:\/\/www.bivillage.com\/pl\/news\/nowosci\/miedzynarodowy-dzien-kobiet\/#breadcrumb\"},\"inLanguage\":\"pl-PL\",\"potentialAction\":[{\"@type\":\"ReadAction\",\"target\":[\"https:\/\/www.bivillage.com\/pl\/news\/nowosci\/miedzynarodowy-dzien-kobiet\/\"]}]},{\"@type\":\"ImageObject\",\"inLanguage\":\"pl-PL\",\"@id\":\"https:\/\/www.bivillage.com\/pl\/news\/nowosci\/miedzynarodowy-dzien-kobiet\/#primaryimage\",\"url\":\"https:\/\/www.bivillage.com\/wp-content\/uploads\/2022\/08\/banner_donna.webp\",\"contentUrl\":\"https:\/\/www.bivillage.com\/wp-content\/uploads\/2022\/08\/banner_donna.webp\",\"width\":1920,\"height\":550},{\"@type\":\"BreadcrumbList\",\"@id\":\"https:\/\/www.bivillage.com\/pl\/news\/nowosci\/miedzynarodowy-dzien-kobiet\/#breadcrumb\",\"itemListElement\":[{\"@type\":\"ListItem\",\"position\":1,\"name\":\"Home\",\"item\":\"https:\/\/www.bivillage.com\/pl\/\"},{\"@type\":\"ListItem\",\"position\":2,\"name\":\"Nowo\u015bci\",\"item\":\"https:\/\/www.bivillage.com\/pl\/news\/category\/nowosci\/\"},{\"@type\":\"ListItem\",\"position\":3,\"name\":\"Mi\u0119dzynarodowy Dzie\u0144 Kobiet\"}]},{\"@type\":\"WebSite\",\"@id\":\"https:\/\/www.bivillage.com\/pl\/#website\",\"url\":\"https:\/\/www.bivillage.com\/pl\/\",\"name\":\"BiVillage\",\"description\":\"Fasana, ISTRIA\",\"publisher\":{\"@id\":\"https:\/\/www.bivillage.com\/pl\/#organization\"},\"potentialAction\":[{\"@type\":\"SearchAction\",\"target\":{\"@type\":\"EntryPoint\",\"urlTemplate\":\"https:\/\/www.bivillage.com\/pl\/?s={search_term_string}\"},\"query-input\":{\"@type\":\"PropertyValueSpecification\",\"valueRequired\":true,\"valueName\":\"search_term_string\"}}],\"inLanguage\":\"pl-PL\"},{\"@type\":\"Organization\",\"@id\":\"https:\/\/www.bivillage.com\/pl\/#organization\",\"name\":\"BiVillage\",\"alternateName\":\"bivillage\",\"url\":\"https:\/\/www.bivillage.com\/pl\/\",\"logo\":{\"@type\":\"ImageObject\",\"inLanguage\":\"pl-PL\",\"@id\":\"https:\/\/www.bivillage.com\/pl\/#\/schema\/logo\/image\/\",\"url\":\"https:\/\/www.bivillage.com\/wp-content\/uploads\/2022\/04\/logo-bivillage.png\",\"contentUrl\":\"https:\/\/www.bivillage.com\/wp-content\/uploads\/2022\/04\/logo-bivillage.png\",\"width\":973,\"height\":340,\"caption\":\"BiVillage\"},\"image\":{\"@id\":\"https:\/\/www.bivillage.com\/pl\/#\/schema\/logo\/image\/\"},\"sameAs\":[\"https:\/\/www.facebook.com\/BiVillageHolidayCenter\/\",\"https:\/\/www.instagram.com\/bivillage_holidayresort\/\",\"https:\/\/www.youtube.com\/channel\/UCu0whYLFWz1DQK-xiTLIuVw\",\"https:\/\/www.tiktok.com\/@bivillage\"]},{\"@type\":\"Person\",\"@id\":\"https:\/\/www.bivillage.com\/pl\/#\/schema\/person\/843a17529217e331813a8c3ca5e32d59\",\"name\":\"admin\"}]}<\/script>\n<!-- \/ Yoast SEO plugin. -->","yoast_head_json":{"title":"Mi\u0119dzynarodowy Dzie\u0144 Kobiet - BiVillage","robots":{"index":"index","follow":"follow","max-snippet":"max-snippet:-1","max-image-preview":"max-image-preview:large","max-video-preview":"max-video-preview:-1"},"canonical":"https:\/\/www.bivillage.com\/pl\/news\/nowosci\/miedzynarodowy-dzien-kobiet\/","og_locale":"pl_PL","og_type":"article","og_title":"Mi\u0119dzynarodowy Dzie\u0144 Kobiet - BiVillage","og_url":"https:\/\/www.bivillage.com\/pl\/news\/nowosci\/miedzynarodowy-dzien-kobiet\/","og_site_name":"BiVillage","article_publisher":"https:\/\/www.facebook.com\/BiVillageHolidayCenter\/","article_published_time":"2024-01-25T09:41:35+00:00","article_modified_time":"2024-02-20T20:51:39+00:00","og_image":[{"width":1920,"height":550,"url":"https:\/\/www.bivillage.com\/wp-content\/uploads\/2022\/08\/banner_donna.webp","type":"image\/webp"}],"author":"admin","twitter_card":"summary_large_image","twitter_misc":{"Napisane przez":"admin","Szacowany czas czytania":"3 minuty"},"schema":{"@context":"https:\/\/schema.org","@graph":[{"@type":"Article","@id":"https:\/\/www.bivillage.com\/pl\/news\/nowosci\/miedzynarodowy-dzien-kobiet\/#article","isPartOf":{"@id":"https:\/\/www.bivillage.com\/pl\/news\/nowosci\/miedzynarodowy-dzien-kobiet\/"},"author":{"name":"admin","@id":"https:\/\/www.bivillage.com\/pl\/#\/schema\/person\/843a17529217e331813a8c3ca5e32d59"},"headline":"Mi\u0119dzynarodowy Dzie\u0144 Kobiet","datePublished":"2024-01-25T09:41:35+00:00","dateModified":"2024-02-20T20:51:39+00:00","mainEntityOfPage":{"@id":"https:\/\/www.bivillage.com\/pl\/news\/nowosci\/miedzynarodowy-dzien-kobiet\/"},"wordCount":623,"publisher":{"@id":"https:\/\/www.bivillage.com\/pl\/#organization"},"image":{"@id":"https:\/\/www.bivillage.com\/pl\/news\/nowosci\/miedzynarodowy-dzien-kobiet\/#primaryimage"},"thumbnailUrl":"https:\/\/www.bivillage.com\/wp-content\/uploads\/2022\/08\/banner_donna.webp","articleSection":["Nowo\u015bci"],"inLanguage":"pl-PL"},{"@type":"WebPage","@id":"https:\/\/www.bivillage.com\/pl\/news\/nowosci\/miedzynarodowy-dzien-kobiet\/","url":"https:\/\/www.bivillage.com\/pl\/news\/nowosci\/miedzynarodowy-dzien-kobiet\/","name":"Mi\u0119dzynarodowy Dzie\u0144 Kobiet - BiVillage","isPartOf":{"@id":"https:\/\/www.bivillage.com\/pl\/#website"},"primaryImageOfPage":{"@id":"https:\/\/www.bivillage.com\/pl\/news\/nowosci\/miedzynarodowy-dzien-kobiet\/#primaryimage"},"image":{"@id":"https:\/\/www.bivillage.com\/pl\/news\/nowosci\/miedzynarodowy-dzien-kobiet\/#primaryimage"},"thumbnailUrl":"https:\/\/www.bivillage.com\/wp-content\/uploads\/2022\/08\/banner_donna.webp","datePublished":"2024-01-25T09:41:35+00:00","dateModified":"2024-02-20T20:51:39+00:00","breadcrumb":{"@id":"https:\/\/www.bivillage.com\/pl\/news\/nowosci\/miedzynarodowy-dzien-kobiet\/#breadcrumb"},"inLanguage":"pl-PL","potentialAction":[{"@type":"ReadAction","target":["https:\/\/www.bivillage.com\/pl\/news\/nowosci\/miedzynarodowy-dzien-kobiet\/"]}]},{"@type":"ImageObject","inLanguage":"pl-PL","@id":"https:\/\/www.bivillage.com\/pl\/news\/nowosci\/miedzynarodowy-dzien-kobiet\/#primaryimage","url":"https:\/\/www.bivillage.com\/wp-content\/uploads\/2022\/08\/banner_donna.webp","contentUrl":"https:\/\/www.bivillage.com\/wp-content\/uploads\/2022\/08\/banner_donna.webp","width":1920,"height":550},{"@type":"BreadcrumbList","@id":"https:\/\/www.bivillage.com\/pl\/news\/nowosci\/miedzynarodowy-dzien-kobiet\/#breadcrumb","itemListElement":[{"@type":"ListItem","position":1,"name":"Home","item":"https:\/\/www.bivillage.com\/pl\/"},{"@type":"ListItem","position":2,"name":"Nowo\u015bci","item":"https:\/\/www.bivillage.com\/pl\/news\/category\/nowosci\/"},{"@type":"ListItem","position":3,"name":"Mi\u0119dzynarodowy Dzie\u0144 Kobiet"}]},{"@type":"WebSite","@id":"https:\/\/www.bivillage.com\/pl\/#website","url":"https:\/\/www.bivillage.com\/pl\/","name":"BiVillage","description":"Fasana, ISTRIA","publisher":{"@id":"https:\/\/www.bivillage.com\/pl\/#organization"},"potentialAction":[{"@type":"SearchAction","target":{"@type":"EntryPoint","urlTemplate":"https:\/\/www.bivillage.com\/pl\/?s={search_term_string}"},"query-input":{"@type":"PropertyValueSpecification","valueRequired":true,"valueName":"search_term_string"}}],"inLanguage":"pl-PL"},{"@type":"Organization","@id":"https:\/\/www.bivillage.com\/pl\/#organization","name":"BiVillage","alternateName":"bivillage","url":"https:\/\/www.bivillage.com\/pl\/","logo":{"@type":"ImageObject","inLanguage":"pl-PL","@id":"https:\/\/www.bivillage.com\/pl\/#\/schema\/logo\/image\/","url":"https:\/\/www.bivillage.com\/wp-content\/uploads\/2022\/04\/logo-bivillage.png","contentUrl":"https:\/\/www.bivillage.com\/wp-content\/uploads\/2022\/04\/logo-bivillage.png","width":973,"height":340,"caption":"BiVillage"},"image":{"@id":"https:\/\/www.bivillage.com\/pl\/#\/schema\/logo\/image\/"},"sameAs":["https:\/\/www.facebook.com\/BiVillageHolidayCenter\/","https:\/\/www.instagram.com\/bivillage_holidayresort\/","https:\/\/www.youtube.com\/channel\/UCu0whYLFWz1DQK-xiTLIuVw","https:\/\/www.tiktok.com\/@bivillage"]},{"@type":"Person","@id":"https:\/\/www.bivillage.com\/pl\/#\/schema\/person\/843a17529217e331813a8c3ca5e32d59","name":"admin"}]}},"author_meta":{"display_name":"admin","author_link":"https:\/\/www.bivillage.com\/pl\/news\/author\/admin\/"},"featured_img":"https:\/\/www.bivillage.com\/wp-content\/uploads\/2022\/08\/banner_donna-300x86.webp","coauthors":[],"tax_additional":{"categories":{"linked":["<a href=\"https:\/\/www.bivillage.com\/pl\/news\/category\/nowosci\/\" class=\"advgb-post-tax-term\">Nowo\u015bci<\/a>"],"unlinked":["<span class=\"advgb-post-tax-term\">Nowo\u015bci<\/span>"]}},"comment_count":"0","relative_dates":{"created":"Posted 2 lata ago","modified":"Updated 2 lata ago"},"absolute_dates":{"created":"Posted on 25 stycznia, 2024","modified":"Updated on 20 lutego, 2024"},"absolute_dates_time":{"created":"Posted on 25 stycznia, 2024 10:41 am","modified":"Updated on 20 lutego, 2024 9:51 pm"},"featured_img_caption":"","series_order":"","_links":{"self":[{"href":"https:\/\/www.bivillage.com\/pl\/wp-json\/wp\/v2\/posts\/19351","targetHints":{"allow":["GET"]}}],"collection":[{"href":"https:\/\/www.bivillage.com\/pl\/wp-json\/wp\/v2\/posts"}],"about":[{"href":"https:\/\/www.bivillage.com\/pl\/wp-json\/wp\/v2\/types\/post"}],"author":[{"embeddable":true,"href":"https:\/\/www.bivillage.com\/pl\/wp-json\/wp\/v2\/users\/1"}],"replies":[{"embeddable":true,"href":"https:\/\/www.bivillage.com\/pl\/wp-json\/wp\/v2\/comments?post=19351"}],"version-history":[{"count":0,"href":"https:\/\/www.bivillage.com\/pl\/wp-json\/wp\/v2\/posts\/19351\/revisions"}],"wp:featuredmedia":[{"embeddable":true,"href":"https:\/\/www.bivillage.com\/pl\/wp-json\/wp\/v2\/media\/19359"}],"wp:attachment":[{"href":"https:\/\/www.bivillage.com\/pl\/wp-json\/wp\/v2\/media?parent=19351"}],"wp:term":[{"taxonomy":"category","embeddable":true,"href":"https:\/\/www.bivillage.com\/pl\/wp-json\/wp\/v2\/categories?post=19351"},{"taxonomy":"post_tag","embeddable":true,"href":"https:\/\/www.bivillage.com\/pl\/wp-json\/wp\/v2\/tags?post=19351"}],"curies":[{"name":"wp","href":"https:\/\/api.w.org\/{rel}","templated":true}]}}