{"id":3670,"date":"2022-08-01T11:58:34","date_gmt":"2022-08-01T09:58:34","guid":{"rendered":"https:\/\/www.bivillage.com\/?p=3670"},"modified":"2023-01-12T17:22:49","modified_gmt":"2023-01-12T16:22:49","slug":"giornata-internazionale-della-donna","status":"publish","type":"post","link":"https:\/\/www.bivillage.com\/it\/news\/novita\/giornata-internazionale-della-donna\/","title":{"rendered":"Giornata Internazionale della Donna"},"content":{"rendered":"<div  class=\"grids-section grids-is-advanced\" style=\"--_gs-gap-desktop:0px 0px;--_gs-m-desktop:0 0 0 0;--_gs-p-desktop:0 0 0 0;--_gs-bg-desktop:transparent none;--_gs-bg-xp-desktop:0px;--_gs-zi-desktop:auto;--_gs-d-desktop:block;--_gs-mw-desktop:calc(100% - 0 - 0);--_gs-gap-tablet:0px 0px;--_gs-m-tablet:0 0 0 0;--_gs-p-tablet:0 0 0 0;--_gs-bg-tablet:transparent none;--_gs-bg-xp-tablet:0px;--_gs-zi-tablet:auto;--_gs-d-tablet:block;--_gs-mw-tablet:calc(100% - 0 - 0);--_gs-gap-mobile:0px 0px;--_gs-m-mobile:0 0 0 0;--_gs-p-mobile:0 0 0 0;--_gs-bg-mobile:transparent none;--_gs-bg-xp-mobile:0px;--_gs-zi-mobile:auto;--_gs-d-mobile:block;--_gs-mw-mobile:calc(100% - 0 - 0);--_gs-columns:12;--_gs-rows:6\"><div class=\"grids-s-w_i\">\n<div class=\"grids-area\" style=\"--_ga-column:2\/12;--_ga-row:1\/4;--_ga-m-desktop:0 0 0 0;--_ga-p-desktop:0 0 0 0;--_ga-bg-desktop:transparent none;--_ga-zi-desktop:auto;--_ga-d-desktop:flex;--_ga-mw-desktop:calc(100% - 0 - 0);--_ga-m-tablet:0 0 0 0;--_ga-p-tablet:0 0 0 0;--_ga-bg-tablet:transparent none;--_ga-zi-tablet:auto;--_ga-d-tablet:flex;--_ga-mw-tablet:calc(100% - 0 - 0);--_ga-m-mobile:0 0 0 0;--_ga-p-mobile:0 10% 0 10%;--_ga-bg-mobile:transparent none;--_ga-zi-mobile:auto;--_ga-d-mobile:flex;--_ga-mw-mobile:calc(100% - 0 - 0)\">\n\n<p>\u201cIl mondo degli affari ha bisogno di competenze, etica e visioni. Fare bene \u00e8 mio dovere. Essere a capo dell\u2019Azienda una mia responsabilit\u00e0. Stare vicina ai miei collaboratori la mia forza.\u201d Cos\u00ec tuona la Sig.ra Gina Biasuzzi, Presidente della Biasuzzi spa \u2013 Divisione. Turismo, che porta avanti con fermezza e determinazione.<br>Queste, le parole con cui vogliamo ricordare la&nbsp;<strong>Giornata Internazionale della Donna<\/strong>, nata ufficialmente negli&nbsp;<strong>Stati Uniti<\/strong>&nbsp;il&nbsp;<strong>28 Febbraio 1909<\/strong>&nbsp;per mano del Partito Socialista americano che organizz\u00f2 in quel giorno una manifestazione a favore del diritto delle donne al voto.<\/p>\n\n\n\n<p>Ad entrare ufficialmente nei nostri calendari l\u2019<strong>8 Marzo<\/strong>, per\u00f2, fu soltanto nel&nbsp;<strong>1917<\/strong>&nbsp;quando&nbsp;<strong>le donne di San Pietroburgo scesero in piazza per dire No alla guerra<\/strong>&nbsp;chiedendone la fine e dando vita alla cosiddetta \u201crivoluzione russa di Febbraio\u201d.<\/p>\n\n\n\n<p><strong>L\u2019Italia<\/strong>&nbsp;segna invece l\u2019anno 1922 come inizio di questa ricorrenza durante la quale rivendicare diritti sociali sotto un\u2019egida di rivendicazione politica ma&nbsp;<strong>soltanto nel 1945<\/strong>,&nbsp;<strong>quando l\u2019Unione Donne<\/strong>&nbsp;in Italia formata dalle esponenti di partiti come Sinistra Cristiana, Democrazia del Lavoro e PSI,&nbsp;<strong>celebr\u00f2 la Giornata della Donne nelle zone dell\u2019Italia liberate dal fascismo<\/strong>.<\/p>\n\n\n\n<p>Oggi&nbsp;<strong>questa Giornata \u00e8 divenuta momento fondamentale in cui alzare la voce in ricordo dei diritti conquistati e dei passi che ancora ci rimangono da fare, contro la violenza e per le pari opportunit\u00e0<\/strong>.<\/p>\n\n\n\n<p>\u201cAmo il mio lavoro. Amo essere una Donna. Amo pensare che una cosa non debba pi\u00f9 escludere l\u2019altra. Amo guadagnare il mio posto nel mondo ogni giorno, con fatica e responsabilit\u00e0. Infine, amo privare di spazio chi mi dice che non ne ho diritto n\u00e9 possibilit\u00e0\u201d.<\/p>\n\n\n\n<p>A proclamare con voce gentile queste parole, invece, Ilenia Cherubin, Chief Marketing &amp; Sales della Biasuzzi Spa \u2013 Divisione Turismo, che porta avanti il suo lavoro sotto un\u2019egida di collaborazione e di condivisione di sistemi valoriali che, oggi pi\u00f9 che mai, fanno dell\u2019azienda Bi Holiday un luogo inclusivo dove costruire. Insieme.<\/p>\n\n<\/div>\n<\/div><\/div>\n\n<div  class=\"grids-section grids-is-advanced alignwide\" style=\"--_gs-gap-desktop:0px 0px;--_gs-m-desktop:0 0 0 0;--_gs-p-desktop:0 0 0 0;--_gs-bg-desktop:transparent none;--_gs-bg-xp-desktop:0px;--_gs-zi-desktop:auto;--_gs-d-desktop:block;--_gs-mw-desktop:calc(100% - 0 - 0);--_gs-gap-tablet:0px 0px;--_gs-m-tablet:0 0 0 0;--_gs-p-tablet:0 0 0 0;--_gs-bg-tablet:transparent none;--_gs-bg-xp-tablet:0px;--_gs-zi-tablet:auto;--_gs-d-tablet:block;--_gs-mw-tablet:calc(100% - 0 - 0);--_gs-gap-mobile:0px 0px;--_gs-m-mobile:0 0 0 0;--_gs-p-mobile:0 0 0 0;--_gs-bg-mobile:transparent none;--_gs-bg-xp-mobile:0px;--_gs-zi-mobile:auto;--_gs-d-mobile:block;--_gs-mw-mobile:calc(100% - 0 - 0);--_gs-columns:12;--_gs-rows:6\"><div class=\"grids-s-w_i\">\n<div class=\"grids-area\" style=\"--_ga-column:2\/6;--_ga-row:1\/7;--_ga-m-desktop:0 0 0 0;--_ga-p-desktop:0 0 0 0;--_ga-bg-desktop:transparent none;--_ga-zi-desktop:auto;--_ga-d-desktop:flex;--_ga-mw-desktop:calc(100% - 0 - 0);--_ga-m-tablet:0 0 0 0;--_ga-p-tablet:0 0 0 0;--_ga-bg-tablet:transparent none;--_ga-zi-tablet:auto;--_ga-d-tablet:flex;--_ga-mw-tablet:calc(100% - 0 - 0);--_ga-m-mobile:0 0 0 0;--_ga-p-mobile:0 0 0 0;--_ga-bg-mobile:transparent none;--_ga-zi-mobile:auto;--_ga-d-mobile:flex;--_ga-mw-mobile:calc(100% - 0 - 0)\">\n\n<figure class=\"wp-block-image size-full\"><img style=\"background-color: #fcf6f9;\" decoding=\"async\" width=\"400\" height=\"400\" src=\"https:\/\/www.bivillage.com\/wp-content\/uploads\/2022\/06\/DISEGNI-GIORNATA-DELLE-DONNE-02-400x400.jpg.webp\" alt=\"\" class=\"wp-image-3671\" srcset=\"https:\/\/www.bivillage.com\/wp-content\/uploads\/2022\/06\/DISEGNI-GIORNATA-DELLE-DONNE-02-400x400.jpg.webp 400w, https:\/\/www.bivillage.com\/wp-content\/uploads\/2022\/06\/DISEGNI-GIORNATA-DELLE-DONNE-02-400x400.jpg-300x300.webp 300w, https:\/\/www.bivillage.com\/wp-content\/uploads\/2022\/06\/DISEGNI-GIORNATA-DELLE-DONNE-02-400x400.jpg-150x150.webp 150w\" sizes=\"(max-width: 400px) 100vw, 400px\" \/><\/figure>\n\n<\/div>\n\n<div class=\"grids-area\" style=\"--_ga-column:7\/12;--_ga-row:1\/7;--_ga-m-desktop:0 0 0 0;--_ga-p-desktop:25px 25px 25px 25px;--_ga-bg-desktop:#b9e6eb none;--_ga-zi-desktop:auto;--_ga-d-desktop:flex;--_ga-mw-desktop:calc(100% - 0 - 0);--_ga-m-tablet:0 0 0 0;--_ga-p-tablet:25px 25px 25px 25px;--_ga-bg-tablet:#b9e6eb none;--_ga-zi-tablet:auto;--_ga-d-tablet:flex;--_ga-mw-tablet:calc(100% - 0 - 0);--_ga-m-mobile:0 0 0 0;--_ga-p-mobile:0px 10% 0px 10%;--_ga-bg-mobile:#b9e6eb none;--_ga-zi-mobile:auto;--_ga-d-mobile:flex;--_ga-mw-mobile:calc(100% - 0 - 0)\">\n\n<p>\u201cIl mondo degli affari ha bisogno di competenze, etica e visioni.<\/p>\n\n\n\n<p class=\"has-text-align-left\">In questo sono chiamata a partecipare, non ne faccio una questione di genere.<\/p>\n\n\n\n<p class=\"has-text-align-left\">Fare bene \u00e8 mio dovere.&nbsp;<\/p>\n\n\n\n<p class=\"has-text-align-left\">Essere a capo dell\u2019Azienda una mia responsabilit\u00e0.<\/p>\n\n\n\n<p class=\"has-text-align-left\">Stare vicina ai mie collaboratori la mia forza.\u201d<\/p>\n\n\n\n<p class=\"has-text-align-center\"><em><strong>Gina Biasuzzi<\/strong><\/em><\/p>\n\n\n\n<p class=\"has-text-align-center has-gray-color has-text-color\">Presidente Biasuzzi spa \u2013 Divisione Turismo<\/p>\n\n<\/div>\n<\/div><\/div>\n\n<div  class=\"grids-section grids-is-advanced alignwide\" style=\"--_gs-gap-desktop:0px 0px;--_gs-m-desktop:0 0 0 0;--_gs-p-desktop:0 0 0 0;--_gs-bg-desktop:#FFFFFF none;--_gs-bg-xp-desktop:0px;--_gs-zi-desktop:auto;--_gs-d-desktop:block;--_gs-mw-desktop:calc(100% - 0 - 0);--_gs-gap-tablet:0px 0px;--_gs-m-tablet:0 0 0 0;--_gs-p-tablet:0 0 0 0;--_gs-bg-tablet:#FFFFFF none;--_gs-bg-xp-tablet:0px;--_gs-zi-tablet:auto;--_gs-d-tablet:block;--_gs-mw-tablet:calc(100% - 0 - 0);--_gs-gap-mobile:0px 0px;--_gs-m-mobile:0 0 0 0;--_gs-p-mobile:0 0 0 0;--_gs-bg-mobile:#FFFFFF none;--_gs-bg-xp-mobile:0px;--_gs-zi-mobile:auto;--_gs-d-mobile:block;--_gs-mw-mobile:calc(100% - 0 - 0);--_gs-columns:12;--_gs-rows:6\"><div class=\"grids-s-w_i\">\n<div class=\"grids-area\" style=\"--_ga-column:2\/7;--_ga-row:1\/7;--_ga-m-desktop:0 0 0 0;--_ga-p-desktop:25px 25px 25px 25px;--_ga-bg-desktop:#f4f4f4 none;--_ga-zi-desktop:auto;--_ga-d-desktop:flex;--_ga-mw-desktop:calc(100% - 0 - 0);--_ga-m-tablet:0 0 0 0;--_ga-p-tablet:25px 25px 25px 25px;--_ga-bg-tablet:#f4f4f4 none;--_ga-zi-tablet:auto;--_ga-d-tablet:flex;--_ga-mw-tablet:calc(100% - 0 - 0);--_ga-m-mobile:0 0 0 0;--_ga-p-mobile:0px 10% 0px 10%;--_ga-bg-mobile:#f4f4f4 none;--_ga-zi-mobile:auto;--_ga-d-mobile:flex;--_ga-mw-mobile:calc(100% - 0 - 0)\">\n\n<p class=\"has-text-align-left\">\u201cAmo il mio lavoro.&nbsp;<\/p>\n\n\n\n<p class=\"has-text-align-left\">Amo essere una Donna.&nbsp;<\/p>\n\n\n\n<p class=\"has-text-align-left\">Amo pensare che una cosa non debba pi\u00f9&nbsp;escludere l\u2019altra.&nbsp;<\/p>\n\n\n\n<p class=\"has-text-align-left\">Amo guadagnare il mio posto nel mondo ogni giorno, con fatica e&nbsp;responsabilit\u00e0.&nbsp;<\/p>\n\n\n\n<p class=\"has-text-align-left\">Infine, amo privare di spazio chi mi dice che non ne ho diritto n\u00e9&nbsp;possibilit\u00e0\u201d.<\/p>\n\n\n\n<p class=\"has-text-align-center\"><em><strong>Ilenia Cherubin<\/strong><\/em><\/p>\n\n\n\n<p class=\"has-text-align-center has-gray-color has-text-color\">Chief Marketing &amp; Sales Biasuzzi spa \u2013 Divisione Turismo<\/p>\n\n<\/div>\n\n<div class=\"grids-area\" style=\"--_ga-column:8\/12;--_ga-row:1\/7;--_ga-m-desktop:0 0 0 0;--_ga-p-desktop:0 0 0 0;--_ga-bg-desktop:#FFFFFF none;--_ga-zi-desktop:auto;--_ga-d-desktop:flex;--_ga-mw-desktop:calc(100% - 0 - 0);--_ga-m-tablet:0 0 0 0;--_ga-p-tablet:0 0 0 0;--_ga-bg-tablet:#FFFFFF none;--_ga-zi-tablet:auto;--_ga-d-tablet:flex;--_ga-mw-tablet:calc(100% - 0 - 0);--_ga-m-mobile:0 0 0 0;--_ga-p-mobile:0 0 0 0;--_ga-bg-mobile:#FFFFFF none;--_ga-zi-mobile:auto;--_ga-d-mobile:flex;--_ga-mw-mobile:calc(100% - 0 - 0)\">\n\n<figure class=\"wp-block-image size-full\"><img style=\"background-color: #f7fbfc;\" decoding=\"async\" width=\"400\" height=\"400\" src=\"https:\/\/www.bivillage.com\/wp-content\/uploads\/2022\/06\/DISEGNI-GIORNATA-DELLE-DONNE-01-400x400.jpg.webp\" alt=\"\" class=\"wp-image-3707\" srcset=\"https:\/\/www.bivillage.com\/wp-content\/uploads\/2022\/06\/DISEGNI-GIORNATA-DELLE-DONNE-01-400x400.jpg.webp 400w, https:\/\/www.bivillage.com\/wp-content\/uploads\/2022\/06\/DISEGNI-GIORNATA-DELLE-DONNE-01-400x400.jpg-300x300.webp 300w, https:\/\/www.bivillage.com\/wp-content\/uploads\/2022\/06\/DISEGNI-GIORNATA-DELLE-DONNE-01-400x400.jpg-150x150.webp 150w\" sizes=\"(max-width: 400px) 100vw, 400px\" \/><\/figure>\n\n<\/div>\n<\/div><\/div>\n\n<div  class=\"grids-section grids-is-advanced alignwide\" style=\"--_gs-gap-desktop:0px 0px;--_gs-m-desktop:0 0 0 0;--_gs-p-desktop:0 0 0 0;--_gs-bg-desktop:transparent none;--_gs-bg-xp-desktop:0px;--_gs-zi-desktop:auto;--_gs-d-desktop:block;--_gs-mw-desktop:calc(100% - 0 - 0);--_gs-gap-tablet:0px 0px;--_gs-m-tablet:0 0 0 0;--_gs-p-tablet:0 0 0 0;--_gs-bg-tablet:transparent none;--_gs-bg-xp-tablet:0px;--_gs-zi-tablet:auto;--_gs-d-tablet:block;--_gs-mw-tablet:calc(100% - 0 - 0);--_gs-gap-mobile:0px 0px;--_gs-m-mobile:0 0 0 0;--_gs-p-mobile:0 0 0 0;--_gs-bg-mobile:transparent none;--_gs-bg-xp-mobile:0px;--_gs-zi-mobile:auto;--_gs-d-mobile:block;--_gs-mw-mobile:calc(100% - 0 - 0);--_gs-columns:12;--_gs-rows:6\"><div class=\"grids-s-w_i\">\n<div class=\"grids-area\" style=\"--_ga-column:2\/6;--_ga-row:1\/7;--_ga-m-desktop:0 0 0 0;--_ga-p-desktop:0 0 0 0;--_ga-bg-desktop:transparent none;--_ga-zi-desktop:auto;--_ga-d-desktop:flex;--_ga-mw-desktop:calc(100% - 0 - 0);--_ga-m-tablet:0 0 0 0;--_ga-p-tablet:0 0 0 0;--_ga-bg-tablet:transparent none;--_ga-zi-tablet:auto;--_ga-d-tablet:flex;--_ga-mw-tablet:calc(100% - 0 - 0);--_ga-m-mobile:0 0 0 0;--_ga-p-mobile:0 0 0 0;--_ga-bg-mobile:transparent none;--_ga-zi-mobile:auto;--_ga-d-mobile:flex;--_ga-mw-mobile:calc(100% - 0 - 0)\">\n\n<figure class=\"wp-block-image size-full\"><img style=\"background-color: #fcf7f9;\" decoding=\"async\" width=\"400\" height=\"400\" src=\"https:\/\/www.bivillage.com\/wp-content\/uploads\/2022\/06\/DISEGNI-GIORNATA-DELLE-DONNE-04-400x400.jpg.webp\" alt=\"\" class=\"wp-image-3712\" srcset=\"https:\/\/www.bivillage.com\/wp-content\/uploads\/2022\/06\/DISEGNI-GIORNATA-DELLE-DONNE-04-400x400.jpg.webp 400w, https:\/\/www.bivillage.com\/wp-content\/uploads\/2022\/06\/DISEGNI-GIORNATA-DELLE-DONNE-04-400x400.jpg-300x300.webp 300w, https:\/\/www.bivillage.com\/wp-content\/uploads\/2022\/06\/DISEGNI-GIORNATA-DELLE-DONNE-04-400x400.jpg-150x150.webp 150w\" sizes=\"(max-width: 400px) 100vw, 400px\" \/><\/figure>\n\n<\/div>\n\n<div class=\"grids-area\" style=\"--_ga-column:7\/12;--_ga-row:1\/7;--_ga-m-desktop:0 0 0 0;--_ga-p-desktop:25px 25px 25px 25px;--_ga-bg-desktop:#b9e6eb none;--_ga-zi-desktop:auto;--_ga-d-desktop:flex;--_ga-mw-desktop:calc(100% - 0 - 0);--_ga-m-tablet:0 0 0 0;--_ga-p-tablet:25px 25px 25px 25px;--_ga-bg-tablet:#b9e6eb none;--_ga-zi-tablet:auto;--_ga-d-tablet:flex;--_ga-mw-tablet:calc(100% - 0 - 0);--_ga-m-mobile:0 0 0 0;--_ga-p-mobile:0px 10% 0px 10%;--_ga-bg-mobile:#b9e6eb none;--_ga-zi-mobile:auto;--_ga-d-mobile:flex;--_ga-mw-mobile:calc(100% - 0 - 0)\">\n\n<p class=\"has-text-align-left\">\u201cSono una donna, che festeggia il suo compleanno proprio nella Giornata delle Donne. E&nbsp;pensare che sono nata prematura: chiss\u00e0 fosse un destino !!!<\/p>\n\n\n\n<p class=\"has-text-align-left\">Questo mi ha dato sempre l\u2019energia e l\u2019entusiasmo di affrontare ogni difficolt\u00e0, data dal&nbsp;fatto di essere donna. Credo nelle mie capacit\u00e0 senza pensare di appartenere ad un&nbsp;genere. Ritengo che paragonare il lavoro sulla base del proprio genere sia limitante; si&nbsp;deve lavorare ancora affinch\u00e9 siano la professionalit\u00e0 e le capacit\u00e0 dei singoli ad essere&nbsp;premiati\u201d<\/p>\n\n\n\n<p class=\"has-text-align-center\"><em><strong>Oriana Piazza<\/strong><\/em><\/p>\n\n\n\n<p class=\"has-text-align-center has-gray-color has-text-color\">Direzione Amministrativa Biasuzzi spa \u2013 Divisione Turismo<\/p>\n\n<\/div>\n<\/div><\/div>\n\n<div  class=\"grids-section grids-is-advanced\" style=\"--_gs-gap-desktop:0px 0px;--_gs-m-desktop:0 0 0 0;--_gs-p-desktop:0 0 0 0;--_gs-bg-desktop:#FFFFFF none;--_gs-bg-xp-desktop:0px;--_gs-zi-desktop:auto;--_gs-d-desktop:block;--_gs-mw-desktop:calc(100% - 0 - 0);--_gs-gap-tablet:0px 0px;--_gs-m-tablet:0 0 0 0;--_gs-p-tablet:0 0 0 0;--_gs-bg-tablet:#FFFFFF none;--_gs-bg-xp-tablet:0px;--_gs-zi-tablet:auto;--_gs-d-tablet:block;--_gs-mw-tablet:calc(100% - 0 - 0);--_gs-gap-mobile:0px 0px;--_gs-m-mobile:0 0 0 0;--_gs-p-mobile:0 0 0 0;--_gs-bg-mobile:#FFFFFF none;--_gs-bg-xp-mobile:0px;--_gs-zi-mobile:auto;--_gs-d-mobile:block;--_gs-mw-mobile:calc(100% - 0 - 0);--_gs-columns:12;--_gs-rows:6\"><div class=\"grids-s-w_i\">\n<div class=\"grids-area\" style=\"--_ga-column:2\/7;--_ga-row:1\/7;--_ga-m-desktop:0 0 0 0;--_ga-p-desktop:25px 25px 25px 25px;--_ga-bg-desktop:#f4f4f4 none;--_ga-zi-desktop:auto;--_ga-d-desktop:flex;--_ga-mw-desktop:calc(100% - 0 - 0);--_ga-m-tablet:0 0 0 0;--_ga-p-tablet:25px 25px 25px 25px;--_ga-bg-tablet:#f4f4f4 none;--_ga-zi-tablet:auto;--_ga-d-tablet:flex;--_ga-mw-tablet:calc(100% - 0 - 0);--_ga-m-mobile:0 0 0 0;--_ga-p-mobile:0px 10% 0px 10%;--_ga-bg-mobile:#f4f4f4 none;--_ga-zi-mobile:auto;--_ga-d-mobile:flex;--_ga-mw-mobile:calc(100% - 0 - 0)\">\n\n<p class=\"has-text-align-left\">\u201c Siamo parte di un team con il quale affrontiamo un lavoro che ci pone costantemente di&nbsp;fronte a tante sfide. Ogni sfida vinta \u00e8 per noi ragione di soddisfazione ed orgoglio come&nbsp;donne e come mamme e questo sar\u00e0 di insegnamento per i nostri figli sul fatto che una&nbsp;donna pu\u00f2 essere tante, tantissime cose\u201d<\/p>\n\n\n\n<p class=\"has-text-align-center\"><em><strong>Anna e Valentina<\/strong><\/em><\/p>\n\n\n\n<p class=\"has-text-align-center has-gray-color has-text-color\">Impiegate Amministrative Biasuzzi spa \u2013 Divisione Turismo<\/p>\n\n<\/div>\n\n<div class=\"grids-area\" style=\"--_ga-column:8\/12;--_ga-row:1\/7;--_ga-m-desktop:0 0 0 0;--_ga-p-desktop:0 0 0 0;--_ga-bg-desktop:#FFFFFF none;--_ga-zi-desktop:auto;--_ga-d-desktop:flex;--_ga-mw-desktop:calc(100% - 0 - 0);--_ga-m-tablet:0 0 0 0;--_ga-p-tablet:0 0 0 0;--_ga-bg-tablet:#FFFFFF none;--_ga-zi-tablet:auto;--_ga-d-tablet:flex;--_ga-mw-tablet:calc(100% - 0 - 0);--_ga-m-mobile:0 0 0 0;--_ga-p-mobile:0 0 0 0;--_ga-bg-mobile:#FFFFFF none;--_ga-zi-mobile:auto;--_ga-d-mobile:flex;--_ga-mw-mobile:calc(100% - 0 - 0)\">\n\n<figure class=\"wp-block-image size-full\"><img style=\"background-color: #f6fbfb;\" decoding=\"async\" width=\"400\" height=\"400\" src=\"https:\/\/www.bivillage.com\/wp-content\/uploads\/2022\/06\/DISEGNI-GIORNATA-DELLE-DONNE-03-400x400.jpg-1.webp\" alt=\"\" class=\"wp-image-3690\" srcset=\"https:\/\/www.bivillage.com\/wp-content\/uploads\/2022\/06\/DISEGNI-GIORNATA-DELLE-DONNE-03-400x400.jpg-1.webp 400w, https:\/\/www.bivillage.com\/wp-content\/uploads\/2022\/06\/DISEGNI-GIORNATA-DELLE-DONNE-03-400x400.jpg-1-300x300.webp 300w, https:\/\/www.bivillage.com\/wp-content\/uploads\/2022\/06\/DISEGNI-GIORNATA-DELLE-DONNE-03-400x400.jpg-1-150x150.webp 150w\" sizes=\"(max-width: 400px) 100vw, 400px\" \/><\/figure>\n\n<\/div>\n<\/div><\/div>","protected":false},"excerpt":{"rendered":"","protected":false},"author":1,"featured_media":7942,"comment_status":"closed","ping_status":"open","sticky":false,"template":"","format":"standard","meta":{"_acf_changed":false,"advgb_blocks_editor_width":"","advgb_blocks_columns_visual_guide":"","footnotes":""},"categories":[1],"tags":[],"class_list":["post-3670","post","type-post","status-publish","format-standard","has-post-thumbnail","hentry","category-novita","entry"],"acf":[],"yoast_head":"<!-- This site is optimized with the Yoast SEO plugin v26.0 - https:\/\/yoast.com\/wordpress\/plugins\/seo\/ -->\n<title>Giornata Internazionale della Donna - BiVillage<\/title>\n<meta name=\"robots\" content=\"index, follow, max-snippet:-1, max-image-preview:large, max-video-preview:-1\" \/>\n<link rel=\"canonical\" href=\"https:\/\/www.bivillage.com\/it\/news\/novita\/giornata-internazionale-della-donna\/\" \/>\n<meta property=\"og:locale\" content=\"it_IT\" \/>\n<meta property=\"og:type\" content=\"article\" \/>\n<meta property=\"og:title\" content=\"Giornata Internazionale della Donna - BiVillage\" \/>\n<meta property=\"og:url\" content=\"https:\/\/www.bivillage.com\/it\/news\/novita\/giornata-internazionale-della-donna\/\" \/>\n<meta property=\"og:site_name\" content=\"BiVillage\" \/>\n<meta property=\"article:publisher\" content=\"https:\/\/www.facebook.com\/BiVillageHolidayCenter\/\" \/>\n<meta property=\"article:published_time\" content=\"2022-08-01T09:58:34+00:00\" \/>\n<meta property=\"article:modified_time\" content=\"2023-01-12T16:22:49+00:00\" \/>\n<meta property=\"og:image\" content=\"https:\/\/www.bivillage.com\/wp-content\/uploads\/2022\/08\/banner_donna.webp\" \/>\n\t<meta property=\"og:image:width\" content=\"1920\" \/>\n\t<meta property=\"og:image:height\" content=\"550\" \/>\n\t<meta property=\"og:image:type\" content=\"image\/webp\" \/>\n<meta name=\"author\" content=\"admin\" \/>\n<meta name=\"twitter:card\" content=\"summary_large_image\" \/>\n<meta name=\"twitter:label1\" content=\"Scritto da\" \/>\n\t<meta name=\"twitter:data1\" content=\"admin\" \/>\n\t<meta name=\"twitter:label2\" content=\"Tempo di lettura stimato\" \/>\n\t<meta name=\"twitter:data2\" content=\"4 minuti\" \/>\n<script type=\"application\/ld+json\" class=\"yoast-schema-graph\">{\"@context\":\"https:\/\/schema.org\",\"@graph\":[{\"@type\":\"Article\",\"@id\":\"https:\/\/www.bivillage.com\/it\/news\/novita\/giornata-internazionale-della-donna\/#article\",\"isPartOf\":{\"@id\":\"https:\/\/www.bivillage.com\/it\/news\/novita\/giornata-internazionale-della-donna\/\"},\"author\":{\"name\":\"admin\",\"@id\":\"https:\/\/www.bivillage.com\/it\/#\/schema\/person\/843a17529217e331813a8c3ca5e32d59\"},\"headline\":\"Giornata Internazionale della Donna\",\"datePublished\":\"2022-08-01T09:58:34+00:00\",\"dateModified\":\"2023-01-12T16:22:49+00:00\",\"mainEntityOfPage\":{\"@id\":\"https:\/\/www.bivillage.com\/it\/news\/novita\/giornata-internazionale-della-donna\/\"},\"wordCount\":614,\"publisher\":{\"@id\":\"https:\/\/www.bivillage.com\/it\/#organization\"},\"image\":{\"@id\":\"https:\/\/www.bivillage.com\/it\/news\/novita\/giornata-internazionale-della-donna\/#primaryimage\"},\"thumbnailUrl\":\"https:\/\/www.bivillage.com\/wp-content\/uploads\/2022\/08\/banner_donna.webp\",\"articleSection\":[\"Novit\u00e0\"],\"inLanguage\":\"it-IT\"},{\"@type\":\"WebPage\",\"@id\":\"https:\/\/www.bivillage.com\/it\/news\/novita\/giornata-internazionale-della-donna\/\",\"url\":\"https:\/\/www.bivillage.com\/it\/news\/novita\/giornata-internazionale-della-donna\/\",\"name\":\"Giornata Internazionale della Donna - BiVillage\",\"isPartOf\":{\"@id\":\"https:\/\/www.bivillage.com\/it\/#website\"},\"primaryImageOfPage\":{\"@id\":\"https:\/\/www.bivillage.com\/it\/news\/novita\/giornata-internazionale-della-donna\/#primaryimage\"},\"image\":{\"@id\":\"https:\/\/www.bivillage.com\/it\/news\/novita\/giornata-internazionale-della-donna\/#primaryimage\"},\"thumbnailUrl\":\"https:\/\/www.bivillage.com\/wp-content\/uploads\/2022\/08\/banner_donna.webp\",\"datePublished\":\"2022-08-01T09:58:34+00:00\",\"dateModified\":\"2023-01-12T16:22:49+00:00\",\"breadcrumb\":{\"@id\":\"https:\/\/www.bivillage.com\/it\/news\/novita\/giornata-internazionale-della-donna\/#breadcrumb\"},\"inLanguage\":\"it-IT\",\"potentialAction\":[{\"@type\":\"ReadAction\",\"target\":[\"https:\/\/www.bivillage.com\/it\/news\/novita\/giornata-internazionale-della-donna\/\"]}]},{\"@type\":\"ImageObject\",\"inLanguage\":\"it-IT\",\"@id\":\"https:\/\/www.bivillage.com\/it\/news\/novita\/giornata-internazionale-della-donna\/#primaryimage\",\"url\":\"https:\/\/www.bivillage.com\/wp-content\/uploads\/2022\/08\/banner_donna.webp\",\"contentUrl\":\"https:\/\/www.bivillage.com\/wp-content\/uploads\/2022\/08\/banner_donna.webp\",\"width\":1920,\"height\":550},{\"@type\":\"BreadcrumbList\",\"@id\":\"https:\/\/www.bivillage.com\/it\/news\/novita\/giornata-internazionale-della-donna\/#breadcrumb\",\"itemListElement\":[{\"@type\":\"ListItem\",\"position\":1,\"name\":\"Home\",\"item\":\"https:\/\/www.bivillage.com\/it\/\"},{\"@type\":\"ListItem\",\"position\":2,\"name\":\"Novit\u00e0\",\"item\":\"https:\/\/www.bivillage.com\/it\/news\/category\/novita\/\"},{\"@type\":\"ListItem\",\"position\":3,\"name\":\"Giornata Internazionale della Donna\"}]},{\"@type\":\"WebSite\",\"@id\":\"https:\/\/www.bivillage.com\/it\/#website\",\"url\":\"https:\/\/www.bivillage.com\/it\/\",\"name\":\"BiVillage\",\"description\":\"Fasana, ISTRIA\",\"publisher\":{\"@id\":\"https:\/\/www.bivillage.com\/it\/#organization\"},\"potentialAction\":[{\"@type\":\"SearchAction\",\"target\":{\"@type\":\"EntryPoint\",\"urlTemplate\":\"https:\/\/www.bivillage.com\/it\/?s={search_term_string}\"},\"query-input\":{\"@type\":\"PropertyValueSpecification\",\"valueRequired\":true,\"valueName\":\"search_term_string\"}}],\"inLanguage\":\"it-IT\"},{\"@type\":\"Organization\",\"@id\":\"https:\/\/www.bivillage.com\/it\/#organization\",\"name\":\"BiVillage\",\"alternateName\":\"bivillage\",\"url\":\"https:\/\/www.bivillage.com\/it\/\",\"logo\":{\"@type\":\"ImageObject\",\"inLanguage\":\"it-IT\",\"@id\":\"https:\/\/www.bivillage.com\/it\/#\/schema\/logo\/image\/\",\"url\":\"https:\/\/www.bivillage.com\/wp-content\/uploads\/2022\/04\/logo-bivillage.png\",\"contentUrl\":\"https:\/\/www.bivillage.com\/wp-content\/uploads\/2022\/04\/logo-bivillage.png\",\"width\":973,\"height\":340,\"caption\":\"BiVillage\"},\"image\":{\"@id\":\"https:\/\/www.bivillage.com\/it\/#\/schema\/logo\/image\/\"},\"sameAs\":[\"https:\/\/www.facebook.com\/BiVillageHolidayCenter\/\",\"https:\/\/www.instagram.com\/bivillage_holidayresort\/\",\"https:\/\/www.youtube.com\/channel\/UCu0whYLFWz1DQK-xiTLIuVw\",\"https:\/\/www.tiktok.com\/@bivillage\"]},{\"@type\":\"Person\",\"@id\":\"https:\/\/www.bivillage.com\/it\/#\/schema\/person\/843a17529217e331813a8c3ca5e32d59\",\"name\":\"admin\"}]}<\/script>\n<!-- \/ Yoast SEO plugin. -->","yoast_head_json":{"title":"Giornata Internazionale della Donna - BiVillage","robots":{"index":"index","follow":"follow","max-snippet":"max-snippet:-1","max-image-preview":"max-image-preview:large","max-video-preview":"max-video-preview:-1"},"canonical":"https:\/\/www.bivillage.com\/it\/news\/novita\/giornata-internazionale-della-donna\/","og_locale":"it_IT","og_type":"article","og_title":"Giornata Internazionale della Donna - BiVillage","og_url":"https:\/\/www.bivillage.com\/it\/news\/novita\/giornata-internazionale-della-donna\/","og_site_name":"BiVillage","article_publisher":"https:\/\/www.facebook.com\/BiVillageHolidayCenter\/","article_published_time":"2022-08-01T09:58:34+00:00","article_modified_time":"2023-01-12T16:22:49+00:00","og_image":[{"width":1920,"height":550,"url":"https:\/\/www.bivillage.com\/wp-content\/uploads\/2022\/08\/banner_donna.webp","type":"image\/webp"}],"author":"admin","twitter_card":"summary_large_image","twitter_misc":{"Scritto da":"admin","Tempo di lettura stimato":"4 minuti"},"schema":{"@context":"https:\/\/schema.org","@graph":[{"@type":"Article","@id":"https:\/\/www.bivillage.com\/it\/news\/novita\/giornata-internazionale-della-donna\/#article","isPartOf":{"@id":"https:\/\/www.bivillage.com\/it\/news\/novita\/giornata-internazionale-della-donna\/"},"author":{"name":"admin","@id":"https:\/\/www.bivillage.com\/it\/#\/schema\/person\/843a17529217e331813a8c3ca5e32d59"},"headline":"Giornata Internazionale della Donna","datePublished":"2022-08-01T09:58:34+00:00","dateModified":"2023-01-12T16:22:49+00:00","mainEntityOfPage":{"@id":"https:\/\/www.bivillage.com\/it\/news\/novita\/giornata-internazionale-della-donna\/"},"wordCount":614,"publisher":{"@id":"https:\/\/www.bivillage.com\/it\/#organization"},"image":{"@id":"https:\/\/www.bivillage.com\/it\/news\/novita\/giornata-internazionale-della-donna\/#primaryimage"},"thumbnailUrl":"https:\/\/www.bivillage.com\/wp-content\/uploads\/2022\/08\/banner_donna.webp","articleSection":["Novit\u00e0"],"inLanguage":"it-IT"},{"@type":"WebPage","@id":"https:\/\/www.bivillage.com\/it\/news\/novita\/giornata-internazionale-della-donna\/","url":"https:\/\/www.bivillage.com\/it\/news\/novita\/giornata-internazionale-della-donna\/","name":"Giornata Internazionale della Donna - BiVillage","isPartOf":{"@id":"https:\/\/www.bivillage.com\/it\/#website"},"primaryImageOfPage":{"@id":"https:\/\/www.bivillage.com\/it\/news\/novita\/giornata-internazionale-della-donna\/#primaryimage"},"image":{"@id":"https:\/\/www.bivillage.com\/it\/news\/novita\/giornata-internazionale-della-donna\/#primaryimage"},"thumbnailUrl":"https:\/\/www.bivillage.com\/wp-content\/uploads\/2022\/08\/banner_donna.webp","datePublished":"2022-08-01T09:58:34+00:00","dateModified":"2023-01-12T16:22:49+00:00","breadcrumb":{"@id":"https:\/\/www.bivillage.com\/it\/news\/novita\/giornata-internazionale-della-donna\/#breadcrumb"},"inLanguage":"it-IT","potentialAction":[{"@type":"ReadAction","target":["https:\/\/www.bivillage.com\/it\/news\/novita\/giornata-internazionale-della-donna\/"]}]},{"@type":"ImageObject","inLanguage":"it-IT","@id":"https:\/\/www.bivillage.com\/it\/news\/novita\/giornata-internazionale-della-donna\/#primaryimage","url":"https:\/\/www.bivillage.com\/wp-content\/uploads\/2022\/08\/banner_donna.webp","contentUrl":"https:\/\/www.bivillage.com\/wp-content\/uploads\/2022\/08\/banner_donna.webp","width":1920,"height":550},{"@type":"BreadcrumbList","@id":"https:\/\/www.bivillage.com\/it\/news\/novita\/giornata-internazionale-della-donna\/#breadcrumb","itemListElement":[{"@type":"ListItem","position":1,"name":"Home","item":"https:\/\/www.bivillage.com\/it\/"},{"@type":"ListItem","position":2,"name":"Novit\u00e0","item":"https:\/\/www.bivillage.com\/it\/news\/category\/novita\/"},{"@type":"ListItem","position":3,"name":"Giornata Internazionale della Donna"}]},{"@type":"WebSite","@id":"https:\/\/www.bivillage.com\/it\/#website","url":"https:\/\/www.bivillage.com\/it\/","name":"BiVillage","description":"Fasana, ISTRIA","publisher":{"@id":"https:\/\/www.bivillage.com\/it\/#organization"},"potentialAction":[{"@type":"SearchAction","target":{"@type":"EntryPoint","urlTemplate":"https:\/\/www.bivillage.com\/it\/?s={search_term_string}"},"query-input":{"@type":"PropertyValueSpecification","valueRequired":true,"valueName":"search_term_string"}}],"inLanguage":"it-IT"},{"@type":"Organization","@id":"https:\/\/www.bivillage.com\/it\/#organization","name":"BiVillage","alternateName":"bivillage","url":"https:\/\/www.bivillage.com\/it\/","logo":{"@type":"ImageObject","inLanguage":"it-IT","@id":"https:\/\/www.bivillage.com\/it\/#\/schema\/logo\/image\/","url":"https:\/\/www.bivillage.com\/wp-content\/uploads\/2022\/04\/logo-bivillage.png","contentUrl":"https:\/\/www.bivillage.com\/wp-content\/uploads\/2022\/04\/logo-bivillage.png","width":973,"height":340,"caption":"BiVillage"},"image":{"@id":"https:\/\/www.bivillage.com\/it\/#\/schema\/logo\/image\/"},"sameAs":["https:\/\/www.facebook.com\/BiVillageHolidayCenter\/","https:\/\/www.instagram.com\/bivillage_holidayresort\/","https:\/\/www.youtube.com\/channel\/UCu0whYLFWz1DQK-xiTLIuVw","https:\/\/www.tiktok.com\/@bivillage"]},{"@type":"Person","@id":"https:\/\/www.bivillage.com\/it\/#\/schema\/person\/843a17529217e331813a8c3ca5e32d59","name":"admin"}]}},"author_meta":{"display_name":"admin","author_link":"https:\/\/www.bivillage.com\/it\/news\/author\/admin\/"},"featured_img":"https:\/\/www.bivillage.com\/wp-content\/uploads\/2022\/08\/banner_donna-300x86.webp","coauthors":[],"tax_additional":{"categories":{"linked":["<a href=\"https:\/\/www.bivillage.com\/it\/news\/category\/novita\/\" class=\"advgb-post-tax-term\">Novit\u00e0<\/a>"],"unlinked":["<span class=\"advgb-post-tax-term\">Novit\u00e0<\/span>"]}},"comment_count":"0","relative_dates":{"created":"Pubblicato 4 anni fa","modified":"Aggiornato 3 anni fa"},"absolute_dates":{"created":"Pubblicato il Agosto 1, 2022","modified":"Aggiornato il Gennaio 12, 2023"},"absolute_dates_time":{"created":"Pubblicato il Agosto 1, 2022 11:58 am","modified":"Aggiornato il Gennaio 12, 2023 5:22 pm"},"featured_img_caption":"","series_order":"","_links":{"self":[{"href":"https:\/\/www.bivillage.com\/it\/wp-json\/wp\/v2\/posts\/3670","targetHints":{"allow":["GET"]}}],"collection":[{"href":"https:\/\/www.bivillage.com\/it\/wp-json\/wp\/v2\/posts"}],"about":[{"href":"https:\/\/www.bivillage.com\/it\/wp-json\/wp\/v2\/types\/post"}],"author":[{"embeddable":true,"href":"https:\/\/www.bivillage.com\/it\/wp-json\/wp\/v2\/users\/1"}],"replies":[{"embeddable":true,"href":"https:\/\/www.bivillage.com\/it\/wp-json\/wp\/v2\/comments?post=3670"}],"version-history":[{"count":0,"href":"https:\/\/www.bivillage.com\/it\/wp-json\/wp\/v2\/posts\/3670\/revisions"}],"wp:featuredmedia":[{"embeddable":true,"href":"https:\/\/www.bivillage.com\/it\/wp-json\/wp\/v2\/media\/7942"}],"wp:attachment":[{"href":"https:\/\/www.bivillage.com\/it\/wp-json\/wp\/v2\/media?parent=3670"}],"wp:term":[{"taxonomy":"category","embeddable":true,"href":"https:\/\/www.bivillage.com\/it\/wp-json\/wp\/v2\/categories?post=3670"},{"taxonomy":"post_tag","embeddable":true,"href":"https:\/\/www.bivillage.com\/it\/wp-json\/wp\/v2\/tags?post=3670"}],"curies":[{"name":"wp","href":"https:\/\/api.w.org\/{rel}","templated":true}]}}