{"id":15561,"date":"2023-05-16T15:36:24","date_gmt":"2023-05-16T13:36:24","guid":{"rendered":"https:\/\/www.bivillage.com\/?p=15561"},"modified":"2023-05-16T15:36:25","modified_gmt":"2023-05-16T13:36:25","slug":"benvenuto-a-pola","status":"publish","type":"post","link":"https:\/\/www.bivillage.com\/it\/news\/novita\/benvenuto-a-pola\/","title":{"rendered":"Benvenuto a Pola"},"content":{"rendered":"<div  class=\"grids-section grids-is-advanced alignwide\" style=\"--_gs-gap-desktop:0px 0px;--_gs-m-desktop:0 0 0 0;--_gs-p-desktop:0 0 0 0;--_gs-bg-desktop:transparent none;--_gs-bg-xp-desktop:0px;--_gs-zi-desktop:auto;--_gs-d-desktop:block;--_gs-mw-desktop:calc(100% - 0 - 0);--_gs-gap-tablet:0px 0px;--_gs-m-tablet:0 0 0 0;--_gs-p-tablet:0 0 0 0;--_gs-bg-tablet:transparent none;--_gs-bg-xp-tablet:0px;--_gs-zi-tablet:auto;--_gs-d-tablet:block;--_gs-mw-tablet:calc(100% - 0 - 0);--_gs-gap-mobile:0px 0px;--_gs-m-mobile:0 0 0 0;--_gs-p-mobile:0 25px 0 25px;--_gs-bg-mobile:transparent none;--_gs-bg-xp-mobile:0px;--_gs-zi-mobile:auto;--_gs-d-mobile:block;--_gs-mw-mobile:calc(100% - 0 - 0);--_gs-columns:12;--_gs-rows:6\"><div class=\"grids-s-w_i\">\n<div class=\"grids-area\" style=\"--_ga-column:2\/12;--_ga-row:1\/2;--_ga-m-desktop:0 0 0 0;--_ga-p-desktop:0 0 0 0;--_ga-bg-desktop:transparent none;--_ga-zi-desktop:auto;--_ga-d-desktop:flex;--_ga-mw-desktop:calc(100% - 0 - 0);--_ga-m-tablet:0 0 0 0;--_ga-p-tablet:0 0 0 0;--_ga-bg-tablet:transparent none;--_ga-zi-tablet:auto;--_ga-d-tablet:flex;--_ga-mw-tablet:calc(100% - 0 - 0);--_ga-m-mobile:0 0 0 0;--_ga-p-mobile:0 0 0 0;--_ga-bg-mobile:transparent none;--_ga-zi-mobile:auto;--_ga-d-mobile:flex;--_ga-mw-mobile:calc(100% - 0 - 0)\">\n\n<h2 class=\"wp-block-heading has-text-align-center advgb-dyn-ae38986a\">Breve storia di una citt\u00e0 e di cosa non si pu\u00f2 perdere<\/h2>\n\n<\/div>\n\n<div class=\"grids-area\" style=\"--_ga-column:2\/12;--_ga-row:2\/4;--_ga-m-desktop:0 0 0 0;--_ga-p-desktop:0 0 0 0;--_ga-bg-desktop:transparent none;--_ga-zi-desktop:auto;--_ga-d-desktop:flex;--_ga-mw-desktop:calc(100% - 0 - 0);--_ga-m-tablet:0 0 0 0;--_ga-p-tablet:0 0 0 0;--_ga-bg-tablet:transparent none;--_ga-zi-tablet:auto;--_ga-d-tablet:flex;--_ga-mw-tablet:calc(100% - 0 - 0);--_ga-m-mobile:0 0 0 0;--_ga-p-mobile:0 0 0 0;--_ga-bg-mobile:transparent none;--_ga-zi-mobile:auto;--_ga-d-mobile:flex;--_ga-mw-mobile:calc(100% - 0 - 0)\">\n\n<p>Pola \u00e8 uno dei <strong>centri croati pi\u00f9 vivaci dell\u2019Istria<\/strong>, la piccola penisola triangolare bagnata dalle acque settentrionali del mar Adriatico, ed \u00e8 nota, come il resto della regione Istriana, per il <strong>clima<\/strong> <strong>mite<\/strong>, il <strong>mare calmo<\/strong> e la <strong>natura incontaminata<\/strong>.<\/p>\n\n\n\n<p>Come ogni citt\u00e0 di mare la sua storia \u00e8 uno stratificarsi di <strong>popoli<\/strong>, <strong>tradizioni<\/strong>, <strong>costruzioni<\/strong> e <strong>bombardamenti<\/strong> e ci\u00f2 la rende uno dei centri pi\u00f9 interessanti di tutta l\u2019area.<\/p>\n\n<\/div>\n<\/div><\/div>\n\n\t<div id=\"boxTextSlider_2\" class=\"box-text-slider-container-wrapper no-background \" style=\"--box-text-bck-color: #f3f3f3;--box-text-color: #000000;\">\n\n\t\t<div class=\"box-text-slider_content\">\n\t\t\t<h2>Pola e la sua Arena<\/h2>\n<p>Anche se una leggenda racconta che i primi abitanti di Pola furono <strong>Giasone<\/strong> e gli <strong>Argonauti<\/strong>, la vera fondazione della citt\u00e0 avvenne per merito dei <strong>Romani<\/strong> che conquistarono l\u2019area nel <strong>177 a.C.<\/strong>, costruendo poi la citt\u00e0 intorno al <strong>46 a.C.<\/strong> come <strong>colonia di cittadini romani<\/strong> (chiamata allora Pietas Iulia).<\/p>\n<p>Il glorioso passato romano di questa citt\u00e0 si pu\u00f2 ancora respirare passeggiando tra le sue vie, punteggiate di <strong>monumenti emblematici<\/strong>, primo fra tutti il suo <strong>anfiteatro<\/strong>, il <strong>monumento antico meglio conservato<\/strong> di tutta la Croazia.<\/p>\n\t\t<\/div>\n\n\t\t\t\t\t<div class=\"box-text-slider_slider\">\n\t\t\t\t<div class=\"swiper-wrapper\">\n\t\t\t\t\t\t\t\t\t\t\t\t\t\t\t\t\t<div class=\"box-text-slider_slider_slide swiper-slide\">\n\n\t\t\t\t\t\t\t\t\t\t\t\t\t\t\t<figure class=\"full-width\" style=\"background-color: #959089;\">\n\t\t\t\t\t\t\t\t\t<img decoding=\"async\" src=\"https:\/\/www.bivillage.com\/wp-content\/uploads\/2023\/05\/biholiday-pola-arena-01.jpg\" alt=\"\" title=\"biholiday-pola-arena-01\" \/>\n\t\t\t\t\t\t\t\t<\/figure>\n\t\t\t\t\t\t\t\n\t\t\t\t\t\t\t\n\t\t\t\t\t\t\t\t\t\t\t\t\t\t\t\t\t<div class=\"box-text-slider_slider_slide_title\">\n\t\t\t\t\t\t\t\t\t\tL'anfiteatro di Pola\t\t\t\t\t\t\t\t\t\t\t\t\t\t\t\t\n\t\t\t\t\t\t\t\t<\/div>\n\t\t\t\t\t\t\t\t\t\t\t\t\t<\/div>\n\t\t\t\t\t\t\n\t\t\t\t\t\t\t\t\t<\/div>\n\t\t\t\t\n\t\t\t\t\t\t\t<\/div>\n\t\t\t<\/div>\n\n\t\n\n\n\n\t<div id=\"boxTextSlider_3\" class=\"box-text-slider-container-wrapper no-background box-text-slider-left\" style=\"--box-text-bck-color: #f3f3f3;--box-text-color: #000000;\">\n\n\t\t<div class=\"box-text-slider_content\">\n\t\t\t<p>L\u2019anfiteatro, noto anche con il nome di <strong>Arena di Pola<\/strong>, domina l\u2019intero centro storico e ne \u00e8 il simbolo pi\u00f9 iconico. \u00c8 il <strong>sesto anfiteatro pi\u00f9 grande ancora esistente<\/strong> ed \u00e8 stato costruito <strong>tra il 2 a.C. e il 14 d.C.<\/strong> per volere del primo imperatore, <strong>Augusto<\/strong>.<\/p>\n<p>La forma che vediamo oggi, per\u00f2, \u00e8 frutto di un <strong>ampliamento voluto da Vespasiano<\/strong>, lo stesso imperatore che fece costruire il Colosseo. Vespasiano voleva che l\u2019Arena ospitasse i combattimenti con i gladiatori e che questi potessero essere ammirati da <strong>23.000 spettatori<\/strong>.<\/p>\n\t\t<\/div>\n\n\t\t\t\t\t<div class=\"box-text-slider_slider\">\n\t\t\t\t<div class=\"swiper-wrapper\">\n\t\t\t\t\t\t\t\t\t\t\t\t\t\t\t\t\t<div class=\"box-text-slider_slider_slide swiper-slide\">\n\n\t\t\t\t\t\t\t\t\t\t\t\t\t\t\t<figure class=\"full-width\" style=\"background-color: #857271;\">\n\t\t\t\t\t\t\t\t\t<img decoding=\"async\" src=\"https:\/\/www.bivillage.com\/wp-content\/uploads\/2023\/05\/biholiday-pola-arena.jpg\" alt=\"\" title=\"biholiday-pola-arena\" \/>\n\t\t\t\t\t\t\t\t<\/figure>\n\t\t\t\t\t\t\t\n\t\t\t\t\t\t\t\n\t\t\t\t\t\t\t\t\t\t\t\t\t\t\t\t\t<div class=\"box-text-slider_slider_slide_title\">\n\t\t\t\t\t\t\t\t\t\tArena di Pola\t\t\t\t\t\t\t\t\t\t\t\t\t\t\t\t\n\t\t\t\t\t\t\t\t<\/div>\n\t\t\t\t\t\t\t\t\t\t\t\t\t<\/div>\n\t\t\t\t\t\t\n\t\t\t\t\t\t\t\t\t<\/div>\n\t\t\t\t\n\t\t\t\t\t\t\t<\/div>\n\t\t\t<\/div>\n\n\t\n\n\n\n<div  class=\"grids-section grids-is-advanced\" style=\"--_gs-gap-desktop:0px 0px;--_gs-m-desktop:0 0 0 0;--_gs-p-desktop:0 0 0 0;--_gs-bg-desktop:transparent none;--_gs-bg-xp-desktop:0px;--_gs-zi-desktop:auto;--_gs-d-desktop:block;--_gs-mw-desktop:calc(100% - 0 - 0);--_gs-gap-tablet:0px 0px;--_gs-m-tablet:0 0 0 0;--_gs-p-tablet:0 0 0 0;--_gs-bg-tablet:transparent none;--_gs-bg-xp-tablet:0px;--_gs-zi-tablet:auto;--_gs-d-tablet:block;--_gs-mw-tablet:calc(100% - 0 - 0);--_gs-gap-mobile:0px 0px;--_gs-m-mobile:0 0 0 0;--_gs-p-mobile:0 25px 0 25px;--_gs-bg-mobile:transparent none;--_gs-bg-xp-mobile:0px;--_gs-zi-mobile:auto;--_gs-d-mobile:block;--_gs-mw-mobile:calc(100% - 0 - 0);--_gs-columns:12;--_gs-rows:6\"><div class=\"grids-s-w_i\">\n<div class=\"grids-area\" style=\"--_ga-column:2\/12;--_ga-row:1\/2;--_ga-m-desktop:0 0 0 0;--_ga-p-desktop:0 0 0 0;--_ga-bg-desktop:transparent none;--_ga-zi-desktop:auto;--_ga-d-desktop:flex;--_ga-mw-desktop:calc(100% - 0 - 0);--_ga-m-tablet:0 0 0 0;--_ga-p-tablet:0 0 0 0;--_ga-bg-tablet:transparent none;--_ga-zi-tablet:auto;--_ga-d-tablet:flex;--_ga-mw-tablet:calc(100% - 0 - 0);--_ga-m-mobile:0 0 0 0;--_ga-p-mobile:0 0 0 0;--_ga-bg-mobile:transparent none;--_ga-zi-mobile:auto;--_ga-d-mobile:flex;--_ga-mw-mobile:calc(100% - 0 - 0)\">\n\n<h2 class=\"wp-block-heading\">Le ragioni del rinnovamento dell&#8217;Arena<\/h2>\n\n\n\n<p>Si racconta, per\u00f2, che l\u2019<strong>intento di imbonirsi la popolazion<\/strong>e non fosse l\u2019unica ragione alla base di questo rinnovamento; ce n\u2019era una molto personale: <strong>omaggiare una donna<\/strong>, <strong>Cenis<\/strong>, una liberta nativa di Pola, amante ufficiale dell\u2019imperatore.<\/p>\n\n\n\n<p>L\u2019Arena, che prende il nome proprio dal termine latino harena (la sabbia sulla quale combattevano i gladiatori) \u00e8 l\u2019unica superstite oggi a conservare le <strong>torri angolari quadrate<\/strong> che caratterizzavano questa tipologia di edifici.<\/p>\n\n\n\n<p>Qui <strong>veniva immagazzinata acqua profumata<\/strong> all\u2019interno di apposite cisterne, due per torre, utile ad alimentare alcune fontane o per essere spruzzata sui presenti nelle giornate pi\u00f9 calde.<\/p>\n\n\n\n<p><strong>L\u2019anfiteatro sorgeva appena fuori dalle mura romane<\/strong>, su un terreno in pendenza, inconveniente superato dai suoi architetti con un basamento pi\u00f9 alto verso il mare, sul quale si ergono ancora oggi <strong>due livelli di archi a tutto sesto<\/strong> sorretti da massicci pilastri e, sopra questi, un attico, forato da aperture quadrangolari.<\/p>\n\n\n\n<p>L\u2019intera struttura \u00e8 stata realizzata in pietra calcarea, purtroppo in parte usata nei secoli successivi per costruire altri edifici della zona.<\/p>\n\n<\/div>\n<\/div><\/div>\n\n<div  class=\"grids-section row-information grids-is-advanced alignfull\" style=\"--_gs-gap-desktop:0px 0px;--_gs-m-desktop:0 0 0 0;--_gs-p-desktop:0 0 0 0;--_gs-bg-desktop:#006293 none;--_gs-bg-xp-desktop:0px;--_gs-zi-desktop:auto;--_gs-d-desktop:block;--_gs-mw-desktop:calc(100% - 0 - 0);--_gs-gap-tablet:0px 0px;--_gs-m-tablet:0 0 0 0;--_gs-p-tablet:0 0 0 0;--_gs-bg-tablet:#006293 none;--_gs-bg-xp-tablet:0px;--_gs-zi-tablet:auto;--_gs-d-tablet:block;--_gs-mw-tablet:calc(100% - 0 - 0);--_gs-gap-mobile:0px 0px;--_gs-m-mobile:0 0 0 0;--_gs-p-mobile:0 0 0 0;--_gs-bg-mobile:#006293 none;--_gs-bg-xp-mobile:0px;--_gs-zi-mobile:auto;--_gs-d-mobile:block;--_gs-mw-mobile:calc(100% - 0 - 0);--_gs-columns:12;--_gs-rows:6\"><div class=\"grids-s-w_i\">\n<div class=\"grids-area\" style=\"--_ga-column:1\/4;--_ga-row:1\/7;--_ga-va:center;--_ga-m-desktop:0 0 0 0;--_ga-p-desktop:0 0 0 0;--_ga-bg-desktop:transparent none;--_ga-zi-desktop:auto;--_ga-d-desktop:flex;--_ga-mw-desktop:calc(100% - 0 - 0);--_ga-m-tablet:0 0 0 0;--_ga-p-tablet:0 0 0 0;--_ga-bg-tablet:transparent none;--_ga-zi-tablet:auto;--_ga-d-tablet:flex;--_ga-mw-tablet:calc(100% - 0 - 0);--_ga-m-mobile:0 0 0 0;--_ga-p-mobile:0 0 0 0;--_ga-bg-mobile:transparent none;--_ga-zi-mobile:auto;--_ga-d-mobile:flex;--_ga-mw-mobile:calc(100% - 0 - 0)\">\n\n<lord-icon src=\"https:\/\/cdn.lordicon.com\/gelfkkek.json\" trigger=\"loop\" colors=\"primary:#ffffff,secondary:#ffffff\" style=\"margin:auto;width:250px;height:250px\">\n<\/lord-icon>\n\n<\/div>\n\n<div class=\"grids-area\" style=\"--_ga-column:4\/10;--_ga-row:1\/7;--_ga-va:center;--_ga-m-desktop:25px 0 25px 0;--_ga-p-desktop:0 0 0 0;--_ga-bg-desktop:transparent none;--_ga-zi-desktop:auto;--_ga-d-desktop:flex;--_ga-mw-desktop:calc(100% - 0 - 0);--_ga-m-tablet:25px 0 25px 0;--_ga-p-tablet:0 0 0 0;--_ga-bg-tablet:transparent none;--_ga-zi-tablet:auto;--_ga-d-tablet:flex;--_ga-mw-tablet:calc(100% - 0 - 0);--_ga-m-mobile:25px 0 25px 0;--_ga-p-mobile:0 0 0 0;--_ga-bg-mobile:transparent none;--_ga-zi-mobile:auto;--_ga-d-mobile:flex;--_ga-mw-mobile:calc(100% - 0 - 0)\">\n\n<h2 class=\"wp-block-heading has-text-align-center advgb-dyn-114491e3\">Una piccola curiosit\u00e0<\/h2>\n\n\n\n<p class=\"has-text-align-center\">In periodo rinascimentale, quando la citt\u00e0 era sotto il dominio della <strong>Serenissima Repubblica di San Marco<\/strong>, alcuni nobili avevano addirittura suggerito di <strong>smontare pietra per pietra<\/strong> l\u2019intero anfiteatro per riedificarlo a Venezia.<\/p>\n\n\n\n<p class=\"has-text-align-center\">Fortunatamente il senatore veneziano <strong>Gabriele Emo<\/strong> si oppose con forza e gli abitanti di Pola, per ringraziarlo, gli dedicarono una <strong>statua<\/strong> che si pu\u00f2 ancora ammirare proprio nei pressi di questo imponente monumento.<\/p>\n\n<\/div>\n\n<div class=\"grids-area\" style=\"--_ga-column:10\/13;--_ga-row:1\/7;--_ga-va:center;--_ga-m-desktop:0 0 0 0;--_ga-p-desktop:0 0 0 0;--_ga-bg-desktop:transparent none;--_ga-zi-desktop:auto;--_ga-d-desktop:flex;--_ga-mw-desktop:calc(100% - 0 - 0);--_ga-m-tablet:0 0 0 0;--_ga-p-tablet:0 0 0 0;--_ga-bg-tablet:transparent none;--_ga-zi-tablet:auto;--_ga-d-tablet:flex;--_ga-mw-tablet:calc(100% - 0 - 0);--_ga-m-mobile:0 0 0 0;--_ga-p-mobile:0 0 0 0;--_ga-bg-mobile:transparent none;--_ga-zi-mobile:auto;--_ga-d-mobile:flex;--_ga-mw-mobile:calc(100% - 0 - 0)\">\n\n<lord-icon src=\"https:\/\/cdn.lordicon.com\/gelfkkek.json\" trigger=\"loop\" colors=\"primary:#ffffff,secondary:#ffffff\" style=\"margin:auto;width:250px;height:250px\">\n<\/lord-icon>\n\n<\/div>\n<\/div><\/div>\n\n<div  class=\"grids-section grids-is-advanced\" style=\"--_gs-gap-desktop:0px 0px;--_gs-m-desktop:0 0 0 0;--_gs-p-desktop:0 0 0 0;--_gs-bg-desktop:transparent none;--_gs-bg-xp-desktop:0px;--_gs-zi-desktop:auto;--_gs-d-desktop:block;--_gs-mw-desktop:calc(100% - 0 - 0);--_gs-gap-tablet:0px 0px;--_gs-m-tablet:0 0 0 0;--_gs-p-tablet:0 0 0 0;--_gs-bg-tablet:transparent none;--_gs-bg-xp-tablet:0px;--_gs-zi-tablet:auto;--_gs-d-tablet:block;--_gs-mw-tablet:calc(100% - 0 - 0);--_gs-gap-mobile:0px 0px;--_gs-m-mobile:0 0 0 0;--_gs-p-mobile:0 25px 0 25px;--_gs-bg-mobile:transparent none;--_gs-bg-xp-mobile:0px;--_gs-zi-mobile:auto;--_gs-d-mobile:block;--_gs-mw-mobile:calc(100% - 0 - 0);--_gs-columns:12;--_gs-rows:6\"><div class=\"grids-s-w_i\">\n<div class=\"grids-area\" style=\"--_ga-column:2\/12;--_ga-row:1\/2;--_ga-m-desktop:0 0 0 0;--_ga-p-desktop:0 0 0 0;--_ga-bg-desktop:transparent none;--_ga-zi-desktop:auto;--_ga-d-desktop:flex;--_ga-mw-desktop:calc(100% - 0 - 0);--_ga-m-tablet:0 0 0 0;--_ga-p-tablet:0 0 0 0;--_ga-bg-tablet:transparent none;--_ga-zi-tablet:auto;--_ga-d-tablet:flex;--_ga-mw-tablet:calc(100% - 0 - 0);--_ga-m-mobile:0 0 0 0;--_ga-p-mobile:0 0 0 0;--_ga-bg-mobile:transparent none;--_ga-zi-mobile:auto;--_ga-d-mobile:flex;--_ga-mw-mobile:calc(100% - 0 - 0)\">\n\n<p>L\u2019Arena non \u00e8 l\u2019unica testimonianza di quanto Pola fosse una citt\u00e0 fiorente dell\u2019Impero romano, con il suo vivace porto e il suo antico foro. Di questo spazio, infatti, rimane oggi uno degli edifici pi\u00f9 importanti: <strong>il Tempio dedicato ad Augusto<\/strong>.<\/p>\n\n<\/div>\n<\/div><\/div>\n\n\t<div id=\"boxTextSlider_4\" class=\"box-text-slider-container-wrapper no-background \" style=\"--box-text-bck-color: #f3f3f3;--box-text-color: #000000;\">\n\n\t\t<div class=\"box-text-slider_content\">\n\t\t\t<h2>Il Tempio dedicato ad Augusto<\/h2>\n<p>Questo elegante monumento dalle proporzioni slanciate, \u00e8 stato <strong>costruito tra il 2 a.C. e il 14 d.C. per volere di Ottaviano Augusto<\/strong>, gi\u00e0 committente dell\u2019Arena.<\/p>\n<p>L\u2019edificio sacro, con le sue raffinate colonne corinzie, ha vissuto <strong>peripezie<\/strong> simili a quelle del Partenone di Atene: trasformato in <strong>chiesa<\/strong> e poi in <strong>granaio<\/strong> fu infine <strong>danneggiato<\/strong> dai bombardamenti degli alleati durante la Seconda Guerra Mondiale, periodo durante il quale la citt\u00e0 era in mano all\u2019esercito tedesco.<\/p>\n<p>Fortunatamente un attento <strong>restauro ricostruttivo<\/strong> ne ha restituito per intero la bellezza.<\/p>\n\t\t<\/div>\n\n\t\t\t\t\t<div class=\"box-text-slider_slider\">\n\t\t\t\t<div class=\"swiper-wrapper\">\n\t\t\t\t\t\t\t\t\t\t\t\t\t\t\t\t\t<div class=\"box-text-slider_slider_slide swiper-slide\">\n\n\t\t\t\t\t\t\t\t\t\t\t\t\t\t\t<figure class=\"full-width\" style=\"background-color: #837f82;\">\n\t\t\t\t\t\t\t\t\t<img decoding=\"async\" src=\"https:\/\/www.bivillage.com\/wp-content\/uploads\/2023\/05\/biholiday-pola-tempio-di-augusto.jpg\" alt=\"\" title=\"biholiday-pola-tempio-di-augusto\" \/>\n\t\t\t\t\t\t\t\t<\/figure>\n\t\t\t\t\t\t\t\n\t\t\t\t\t\t\t\n\t\t\t\t\t\t\t\t\t\t\t\t\t\t\t\t\t<div class=\"box-text-slider_slider_slide_title\">\n\t\t\t\t\t\t\t\t\t\tIl Tempio di Augusto\t\t\t\t\t\t\t\t\t\t\t\t\t\t\t\t\n\t\t\t\t\t\t\t\t<\/div>\n\t\t\t\t\t\t\t\t\t\t\t\t\t<\/div>\n\t\t\t\t\t\t\n\t\t\t\t\t\t\t\t\t<\/div>\n\t\t\t\t\n\t\t\t\t\t\t\t<\/div>\n\t\t\t<\/div>\n\n\t\n\n\n\n<div  class=\"grids-section grids-is-advanced\" style=\"--_gs-gap-desktop:0px 0px;--_gs-m-desktop:0 0 0 0;--_gs-p-desktop:0 0 0 0;--_gs-bg-desktop:transparent none;--_gs-bg-xp-desktop:0px;--_gs-zi-desktop:auto;--_gs-d-desktop:block;--_gs-mw-desktop:calc(100% - 0 - 0);--_gs-gap-tablet:0px 0px;--_gs-m-tablet:0 0 0 0;--_gs-p-tablet:0 0 0 0;--_gs-bg-tablet:transparent none;--_gs-bg-xp-tablet:0px;--_gs-zi-tablet:auto;--_gs-d-tablet:block;--_gs-mw-tablet:calc(100% - 0 - 0);--_gs-gap-mobile:0px 0px;--_gs-m-mobile:0 0 0 0;--_gs-p-mobile:0 25px 0 25px;--_gs-bg-mobile:transparent none;--_gs-bg-xp-mobile:0px;--_gs-zi-mobile:auto;--_gs-d-mobile:block;--_gs-mw-mobile:calc(100% - 0 - 0);--_gs-columns:12;--_gs-rows:6\"><div class=\"grids-s-w_i\">\n<div class=\"grids-area\" style=\"--_ga-column:2\/12;--_ga-row:1\/2;--_ga-m-desktop:0 0 0 0;--_ga-p-desktop:0 0 0 0;--_ga-bg-desktop:transparent none;--_ga-zi-desktop:auto;--_ga-d-desktop:flex;--_ga-mw-desktop:calc(100% - 0 - 0);--_ga-m-tablet:0 0 0 0;--_ga-p-tablet:0 0 0 0;--_ga-bg-tablet:transparent none;--_ga-zi-tablet:auto;--_ga-d-tablet:flex;--_ga-mw-tablet:calc(100% - 0 - 0);--_ga-m-mobile:0 0 0 0;--_ga-p-mobile:0 0 0 0;--_ga-bg-mobile:transparent none;--_ga-zi-mobile:auto;--_ga-d-mobile:flex;--_ga-mw-mobile:calc(100% - 0 - 0)\">\n\n<p>Le atrocit\u00e0 della guerra solo in rarissime e fortunate circostanze sanno portare con s\u00e9 dei benefici: \u00e8 questo il caso di un <strong>esteso mosaico pavimentale<\/strong>, scoperto proprio grazie alle stesse bombe alleate che hanno fatto crollare parte del tempio del foro.<\/p>\n\n\n\n<p>La sua <strong>decorazione<\/strong> vede un alternarsi ordinato tra motivi geometrici ed elementi naturali appartenenti a flora e fauna; tra questi soggetti pi\u00f9 comuni spicca per\u00f2 il riquadro centrale della porzione di sinistra, raffigurante la <strong>punizione di Dirce<\/strong>, un soggetto davvero poco ricorrente nei tempi antichi.<\/p>\n\n\n\n<p>C\u2019\u00e8 infine un ultimo <strong>monumento romano<\/strong> che merita di essere visto per il suo incredibile stato di conservazione e per quanto sia stato amato negli anni dagli artisti, tra i quali va citato il celebre <strong>Michelangelo Buonarroti<\/strong>.<\/p>\n\n<\/div>\n<\/div><\/div>\n\n\t<div id=\"boxTextSlider_5\" class=\"box-text-slider-container-wrapper no-background box-text-slider-left\" style=\"--box-text-bck-color: #f3f3f3;--box-text-color: #000000;\">\n\n\t\t<div class=\"box-text-slider_content\">\n\t\t\t<h2>L&#8217;Arco trionfale dei Sergi<\/h2>\n<p>Si tratta dell\u2019Arco trionfale dei Sergi, innalzato di fianco a una delle porte della citt\u00e0 <strong>tra il 25 e il 10 a.C.<\/strong> dalla matrona <strong>Salvia Postuma<\/strong> in onore del marito <strong>Lucio Sergio Lepido<\/strong>, come recita l\u2019iscrizione di dedica sull\u2019attico.<\/p>\n<p>Si tratta di un <strong>arco a un unico fornice<\/strong>, inquadrato da due coppie di colonne eleganti e slanciate di ordine corinzio. La sua <strong>decorazione<\/strong> \u00e8 molto pi\u00f9 <strong>raffinata<\/strong> rispetto a quella del contemporaneo arco di Augusto a Rimini: quadrighe, putti che reggono festoni carichi di fiori e frutta, e le immancabili Vittorie alate, da sempre elementi imprescindibili di questa tipologia di monumenti.<\/p>\n\t\t<\/div>\n\n\t\t\t\t\t<div class=\"box-text-slider_slider\">\n\t\t\t\t<div class=\"swiper-wrapper\">\n\t\t\t\t\t\t\t\t\t\t\t\t\t\t\t\t\t<div class=\"box-text-slider_slider_slide swiper-slide\">\n\n\t\t\t\t\t\t\t\t\t\t\t\t\t\t\t<figure class=\"full-width\" style=\"background-color: #746e6f;\">\n\t\t\t\t\t\t\t\t\t<img decoding=\"async\" src=\"https:\/\/www.bivillage.com\/wp-content\/uploads\/2023\/05\/biholiday-pola-arco-dei-sergi.jpg\" alt=\"\" title=\"biholiday-pola-arco-dei-sergi\" \/>\n\t\t\t\t\t\t\t\t<\/figure>\n\t\t\t\t\t\t\t\n\t\t\t\t\t\t\t\n\t\t\t\t\t\t\t\t\t\t\t\t\t\t\t\t\t<div class=\"box-text-slider_slider_slide_title\">\n\t\t\t\t\t\t\t\t\t\tL'Arco dei Sergi\t\t\t\t\t\t\t\t\t\t\t\t\t\t\t\t\n\t\t\t\t\t\t\t\t<\/div>\n\t\t\t\t\t\t\t\t\t\t\t\t\t<\/div>\n\t\t\t\t\t\t\n\t\t\t\t\t\t\t\t\t<\/div>\n\t\t\t\t\n\t\t\t\t\t\t\t<\/div>\n\t\t\t<\/div>\n\n\t\n\n\n\n<div  id=\"programma\" class=\"grids-section grids-is-advanced alignwide\" style=\"--_gs-gap-desktop:0px 0px;--_gs-m-desktop:0 0 0 0;--_gs-p-desktop:45px 0 45px 0;--_gs-bg-desktop:#80d3dd none;--_gs-bg-xp-desktop:0px;--_gs-zi-desktop:auto;--_gs-d-desktop:block;--_gs-mw-desktop:calc(100% - 0 - 0);--_gs-gap-tablet:0px 0px;--_gs-m-tablet:0 0 0 0;--_gs-p-tablet:45px 0 45px 0;--_gs-bg-tablet:#80d3dd none;--_gs-bg-xp-tablet:0px;--_gs-zi-tablet:auto;--_gs-d-tablet:block;--_gs-mw-tablet:calc(100% - 0 - 0);--_gs-gap-mobile:0px 0px;--_gs-m-mobile:0 0 0 0;--_gs-p-mobile:45px 25px 45px 25px;--_gs-bg-mobile:#80d3dd none;--_gs-bg-xp-mobile:0px;--_gs-zi-mobile:auto;--_gs-d-mobile:block;--_gs-mw-mobile:calc(100% - 0 - 0);--_gs-columns:12;--_gs-rows:6\"><div class=\"grids-s-w_i\">\n<div class=\"grids-area\" style=\"--_ga-column:2\/12;--_ga-row:1\/3;--_ga-m-desktop:25px 0 25px 0;--_ga-p-desktop:0 0 0 0;--_ga-bg-desktop:transparent none;--_ga-zi-desktop:auto;--_ga-d-desktop:flex;--_ga-mw-desktop:calc(100% - 0 - 0);--_ga-m-tablet:25px 0 25px 0;--_ga-p-tablet:0 0 0 0;--_ga-bg-tablet:transparent none;--_ga-zi-tablet:auto;--_ga-d-tablet:flex;--_ga-mw-tablet:calc(100% - 0 - 0);--_ga-m-mobile:25px 0 25px 0;--_ga-p-mobile:0 0px 0 0px;--_ga-bg-mobile:transparent none;--_ga-zi-mobile:auto;--_ga-d-mobile:flex;--_ga-mw-mobile:calc(100% - 0 - 0)\">\n\n<h3 class=\"wp-block-heading\"><strong>Non solo tesori dell&#8217;epoca romana<\/strong><\/h3>\n\n\n\n<p>Pola non conserva soltanto tesori artistici del periodo romano, nel centro della citt\u00e0 sono diversi, infatti, i monumenti che raccontano del <strong>periodo medievale<\/strong>, del dominio <strong>veneziano<\/strong> e di quelli successivi: <strong>austro-ungarico<\/strong>, <strong>italiano<\/strong>, <strong>nazista<\/strong> e <strong>jugoslavo<\/strong>.<\/p>\n\n<\/div>\n<\/div><\/div>\n\n<div  class=\"grids-section grids-is-advanced\" style=\"--_gs-gap-desktop:0px 0px;--_gs-m-desktop:0 0 0 0;--_gs-p-desktop:0 0 0 0;--_gs-bg-desktop:transparent none;--_gs-bg-xp-desktop:0px;--_gs-zi-desktop:auto;--_gs-d-desktop:block;--_gs-mw-desktop:calc(100% - 0 - 0);--_gs-gap-tablet:0px 0px;--_gs-m-tablet:0 0 0 0;--_gs-p-tablet:0 0 0 0;--_gs-bg-tablet:transparent none;--_gs-bg-xp-tablet:0px;--_gs-zi-tablet:auto;--_gs-d-tablet:block;--_gs-mw-tablet:calc(100% - 0 - 0);--_gs-gap-mobile:0px 0px;--_gs-m-mobile:0 0 0 0;--_gs-p-mobile:0 25px 0 25px;--_gs-bg-mobile:transparent none;--_gs-bg-xp-mobile:0px;--_gs-zi-mobile:auto;--_gs-d-mobile:block;--_gs-mw-mobile:calc(100% - 0 - 0);--_gs-columns:12;--_gs-rows:6\"><div class=\"grids-s-w_i\">\n<div class=\"grids-area\" style=\"--_ga-column:2\/12;--_ga-row:1\/2;--_ga-m-desktop:0 0 0 0;--_ga-p-desktop:0 0 0 0;--_ga-bg-desktop:transparent none;--_ga-zi-desktop:auto;--_ga-d-desktop:flex;--_ga-mw-desktop:calc(100% - 0 - 0);--_ga-m-tablet:0 0 0 0;--_ga-p-tablet:0 0 0 0;--_ga-bg-tablet:transparent none;--_ga-zi-tablet:auto;--_ga-d-tablet:flex;--_ga-mw-tablet:calc(100% - 0 - 0);--_ga-m-mobile:0 0 0 0;--_ga-p-mobile:0 0 0 0;--_ga-bg-mobile:transparent none;--_ga-zi-mobile:auto;--_ga-d-mobile:flex;--_ga-mw-mobile:calc(100% - 0 - 0)\">\n\n<h2 class=\"wp-block-heading\">Il Palazzo del Comune e la Concattedrale<\/h2>\n\n\n\n<p>Al <strong>periodo medievale<\/strong> risalgono <strong>il palazzo del Comune<\/strong>, posto nella piazza del foro, pi\u00f9 volte maneggiato nei secoli seguenti, e la <strong>Concattedrale dell\u2019Assunzione della Beata Vergine di Pola<\/strong>, anch\u2019essa ampliata e interessata da diversi interventi successivi.<\/p>\n\n\n\n<p>Uno di questi, datato tra il 1671 e il 1707, port\u00f2 alla <strong>costruzione del campanile<\/strong>, per il quale fu utilizzato materiale in larga parte proveniente dall\u2019Arena romana.<\/p>\n\n\n\n<h2 class=\"wp-block-heading\">La Cappella di Santa Maria Formosa e il Monastero di San Francesco<\/h2>\n\n\n\n<p>Altri due edifici sacri vanno certamente ricordati per il loro pregio: il primo \u00e8 la <strong>Cappella di Santa Maria Formosa<\/strong>, parte di un complesso abbaziale poi demolito. Si tratta di uno dei principali monumenti <strong>paleocristiani<\/strong> in <strong>stile bizantino <\/strong>dell\u2019Istria il cui aspetto era molto simile a quello del Mausoleo di Galla Placidia a Ravenna.<\/p>\n\n\n\n<p>A questo piccolo capolavoro italiano, infatti, si ispirava, con la differenza che per la Cappella di Pola si utilizz\u00f2 la <strong>pietra<\/strong> e non il mattone come materiale da costruzione.<\/p>\n\n\n\n<p>Estremamente maestoso doveva essere l\u2019interno, decorato da preziosi mosaici, i cui resti sono visibili presso il Museo Archeologico dell\u2019Istria.<\/p>\n\n\n\n<p>Il secondo edificio da menzionare \u00e8 il <strong>Monastero di San Francesco<\/strong>, la cui chiesa \u00e8 stata costruita nei primi anni del Trecento e presenta il caratteristico stile semplice dei <strong>complessi francescani<\/strong> con elementi in tardo stile romanico uniti a dettagli decorativi gotici.<\/p>\n\n\n\n<h2 class=\"wp-block-heading\">La statua di James Joyce<\/h2>\n\n\n\n<p>Non si pu\u00f2 terminare questa passeggiata alla ricerca delle <strong>bellezze di Pola<\/strong> senza citare uno degli ultimi capolavori artistici di cui si \u00e8 dotata la citt\u00e0. Si tratta della <strong>statua in bronzo di James Joyce<\/strong>, collocata tra i tavolini del caff\u00e8 \u201c<strong>Uliks<\/strong>\u201d (Ulisse in croato) proprio come il titolo del suo pi\u00f9 celebre romanzo.<\/p>\n\n\n\n<p>L\u2019opera, realizzata dal celebre scultore croato <strong>Mate \u010cvrljak<\/strong> nel <strong>2003<\/strong>, vuole omaggiare lo scrittore irlandese che per un breve periodo della sua vita <strong>insegn\u00f2 inglese proprio a pochi passi da questo bar<\/strong> dal quale oggi continua a sorseggiare il suo caff\u00e8 all\u2019ombra dell\u2019Arena.<\/p>\n\n<\/div>\n<\/div><\/div>\n\n\t<div id=\"boxTextSlider_6\" class=\"box-text-slider-container-wrapper no-background \" style=\"--box-text-bck-color: #f3f3f3;--box-text-color: #000000;\">\n\n\t\t<div class=\"box-text-slider_content\">\n\t\t\t<h2>Il Castello e le fortezze<\/h2>\n<p>Passando poi al periodo in cui Pola fu interessata dalla <strong>dominazione veneziana<\/strong>, va citato un monumento di grande rilevanza, da cui si pu\u00f2 godere di una splendida vista sulla citt\u00e0: \u00e8 il <strong>castello<\/strong>, fortezza veneziana ubicata <strong>sulla sommit\u00e0 del colle principale<\/strong> che si affaccia sul porto.<\/p>\n<p>La sua <strong>forma quadrangolare<\/strong> circondata da quattro bastioni a forma di picca \u00e8 stata progetta intorno al <strong>1630<\/strong> dall\u2019<strong>architetto francese Antoine De Ville<\/strong> su commissione del governo veneziano, interessato a difendere Pola, centro di fondamentale importanza per i traffici marini dell\u2019alto Adriatico, da possibili attacchi esterni.<\/p>\n<p>Questo non \u00e8 l\u2019unico monumento militare della citt\u00e0, sono diverse, infatti, le <strong>fortezze<\/strong> risalenti al <strong>periodo austro- ungarico<\/strong> oggi visitabili; facevano parte di un\u2019efficiente e complessa rete difensiva volta a proteggere il porto militare pi\u00f9 importante dell\u2019impero. Tra queste va ricordata la <strong>fortezza di Varudella<\/strong>, riconfigurata per ospitare l\u2019acquario della citt\u00e0, il pi\u00f9 grande della Croazia.<\/p>\n\t\t<\/div>\n\n\t\t\t\t\t<div class=\"box-text-slider_slider\">\n\t\t\t\t<div class=\"swiper-wrapper\">\n\t\t\t\t\t\t\t\t\t\t\t\t\t\t\t\t\t<div class=\"box-text-slider_slider_slide swiper-slide\">\n\n\t\t\t\t\t\t\t\t\t\t\t\t\t\t\t<figure class=\"full-width\" style=\"background-color: #959497;\">\n\t\t\t\t\t\t\t\t\t<img decoding=\"async\" src=\"https:\/\/www.bivillage.com\/wp-content\/uploads\/2023\/05\/biholiday-pola-01.jpg\" alt=\"\" title=\"biholiday-pola-01\" \/>\n\t\t\t\t\t\t\t\t<\/figure>\n\t\t\t\t\t\t\t\n\t\t\t\t\t\t\t\n\t\t\t\t\t\t\t\t\t\t\t\t\t\t\t\t\t<div class=\"box-text-slider_slider_slide_title\">\n\t\t\t\t\t\t\t\t\t\tLe fortezze\t\t\t\t\t\t\t\t\t\t\t\t\t\t\t\t\n\t\t\t\t\t\t\t\t<\/div>\n\t\t\t\t\t\t\t\t\t\t\t\t\t<\/div>\n\t\t\t\t\t\t\n\t\t\t\t\t\t\t\t\t<\/div>\n\t\t\t\t\n\t\t\t\t\t\t\t<\/div>\n\t\t\t<\/div>\n\n\t\n\n\n\n<div  class=\"grids-section grids-is-advanced\" style=\"--_gs-gap-desktop:0px 0px;--_gs-m-desktop:0 0 0 0;--_gs-p-desktop:0 0 0 0;--_gs-bg-desktop:transparent none;--_gs-bg-xp-desktop:0px;--_gs-zi-desktop:auto;--_gs-d-desktop:block;--_gs-mw-desktop:calc(100% - 0 - 0);--_gs-gap-tablet:0px 0px;--_gs-m-tablet:0 0 0 0;--_gs-p-tablet:0 0 0 0;--_gs-bg-tablet:transparent none;--_gs-bg-xp-tablet:0px;--_gs-zi-tablet:auto;--_gs-d-tablet:block;--_gs-mw-tablet:calc(100% - 0 - 0);--_gs-gap-mobile:0px 0px;--_gs-m-mobile:0 0 0 0;--_gs-p-mobile:0 25px 0 25px;--_gs-bg-mobile:transparent none;--_gs-bg-xp-mobile:0px;--_gs-zi-mobile:auto;--_gs-d-mobile:block;--_gs-mw-mobile:calc(100% - 0 - 0);--_gs-columns:12;--_gs-rows:6\"><div class=\"grids-s-w_i\">\n<div class=\"grids-area\" style=\"--_ga-column:2\/12;--_ga-row:1\/2;--_ga-m-desktop:0 0 0 0;--_ga-p-desktop:0 0 0 0;--_ga-bg-desktop:transparent none;--_ga-zi-desktop:auto;--_ga-d-desktop:flex;--_ga-mw-desktop:calc(100% - 0 - 0);--_ga-m-tablet:0 0 0 0;--_ga-p-tablet:0 0 0 0;--_ga-bg-tablet:transparent none;--_ga-zi-tablet:auto;--_ga-d-tablet:flex;--_ga-mw-tablet:calc(100% - 0 - 0);--_ga-m-mobile:0 0 0 0;--_ga-p-mobile:0 0 0 0;--_ga-bg-mobile:transparent none;--_ga-zi-mobile:auto;--_ga-d-mobile:flex;--_ga-mw-mobile:calc(100% - 0 - 0)\">\n\n<p>Molti sarebbero ancora i dettagli da raccontare della citt\u00e0 di Pola e del suo variegato e unico patrimonio, ma per scoprirli davvero non vi resta che <strong>passeggiare<\/strong> tra le sue vie, <strong>esplorare<\/strong> i suoi musei, <strong>partecipare<\/strong> alle sue manifestazioni, <strong>immergendovi cos\u00ec nella sua storia<\/strong>.<\/p>\n\n<\/div>\n<\/div><\/div>\n\n<div  class=\"grids-section grids-is-advanced\" style=\"--_gs-gap-desktop:0px 0px;--_gs-m-desktop:0 0 0 0;--_gs-p-desktop:0 0 0 0;--_gs-bg-desktop:transparent none;--_gs-bg-xp-desktop:0px;--_gs-zi-desktop:auto;--_gs-d-desktop:block;--_gs-mw-desktop:calc(100% - 0 - 0);--_gs-gap-tablet:0px 0px;--_gs-m-tablet:0 0 0 0;--_gs-p-tablet:0 0 0 0;--_gs-bg-tablet:transparent none;--_gs-bg-xp-tablet:0px;--_gs-zi-tablet:auto;--_gs-d-tablet:block;--_gs-mw-tablet:calc(100% - 0 - 0);--_gs-gap-mobile:0px 0px;--_gs-m-mobile:0 0 0 0;--_gs-p-mobile:0 25px 0 25px;--_gs-bg-mobile:transparent none;--_gs-bg-xp-mobile:0px;--_gs-zi-mobile:auto;--_gs-d-mobile:block;--_gs-mw-mobile:calc(100% - 0 - 0);--_gs-columns:12;--_gs-rows:6\"><div class=\"grids-s-w_i\">\n<div class=\"grids-area\" style=\"--_ga-column:2\/12;--_ga-row:1\/2;--_ga-m-desktop:0 0 0 0;--_ga-p-desktop:0 0 0 0;--_ga-bg-desktop:transparent none;--_ga-zi-desktop:auto;--_ga-d-desktop:flex;--_ga-mw-desktop:calc(100% - 0 - 0);--_ga-m-tablet:0 0 0 0;--_ga-p-tablet:0 0 0 0;--_ga-bg-tablet:transparent none;--_ga-zi-tablet:auto;--_ga-d-tablet:flex;--_ga-mw-tablet:calc(100% - 0 - 0);--_ga-m-mobile:0 0 0 0;--_ga-p-mobile:0 0 0 0;--_ga-bg-mobile:transparent none;--_ga-zi-mobile:auto;--_ga-d-mobile:flex;--_ga-mw-mobile:calc(100% - 0 - 0)\">\n\n<h2 class=\"wp-block-heading\">L&#8217;autrice<\/h2>\n\n\n\n<h3 class=\"wp-block-heading\"><strong>Monika Petrovi\u0107<\/strong><\/h3>\n\n<\/div>\n\n<div class=\"grids-area\" style=\"--_ga-column:2\/12;--_ga-row:2\/7;--_ga-m-desktop:0 0 0 0;--_ga-p-desktop:0 0 0 0;--_ga-bg-desktop:transparent none;--_ga-zi-desktop:auto;--_ga-d-desktop:flex;--_ga-mw-desktop:calc(100% - 0 - 0);--_ga-m-tablet:0 0 0 0;--_ga-p-tablet:0 0 0 0;--_ga-bg-tablet:transparent none;--_ga-zi-tablet:auto;--_ga-d-tablet:flex;--_ga-mw-tablet:calc(100% - 0 - 0);--_ga-m-mobile:0 0 0 0;--_ga-p-mobile:0 0 0 0;--_ga-bg-mobile:transparent none;--_ga-zi-mobile:auto;--_ga-d-mobile:flex;--_ga-mw-mobile:calc(100% - 0 - 0)\">\n\n<p>Monika Petrovi\u0107 \u00e8 nata nel 1979 a Pola.<\/p>\n\n\n\n<p>Si \u00e8 laureata nel 2004 presso la Facolt\u00e0 di Scienze Umanistiche e Sociali di Rijeka e anche presso il dipartimento di Arte, specializzazione in Pittura nella classe di Marijan Pongrac.<\/p>\n\n\n\n<p>Lavora presso il Museo archeologico dell&#8217;Istria come restauratrice di vetro, ceramica e metalli.<\/p>\n\n\n\n<p>\u00c8 membro dell&#8217;HDLU (Associazione croata degli artisti) dell&#8217;Istria.<\/p>\n\n<\/div>\n<\/div><\/div>","protected":false},"excerpt":{"rendered":"<p>Breve storia di una citt\u00e0 e di cosa non si pu\u00f2 perdere<\/p>\n","protected":false},"author":10,"featured_media":15762,"comment_status":"closed","ping_status":"open","sticky":false,"template":"","format":"standard","meta":{"_acf_changed":false,"advgb_blocks_editor_width":"","advgb_blocks_columns_visual_guide":"","footnotes":""},"categories":[1],"tags":[],"class_list":["post-15561","post","type-post","status-publish","format-standard","has-post-thumbnail","hentry","category-novita","entry"],"acf":[],"yoast_head":"<!-- This site is optimized with the Yoast SEO plugin v26.0 - https:\/\/yoast.com\/wordpress\/plugins\/seo\/ -->\n<title>Benvenuto a Pola - BiVillage<\/title>\n<meta name=\"robots\" content=\"index, follow, max-snippet:-1, max-image-preview:large, max-video-preview:-1\" \/>\n<link rel=\"canonical\" href=\"https:\/\/www.biholiday.com\/it\/magazine\/benvenuto-a-pola\/\" \/>\n<meta property=\"og:locale\" content=\"it_IT\" \/>\n<meta property=\"og:type\" content=\"article\" \/>\n<meta property=\"og:title\" content=\"Benvenuto a Pola - BiVillage\" \/>\n<meta property=\"og:description\" content=\"Breve storia di una citt\u00e0 e di cosa non si pu\u00f2 perdere\" \/>\n<meta property=\"og:url\" content=\"https:\/\/www.biholiday.com\/it\/magazine\/benvenuto-a-pola\/\" \/>\n<meta property=\"og:site_name\" content=\"BiVillage\" \/>\n<meta property=\"article:publisher\" content=\"https:\/\/www.facebook.com\/BiVillageHolidayCenter\/\" \/>\n<meta property=\"article:published_time\" content=\"2023-05-16T13:36:24+00:00\" \/>\n<meta property=\"article:modified_time\" content=\"2023-05-16T13:36:25+00:00\" \/>\n<meta property=\"og:image\" content=\"https:\/\/www.bivillage.com\/wp-content\/uploads\/2023\/05\/biholiday-pola-banner.jpg\" \/>\n\t<meta property=\"og:image:width\" content=\"2000\" \/>\n\t<meta property=\"og:image:height\" content=\"1000\" \/>\n\t<meta property=\"og:image:type\" content=\"image\/jpeg\" \/>\n<meta name=\"author\" content=\"Federica Cattelan\" \/>\n<meta name=\"twitter:card\" content=\"summary_large_image\" \/>\n<meta name=\"twitter:label1\" content=\"Scritto da\" \/>\n\t<meta name=\"twitter:data1\" content=\"Federica Cattelan\" \/>\n\t<meta name=\"twitter:label2\" content=\"Tempo di lettura stimato\" \/>\n\t<meta name=\"twitter:data2\" content=\"6 minuti\" \/>\n<script type=\"application\/ld+json\" class=\"yoast-schema-graph\">{\"@context\":\"https:\/\/schema.org\",\"@graph\":[{\"@type\":\"Article\",\"@id\":\"https:\/\/www.biholiday.com\/it\/magazine\/benvenuto-a-pola\/#article\",\"isPartOf\":{\"@id\":\"https:\/\/www.bivillage.com\/it\/news\/novita\/benvenuto-a-pola\/\"},\"author\":{\"name\":\"Federica Cattelan\",\"@id\":\"https:\/\/www.bivillage.com\/it\/#\/schema\/person\/2ec8fa3656fb4f3b46042d980846560d\"},\"headline\":\"Benvenuto a Pola\",\"datePublished\":\"2023-05-16T13:36:24+00:00\",\"dateModified\":\"2023-05-16T13:36:25+00:00\",\"mainEntityOfPage\":{\"@id\":\"https:\/\/www.bivillage.com\/it\/news\/novita\/benvenuto-a-pola\/\"},\"wordCount\":992,\"publisher\":{\"@id\":\"https:\/\/www.bivillage.com\/it\/#organization\"},\"image\":{\"@id\":\"https:\/\/www.biholiday.com\/it\/magazine\/benvenuto-a-pola\/#primaryimage\"},\"thumbnailUrl\":\"https:\/\/www.bivillage.com\/wp-content\/uploads\/2023\/05\/biholiday-pola-banner.jpg\",\"articleSection\":[\"Novit\u00e0\"],\"inLanguage\":\"it-IT\"},{\"@type\":\"WebPage\",\"@id\":\"https:\/\/www.bivillage.com\/it\/news\/novita\/benvenuto-a-pola\/\",\"url\":\"https:\/\/www.biholiday.com\/it\/magazine\/benvenuto-a-pola\/\",\"name\":\"Benvenuto a Pola - BiVillage\",\"isPartOf\":{\"@id\":\"https:\/\/www.bivillage.com\/it\/#website\"},\"primaryImageOfPage\":{\"@id\":\"https:\/\/www.biholiday.com\/it\/magazine\/benvenuto-a-pola\/#primaryimage\"},\"image\":{\"@id\":\"https:\/\/www.biholiday.com\/it\/magazine\/benvenuto-a-pola\/#primaryimage\"},\"thumbnailUrl\":\"https:\/\/www.bivillage.com\/wp-content\/uploads\/2023\/05\/biholiday-pola-banner.jpg\",\"datePublished\":\"2023-05-16T13:36:24+00:00\",\"dateModified\":\"2023-05-16T13:36:25+00:00\",\"breadcrumb\":{\"@id\":\"https:\/\/www.biholiday.com\/it\/magazine\/benvenuto-a-pola\/#breadcrumb\"},\"inLanguage\":\"it-IT\",\"potentialAction\":[{\"@type\":\"ReadAction\",\"target\":[\"https:\/\/www.biholiday.com\/it\/magazine\/benvenuto-a-pola\/\"]}]},{\"@type\":\"ImageObject\",\"inLanguage\":\"it-IT\",\"@id\":\"https:\/\/www.biholiday.com\/it\/magazine\/benvenuto-a-pola\/#primaryimage\",\"url\":\"https:\/\/www.bivillage.com\/wp-content\/uploads\/2023\/05\/biholiday-pola-banner.jpg\",\"contentUrl\":\"https:\/\/www.bivillage.com\/wp-content\/uploads\/2023\/05\/biholiday-pola-banner.jpg\",\"width\":2000,\"height\":1000},{\"@type\":\"BreadcrumbList\",\"@id\":\"https:\/\/www.biholiday.com\/it\/magazine\/benvenuto-a-pola\/#breadcrumb\",\"itemListElement\":[{\"@type\":\"ListItem\",\"position\":1,\"name\":\"Home\",\"item\":\"https:\/\/www.bivillage.com\/it\/\"},{\"@type\":\"ListItem\",\"position\":2,\"name\":\"Novit\u00e0\",\"item\":\"https:\/\/www.bivillage.com\/it\/news\/category\/novita\/\"},{\"@type\":\"ListItem\",\"position\":3,\"name\":\"Benvenuto a Pola\"}]},{\"@type\":\"WebSite\",\"@id\":\"https:\/\/www.bivillage.com\/it\/#website\",\"url\":\"https:\/\/www.bivillage.com\/it\/\",\"name\":\"BiVillage\",\"description\":\"Fasana, ISTRIA\",\"publisher\":{\"@id\":\"https:\/\/www.bivillage.com\/it\/#organization\"},\"potentialAction\":[{\"@type\":\"SearchAction\",\"target\":{\"@type\":\"EntryPoint\",\"urlTemplate\":\"https:\/\/www.bivillage.com\/it\/?s={search_term_string}\"},\"query-input\":{\"@type\":\"PropertyValueSpecification\",\"valueRequired\":true,\"valueName\":\"search_term_string\"}}],\"inLanguage\":\"it-IT\"},{\"@type\":\"Organization\",\"@id\":\"https:\/\/www.bivillage.com\/it\/#organization\",\"name\":\"BiVillage\",\"alternateName\":\"bivillage\",\"url\":\"https:\/\/www.bivillage.com\/it\/\",\"logo\":{\"@type\":\"ImageObject\",\"inLanguage\":\"it-IT\",\"@id\":\"https:\/\/www.bivillage.com\/it\/#\/schema\/logo\/image\/\",\"url\":\"https:\/\/www.bivillage.com\/wp-content\/uploads\/2022\/04\/logo-bivillage.png\",\"contentUrl\":\"https:\/\/www.bivillage.com\/wp-content\/uploads\/2022\/04\/logo-bivillage.png\",\"width\":973,\"height\":340,\"caption\":\"BiVillage\"},\"image\":{\"@id\":\"https:\/\/www.bivillage.com\/it\/#\/schema\/logo\/image\/\"},\"sameAs\":[\"https:\/\/www.facebook.com\/BiVillageHolidayCenter\/\",\"https:\/\/www.instagram.com\/bivillage_holidayresort\/\",\"https:\/\/www.youtube.com\/channel\/UCu0whYLFWz1DQK-xiTLIuVw\",\"https:\/\/www.tiktok.com\/@bivillage\"]},{\"@type\":\"Person\",\"@id\":\"https:\/\/www.bivillage.com\/it\/#\/schema\/person\/2ec8fa3656fb4f3b46042d980846560d\",\"name\":\"Federica Cattelan\"}]}<\/script>\n<!-- \/ Yoast SEO plugin. -->","yoast_head_json":{"title":"Benvenuto a Pola - BiVillage","robots":{"index":"index","follow":"follow","max-snippet":"max-snippet:-1","max-image-preview":"max-image-preview:large","max-video-preview":"max-video-preview:-1"},"canonical":"https:\/\/www.biholiday.com\/it\/magazine\/benvenuto-a-pola\/","og_locale":"it_IT","og_type":"article","og_title":"Benvenuto a Pola - BiVillage","og_description":"Breve storia di una citt\u00e0 e di cosa non si pu\u00f2 perdere","og_url":"https:\/\/www.biholiday.com\/it\/magazine\/benvenuto-a-pola\/","og_site_name":"BiVillage","article_publisher":"https:\/\/www.facebook.com\/BiVillageHolidayCenter\/","article_published_time":"2023-05-16T13:36:24+00:00","article_modified_time":"2023-05-16T13:36:25+00:00","og_image":[{"width":2000,"height":1000,"url":"https:\/\/www.bivillage.com\/wp-content\/uploads\/2023\/05\/biholiday-pola-banner.jpg","type":"image\/jpeg"}],"author":"Federica Cattelan","twitter_card":"summary_large_image","twitter_misc":{"Scritto da":"Federica Cattelan","Tempo di lettura stimato":"6 minuti"},"schema":{"@context":"https:\/\/schema.org","@graph":[{"@type":"Article","@id":"https:\/\/www.biholiday.com\/it\/magazine\/benvenuto-a-pola\/#article","isPartOf":{"@id":"https:\/\/www.bivillage.com\/it\/news\/novita\/benvenuto-a-pola\/"},"author":{"name":"Federica Cattelan","@id":"https:\/\/www.bivillage.com\/it\/#\/schema\/person\/2ec8fa3656fb4f3b46042d980846560d"},"headline":"Benvenuto a Pola","datePublished":"2023-05-16T13:36:24+00:00","dateModified":"2023-05-16T13:36:25+00:00","mainEntityOfPage":{"@id":"https:\/\/www.bivillage.com\/it\/news\/novita\/benvenuto-a-pola\/"},"wordCount":992,"publisher":{"@id":"https:\/\/www.bivillage.com\/it\/#organization"},"image":{"@id":"https:\/\/www.biholiday.com\/it\/magazine\/benvenuto-a-pola\/#primaryimage"},"thumbnailUrl":"https:\/\/www.bivillage.com\/wp-content\/uploads\/2023\/05\/biholiday-pola-banner.jpg","articleSection":["Novit\u00e0"],"inLanguage":"it-IT"},{"@type":"WebPage","@id":"https:\/\/www.bivillage.com\/it\/news\/novita\/benvenuto-a-pola\/","url":"https:\/\/www.biholiday.com\/it\/magazine\/benvenuto-a-pola\/","name":"Benvenuto a Pola - BiVillage","isPartOf":{"@id":"https:\/\/www.bivillage.com\/it\/#website"},"primaryImageOfPage":{"@id":"https:\/\/www.biholiday.com\/it\/magazine\/benvenuto-a-pola\/#primaryimage"},"image":{"@id":"https:\/\/www.biholiday.com\/it\/magazine\/benvenuto-a-pola\/#primaryimage"},"thumbnailUrl":"https:\/\/www.bivillage.com\/wp-content\/uploads\/2023\/05\/biholiday-pola-banner.jpg","datePublished":"2023-05-16T13:36:24+00:00","dateModified":"2023-05-16T13:36:25+00:00","breadcrumb":{"@id":"https:\/\/www.biholiday.com\/it\/magazine\/benvenuto-a-pola\/#breadcrumb"},"inLanguage":"it-IT","potentialAction":[{"@type":"ReadAction","target":["https:\/\/www.biholiday.com\/it\/magazine\/benvenuto-a-pola\/"]}]},{"@type":"ImageObject","inLanguage":"it-IT","@id":"https:\/\/www.biholiday.com\/it\/magazine\/benvenuto-a-pola\/#primaryimage","url":"https:\/\/www.bivillage.com\/wp-content\/uploads\/2023\/05\/biholiday-pola-banner.jpg","contentUrl":"https:\/\/www.bivillage.com\/wp-content\/uploads\/2023\/05\/biholiday-pola-banner.jpg","width":2000,"height":1000},{"@type":"BreadcrumbList","@id":"https:\/\/www.biholiday.com\/it\/magazine\/benvenuto-a-pola\/#breadcrumb","itemListElement":[{"@type":"ListItem","position":1,"name":"Home","item":"https:\/\/www.bivillage.com\/it\/"},{"@type":"ListItem","position":2,"name":"Novit\u00e0","item":"https:\/\/www.bivillage.com\/it\/news\/category\/novita\/"},{"@type":"ListItem","position":3,"name":"Benvenuto a Pola"}]},{"@type":"WebSite","@id":"https:\/\/www.bivillage.com\/it\/#website","url":"https:\/\/www.bivillage.com\/it\/","name":"BiVillage","description":"Fasana, ISTRIA","publisher":{"@id":"https:\/\/www.bivillage.com\/it\/#organization"},"potentialAction":[{"@type":"SearchAction","target":{"@type":"EntryPoint","urlTemplate":"https:\/\/www.bivillage.com\/it\/?s={search_term_string}"},"query-input":{"@type":"PropertyValueSpecification","valueRequired":true,"valueName":"search_term_string"}}],"inLanguage":"it-IT"},{"@type":"Organization","@id":"https:\/\/www.bivillage.com\/it\/#organization","name":"BiVillage","alternateName":"bivillage","url":"https:\/\/www.bivillage.com\/it\/","logo":{"@type":"ImageObject","inLanguage":"it-IT","@id":"https:\/\/www.bivillage.com\/it\/#\/schema\/logo\/image\/","url":"https:\/\/www.bivillage.com\/wp-content\/uploads\/2022\/04\/logo-bivillage.png","contentUrl":"https:\/\/www.bivillage.com\/wp-content\/uploads\/2022\/04\/logo-bivillage.png","width":973,"height":340,"caption":"BiVillage"},"image":{"@id":"https:\/\/www.bivillage.com\/it\/#\/schema\/logo\/image\/"},"sameAs":["https:\/\/www.facebook.com\/BiVillageHolidayCenter\/","https:\/\/www.instagram.com\/bivillage_holidayresort\/","https:\/\/www.youtube.com\/channel\/UCu0whYLFWz1DQK-xiTLIuVw","https:\/\/www.tiktok.com\/@bivillage"]},{"@type":"Person","@id":"https:\/\/www.bivillage.com\/it\/#\/schema\/person\/2ec8fa3656fb4f3b46042d980846560d","name":"Federica Cattelan"}]}},"author_meta":{"display_name":"Federica Cattelan","author_link":"https:\/\/www.bivillage.com\/it\/news\/author\/federica-cattelan\/"},"featured_img":"https:\/\/www.bivillage.com\/wp-content\/uploads\/2023\/05\/biholiday-pola-banner-300x150.jpg","coauthors":[],"tax_additional":{"categories":{"linked":["<a href=\"https:\/\/www.bivillage.com\/it\/news\/category\/novita\/\" class=\"advgb-post-tax-term\">Novit\u00e0<\/a>"],"unlinked":["<span class=\"advgb-post-tax-term\">Novit\u00e0<\/span>"]}},"comment_count":"0","relative_dates":{"created":"Pubblicato 3 anni fa","modified":"Aggiornato 3 anni fa"},"absolute_dates":{"created":"Pubblicato il Maggio 16, 2023","modified":"Aggiornato il Maggio 16, 2023"},"absolute_dates_time":{"created":"Pubblicato il Maggio 16, 2023 3:36 pm","modified":"Aggiornato il Maggio 16, 2023 3:36 pm"},"featured_img_caption":"","series_order":"","_links":{"self":[{"href":"https:\/\/www.bivillage.com\/it\/wp-json\/wp\/v2\/posts\/15561","targetHints":{"allow":["GET"]}}],"collection":[{"href":"https:\/\/www.bivillage.com\/it\/wp-json\/wp\/v2\/posts"}],"about":[{"href":"https:\/\/www.bivillage.com\/it\/wp-json\/wp\/v2\/types\/post"}],"author":[{"embeddable":true,"href":"https:\/\/www.bivillage.com\/it\/wp-json\/wp\/v2\/users\/10"}],"replies":[{"embeddable":true,"href":"https:\/\/www.bivillage.com\/it\/wp-json\/wp\/v2\/comments?post=15561"}],"version-history":[{"count":0,"href":"https:\/\/www.bivillage.com\/it\/wp-json\/wp\/v2\/posts\/15561\/revisions"}],"wp:featuredmedia":[{"embeddable":true,"href":"https:\/\/www.bivillage.com\/it\/wp-json\/wp\/v2\/media\/15762"}],"wp:attachment":[{"href":"https:\/\/www.bivillage.com\/it\/wp-json\/wp\/v2\/media?parent=15561"}],"wp:term":[{"taxonomy":"category","embeddable":true,"href":"https:\/\/www.bivillage.com\/it\/wp-json\/wp\/v2\/categories?post=15561"},{"taxonomy":"post_tag","embeddable":true,"href":"https:\/\/www.bivillage.com\/it\/wp-json\/wp\/v2\/tags?post=15561"}],"curies":[{"name":"wp","href":"https:\/\/api.w.org\/{rel}","templated":true}]}}