{"id":16066,"date":"2023-06-03T06:00:00","date_gmt":"2023-06-03T04:00:00","guid":{"rendered":"https:\/\/www.bivillage.com\/?p=16066"},"modified":"2023-05-25T14:38:50","modified_gmt":"2023-05-25T12:38:50","slug":"svjetski-dan-bicikla","status":"publish","type":"post","link":"https:\/\/www.bivillage.com\/hr\/news\/novosti\/svjetski-dan-bicikla\/","title":{"rendered":"Svjetski dan bicikla"},"content":{"rendered":"<div  class=\"grids-section grids-is-advanced alignwide\" style=\"--_gs-gap-desktop:0px 0px;--_gs-m-desktop:0 0 0 0;--_gs-p-desktop:0 0 0 0;--_gs-bg-desktop:transparent none;--_gs-bg-xp-desktop:0px;--_gs-zi-desktop:auto;--_gs-d-desktop:block;--_gs-mw-desktop:calc(100% - 0 - 0);--_gs-gap-tablet:0px 0px;--_gs-m-tablet:0 0 0 0;--_gs-p-tablet:0 0 0 0;--_gs-bg-tablet:transparent none;--_gs-bg-xp-tablet:0px;--_gs-zi-tablet:auto;--_gs-d-tablet:block;--_gs-mw-tablet:calc(100% - 0 - 0);--_gs-gap-mobile:0px 0px;--_gs-m-mobile:0 0 0 0;--_gs-p-mobile:0 25px 0 25px;--_gs-bg-mobile:transparent none;--_gs-bg-xp-mobile:0px;--_gs-zi-mobile:auto;--_gs-d-mobile:block;--_gs-mw-mobile:calc(100% - 0 - 0);--_gs-columns:12;--_gs-rows:6\"><div class=\"grids-s-w_i\">\n<div class=\"grids-area\" style=\"--_ga-column:2\/12;--_ga-row:2\/4;--_ga-m-desktop:0 0 0 0;--_ga-p-desktop:0 0 0 0;--_ga-bg-desktop:transparent none;--_ga-zi-desktop:auto;--_ga-d-desktop:flex;--_ga-mw-desktop:calc(100% - 0 - 0);--_ga-m-tablet:0 0 0 0;--_ga-p-tablet:0 0 0 0;--_ga-bg-tablet:transparent none;--_ga-zi-tablet:auto;--_ga-d-tablet:flex;--_ga-mw-tablet:calc(100% - 0 - 0);--_ga-m-mobile:0 0 0 0;--_ga-p-mobile:0 0 0 0;--_ga-bg-mobile:transparent none;--_ga-zi-mobile:auto;--_ga-d-mobile:flex;--_ga-mw-mobile:calc(100% - 0 - 0)\">\n\n<blockquote class=\"wp-block-quote is-layout-flow wp-block-quote-is-layout-flow\">\n<p class=\"has-text-align-center\"><em>\u201eJedinstvenost, dugovje\u010dnost i svestranost bicikla koji je u uporabi ve\u0107 dva stolje\u0107a i jednostavano je, jeftino, pouzdano i odr\u017eivo prijevozno sredstvo koje promi\u010de o\u010duvanje okoli\u0161a i zdravlje.\u201c<\/em><\/p>\n<\/blockquote>\n\n\n\n<p>Upravo su uz te rije\u010di <strong>2018.<\/strong> godine 193 \u010dlanice <strong>Ujedinjenih naroda<\/strong> glasale \u201eza\u201c i odlu\u010dile da se <strong>3. lipnja<\/strong> obilje\u017eava Svjetski dan bicikla.<\/p>\n\n<\/div>\n<\/div><\/div>\n\n\n\n\n<div  class=\"grids-section grids-is-advanced\" style=\"--_gs-gap-desktop:0px 0px;--_gs-m-desktop:0 0 0 0;--_gs-p-desktop:35px 0 35px 0;--_gs-bg-desktop:transparent none;--_gs-bg-xp-desktop:0px;--_gs-zi-desktop:auto;--_gs-d-desktop:block;--_gs-mw-desktop:calc(100% - 0 - 0);--_gs-gap-tablet:0px 0px;--_gs-m-tablet:0 0 0 0;--_gs-p-tablet:35px 0 35px 0;--_gs-bg-tablet:transparent none;--_gs-bg-xp-tablet:0px;--_gs-zi-tablet:auto;--_gs-d-tablet:block;--_gs-mw-tablet:calc(100% - 0 - 0);--_gs-gap-mobile:0px 0px;--_gs-m-mobile:0 0 0 0;--_gs-p-mobile:0px 25px 0px 25px;--_gs-bg-mobile:transparent none;--_gs-bg-xp-mobile:0px;--_gs-zi-mobile:auto;--_gs-d-mobile:block;--_gs-mw-mobile:calc(100% - 0 - 0);--_gs-columns:12;--_gs-rows:6\"><div class=\"grids-s-w_i\">\n<div class=\"grids-area\" style=\"--_ga-column:2\/12;--_ga-row:2\/7;--_ga-m-desktop:0 0 0 0;--_ga-p-desktop:0 0 0 0;--_ga-bg-desktop:transparent none;--_ga-zi-desktop:auto;--_ga-d-desktop:flex;--_ga-mw-desktop:calc(100% - 0 - 0);--_ga-m-tablet:0 0 0 0;--_ga-p-tablet:0 0 0 0;--_ga-bg-tablet:transparent none;--_ga-zi-tablet:auto;--_ga-d-tablet:flex;--_ga-mw-tablet:calc(100% - 0 - 0);--_ga-m-mobile:0 0 0 0;--_ga-p-mobile:0 0 0 0;--_ga-bg-mobile:transparent none;--_ga-zi-mobile:auto;--_ga-d-mobile:flex;--_ga-mw-mobile:calc(100% - 0 - 0)\">\n\n<p>U <strong>modernim vremenima<\/strong> u kojima hidrogeolo\u0161ki fenomeni povezani s klimatskim promjenama pridonose promjeni paradigme koja donosi katastrofe i razaranje, obra\u0107anje pozornosti \u010dak i na najmanje geste koje mo\u017eemo \u010diniti svakodnevno kao aktivni gra\u0111ani na\u0161eg planeta <strong>va\u017enije je nego ikad<\/strong>.<\/p>\n\n\n\n<h2 class=\"wp-block-heading\">Bicikl i kreativnost<\/h2>\n\n\n\n<p><strong>Vo\u017enja biciklom poti\u010de kreativnost<\/strong>, <strong>znati\u017eelju<\/strong> i postavlja sporiji, ali svakako skladniji tempo \u017eivota. <\/p>\n\n\n\n<p>To dovodi do zao\u0161travanja potreba za <strong>istra\u017eivanjem<\/strong> i otkrivanjem sebe, koja je u vremenu digitalizacije, \u010dini se, postala nedosti\u017eni mitolo\u0161ki koncept.<\/p>\n\n\n\n<p>Ako smo <strong>odrasli slu\u0161aju\u0107i<\/strong> imena biciklisti\u010dkih prvak u pjesmama &#8211; remek-djelo Francesca De Gregorija iz 1993.<em>\u201eIl bandito e il Campione\u201c<\/em>&#8211; umotani u toplinu utrke Giro d&#8217;Italia; <strong>ako smo sanjali neoptere\u0107ena<\/strong> putovanja u sjedalu \u201evatreno crvenog\u201c bicikla; ako nam koljena jo\u0161 klecaju <strong>pri sje\u0107anju na<\/strong>prve pustolovine na biciklima bez pomo\u0107nih kota\u010da, danas vi\u0161e nego ikada bicikl mo\u017eemo definirati kao semioti\u010dki objekt snova i iskupljenja, svijesti i povjerenja, ljubavi i strasti.<\/p>\n\n<\/div>\n<\/div><\/div>\n\n\n\n\n<div  class=\"grids-section row-information grids-is-advanced alignfull\" style=\"--_gs-gap-desktop:0px 0px;--_gs-m-desktop:0 0 0 0;--_gs-p-desktop:0 0 0 0;--_gs-bg-desktop:#64b95b none;--_gs-bg-xp-desktop:0px;--_gs-zi-desktop:auto;--_gs-d-desktop:block;--_gs-mw-desktop:calc(100% - 0 - 0);--_gs-gap-tablet:0px 0px;--_gs-m-tablet:0 0 0 0;--_gs-p-tablet:0 0 0 0;--_gs-bg-tablet:#64b95b none;--_gs-bg-xp-tablet:0px;--_gs-zi-tablet:auto;--_gs-d-tablet:block;--_gs-mw-tablet:calc(100% - 0 - 0);--_gs-gap-mobile:0px 0px;--_gs-m-mobile:0 0 0 0;--_gs-p-mobile:0 0 0 0;--_gs-bg-mobile:#64b95b none;--_gs-bg-xp-mobile:0px;--_gs-zi-mobile:auto;--_gs-d-mobile:block;--_gs-mw-mobile:calc(100% - 0 - 0);--_gs-columns:12;--_gs-rows:6\"><div class=\"grids-s-w_i\">\n<div class=\"grids-area\" style=\"--_ga-column:1\/4;--_ga-row:1\/7;--_ga-va:center;--_ga-m-desktop:0 0 0 0;--_ga-p-desktop:0 0 0 0;--_ga-bg-desktop:transparent none;--_ga-zi-desktop:auto;--_ga-d-desktop:flex;--_ga-mw-desktop:calc(100% - 0 - 0);--_ga-m-tablet:0 0 0 0;--_ga-p-tablet:0 0 0 0;--_ga-bg-tablet:transparent none;--_ga-zi-tablet:auto;--_ga-d-tablet:flex;--_ga-mw-tablet:calc(100% - 0 - 0);--_ga-m-mobile:0 0 0 0;--_ga-p-mobile:0 0 0 0;--_ga-bg-mobile:transparent none;--_ga-zi-mobile:auto;--_ga-d-mobile:flex;--_ga-mw-mobile:calc(100% - 0 - 0)\"><\/div>\n\n<div class=\"grids-area\" style=\"--_ga-column:4\/10;--_ga-row:1\/7;--_ga-va:center;--_ga-m-desktop:0 0 0 0;--_ga-p-desktop:0 0 0 0;--_ga-bg-desktop:transparent none;--_ga-zi-desktop:auto;--_ga-d-desktop:flex;--_ga-mw-desktop:calc(100% - 0 - 0);--_ga-m-tablet:0 0 0 0;--_ga-p-tablet:0 0 0 0;--_ga-bg-tablet:transparent none;--_ga-zi-tablet:auto;--_ga-d-tablet:flex;--_ga-mw-tablet:calc(100% - 0 - 0);--_ga-m-mobile:0 25px 0 25px;--_ga-p-mobile:0 0 0 0;--_ga-bg-mobile:transparent none;--_ga-zi-mobile:auto;--_ga-d-mobile:flex;--_ga-mw-mobile:calc(100% - 25px - 25px)\">\n\n<h2 class=\"wp-block-heading has-text-align-center advgb-dyn-69d5f10a\">Biciklisti\u010dki odmor<\/h2>\n\n\n\n<p class=\"has-text-align-center\">U <strong>Italiji<\/strong> vas \u010deka <strong>Villaggio San Francesco<\/strong>, nevjerojatno turisti\u010dko naselje grupacije BiHoliday udaljeno samo nekoliko kilometara od <strong>Venecije<\/strong>. Otkrijte ga na sjedalu svog bicikla!<\/p>\n\n\n\n<div class=\"wp-block-buttons is-content-justification-center is-layout-flex wp-container-core-buttons-is-layout-28206b41 wp-block-buttons-is-layout-flex\">\n<div class=\"wp-block-button is-style-outline is-style-outline--2\"><a class=\"wp-block-button__link has-white-background-color has-text-color has-background wp-element-button\" href=\"https:\/\/www.villaggiosanfrancesco.com\/en\/its-time-to-ride-your-bike\/\" style=\"color:#64b95b\" target=\"_blank\" rel=\"noreferrer noopener\">Otkrijte naselje Villaggio San Francesco<\/a><\/div>\n<\/div>\n\n<\/div>\n\n<div class=\"grids-area\" style=\"--_ga-column:10\/13;--_ga-row:1\/7;--_ga-va:center;--_ga-m-desktop:0 0 0 0;--_ga-p-desktop:0 0 0 0;--_ga-bg-desktop:transparent none;--_ga-zi-desktop:auto;--_ga-d-desktop:flex;--_ga-mw-desktop:calc(100% - 0 - 0);--_ga-m-tablet:0 0 0 0;--_ga-p-tablet:0 0 0 0;--_ga-bg-tablet:transparent none;--_ga-zi-tablet:auto;--_ga-d-tablet:flex;--_ga-mw-tablet:calc(100% - 0 - 0);--_ga-m-mobile:0 0 0 0;--_ga-p-mobile:0 0 0 0;--_ga-bg-mobile:transparent none;--_ga-zi-mobile:auto;--_ga-d-mobile:flex;--_ga-mw-mobile:calc(100% - 0 - 0)\"><\/div>\n<\/div><\/div>","protected":false},"excerpt":{"rendered":"<p>Odr\u017eivost i uklju\u010divost<\/p>\n","protected":false},"author":10,"featured_media":16083,"comment_status":"closed","ping_status":"open","sticky":false,"template":"","format":"standard","meta":{"_acf_changed":false,"advgb_blocks_editor_width":"","advgb_blocks_columns_visual_guide":"","footnotes":""},"categories":[21],"tags":[],"class_list":["post-16066","post","type-post","status-publish","format-standard","has-post-thumbnail","hentry","category-novosti","entry"],"acf":[],"yoast_head":"<!-- This site is optimized with the Yoast SEO plugin v26.0 - https:\/\/yoast.com\/wordpress\/plugins\/seo\/ -->\n<title>Svjetski dan bicikla - BiVillage<\/title>\n<meta name=\"description\" content=\"BAUWATCH - Jedini doga\u0111aj posve\u0107en psima u Hrvatskoj! \u010cekamo vas 10. i 11. lipnja 2023. u BiVillageu, u Istri.\" \/>\n<meta name=\"robots\" content=\"index, follow, max-snippet:-1, max-image-preview:large, max-video-preview:-1\" \/>\n<link rel=\"canonical\" href=\"https:\/\/www.bivillage.com\/hr\/news\/novosti\/svjetski-dan-bicikla\/\" \/>\n<meta property=\"og:locale\" content=\"hr_HR\" \/>\n<meta property=\"og:type\" content=\"article\" \/>\n<meta property=\"og:title\" content=\"Svjetski dan bicikla - BiVillage\" \/>\n<meta property=\"og:description\" content=\"BAUWATCH - Jedini doga\u0111aj posve\u0107en psima u Hrvatskoj! \u010cekamo vas 10. i 11. lipnja 2023. u BiVillageu, u Istri.\" \/>\n<meta property=\"og:url\" content=\"https:\/\/www.bivillage.com\/hr\/news\/novosti\/svjetski-dan-bicikla\/\" \/>\n<meta property=\"og:site_name\" content=\"BiVillage\" \/>\n<meta property=\"article:publisher\" content=\"https:\/\/www.facebook.com\/BiVillageHolidayCenter\/\" \/>\n<meta property=\"article:published_time\" content=\"2023-06-03T04:00:00+00:00\" \/>\n<meta property=\"og:image\" content=\"https:\/\/www.bivillage.com\/wp-content\/uploads\/2023\/05\/bivillage-giornata-mondiale-bicicletta-banner.jpg\" \/>\n\t<meta property=\"og:image:width\" content=\"2000\" \/>\n\t<meta property=\"og:image:height\" content=\"1000\" \/>\n\t<meta property=\"og:image:type\" content=\"image\/jpeg\" \/>\n<meta name=\"author\" content=\"Federica Cattelan\" \/>\n<meta name=\"twitter:card\" content=\"summary_large_image\" \/>\n<meta name=\"twitter:label1\" content=\"Napisao\/la\" \/>\n\t<meta name=\"twitter:data1\" content=\"Federica Cattelan\" \/>\n\t<meta name=\"twitter:label2\" content=\"Procijenjeno vrijeme \u010ditanja\" \/>\n\t<meta name=\"twitter:data2\" content=\"2 minute\" \/>\n<script type=\"application\/ld+json\" class=\"yoast-schema-graph\">{\"@context\":\"https:\/\/schema.org\",\"@graph\":[{\"@type\":\"Article\",\"@id\":\"https:\/\/www.bivillage.com\/hr\/news\/novosti\/svjetski-dan-bicikla\/#article\",\"isPartOf\":{\"@id\":\"https:\/\/www.bivillage.com\/hr\/news\/novosti\/svjetski-dan-bicikla\/\"},\"author\":{\"name\":\"Federica Cattelan\",\"@id\":\"https:\/\/www.bivillage.com\/hr\/#\/schema\/person\/2ec8fa3656fb4f3b46042d980846560d\"},\"headline\":\"Svjetski dan bicikla\",\"datePublished\":\"2023-06-03T04:00:00+00:00\",\"mainEntityOfPage\":{\"@id\":\"https:\/\/www.bivillage.com\/hr\/news\/novosti\/svjetski-dan-bicikla\/\"},\"wordCount\":270,\"publisher\":{\"@id\":\"https:\/\/www.bivillage.com\/hr\/#organization\"},\"image\":{\"@id\":\"https:\/\/www.bivillage.com\/hr\/news\/novosti\/svjetski-dan-bicikla\/#primaryimage\"},\"thumbnailUrl\":\"https:\/\/www.bivillage.com\/wp-content\/uploads\/2023\/05\/bivillage-giornata-mondiale-bicicletta-banner.jpg\",\"articleSection\":[\"Novosti\"],\"inLanguage\":\"hr\"},{\"@type\":\"WebPage\",\"@id\":\"https:\/\/www.bivillage.com\/hr\/news\/novosti\/svjetski-dan-bicikla\/\",\"url\":\"https:\/\/www.bivillage.com\/hr\/news\/novosti\/svjetski-dan-bicikla\/\",\"name\":\"Svjetski dan bicikla - BiVillage\",\"isPartOf\":{\"@id\":\"https:\/\/www.bivillage.com\/hr\/#website\"},\"primaryImageOfPage\":{\"@id\":\"https:\/\/www.bivillage.com\/hr\/news\/novosti\/svjetski-dan-bicikla\/#primaryimage\"},\"image\":{\"@id\":\"https:\/\/www.bivillage.com\/hr\/news\/novosti\/svjetski-dan-bicikla\/#primaryimage\"},\"thumbnailUrl\":\"https:\/\/www.bivillage.com\/wp-content\/uploads\/2023\/05\/bivillage-giornata-mondiale-bicicletta-banner.jpg\",\"datePublished\":\"2023-06-03T04:00:00+00:00\",\"description\":\"BAUWATCH - Jedini doga\u0111aj posve\u0107en psima u Hrvatskoj! \u010cekamo vas 10. i 11. lipnja 2023. u BiVillageu, u Istri.\",\"breadcrumb\":{\"@id\":\"https:\/\/www.bivillage.com\/hr\/news\/novosti\/svjetski-dan-bicikla\/#breadcrumb\"},\"inLanguage\":\"hr\",\"potentialAction\":[{\"@type\":\"ReadAction\",\"target\":[\"https:\/\/www.bivillage.com\/hr\/news\/novosti\/svjetski-dan-bicikla\/\"]}]},{\"@type\":\"ImageObject\",\"inLanguage\":\"hr\",\"@id\":\"https:\/\/www.bivillage.com\/hr\/news\/novosti\/svjetski-dan-bicikla\/#primaryimage\",\"url\":\"https:\/\/www.bivillage.com\/wp-content\/uploads\/2023\/05\/bivillage-giornata-mondiale-bicicletta-banner.jpg\",\"contentUrl\":\"https:\/\/www.bivillage.com\/wp-content\/uploads\/2023\/05\/bivillage-giornata-mondiale-bicicletta-banner.jpg\",\"width\":2000,\"height\":1000},{\"@type\":\"BreadcrumbList\",\"@id\":\"https:\/\/www.bivillage.com\/hr\/news\/novosti\/svjetski-dan-bicikla\/#breadcrumb\",\"itemListElement\":[{\"@type\":\"ListItem\",\"position\":1,\"name\":\"Home\",\"item\":\"https:\/\/www.bivillage.com\/hr\/\"},{\"@type\":\"ListItem\",\"position\":2,\"name\":\"Novosti\",\"item\":\"https:\/\/www.bivillage.com\/hr\/news\/category\/novosti\/\"},{\"@type\":\"ListItem\",\"position\":3,\"name\":\"Svjetski dan bicikla\"}]},{\"@type\":\"WebSite\",\"@id\":\"https:\/\/www.bivillage.com\/hr\/#website\",\"url\":\"https:\/\/www.bivillage.com\/hr\/\",\"name\":\"BiVillage\",\"description\":\"Fasana, ISTRIA\",\"publisher\":{\"@id\":\"https:\/\/www.bivillage.com\/hr\/#organization\"},\"potentialAction\":[{\"@type\":\"SearchAction\",\"target\":{\"@type\":\"EntryPoint\",\"urlTemplate\":\"https:\/\/www.bivillage.com\/hr\/?s={search_term_string}\"},\"query-input\":{\"@type\":\"PropertyValueSpecification\",\"valueRequired\":true,\"valueName\":\"search_term_string\"}}],\"inLanguage\":\"hr\"},{\"@type\":\"Organization\",\"@id\":\"https:\/\/www.bivillage.com\/hr\/#organization\",\"name\":\"BiVillage\",\"alternateName\":\"bivillage\",\"url\":\"https:\/\/www.bivillage.com\/hr\/\",\"logo\":{\"@type\":\"ImageObject\",\"inLanguage\":\"hr\",\"@id\":\"https:\/\/www.bivillage.com\/hr\/#\/schema\/logo\/image\/\",\"url\":\"https:\/\/www.bivillage.com\/wp-content\/uploads\/2022\/04\/logo-bivillage.png\",\"contentUrl\":\"https:\/\/www.bivillage.com\/wp-content\/uploads\/2022\/04\/logo-bivillage.png\",\"width\":973,\"height\":340,\"caption\":\"BiVillage\"},\"image\":{\"@id\":\"https:\/\/www.bivillage.com\/hr\/#\/schema\/logo\/image\/\"},\"sameAs\":[\"https:\/\/www.facebook.com\/BiVillageHolidayCenter\/\",\"https:\/\/www.instagram.com\/bivillage_holidayresort\/\",\"https:\/\/www.youtube.com\/channel\/UCu0whYLFWz1DQK-xiTLIuVw\",\"https:\/\/www.tiktok.com\/@bivillage\"]},{\"@type\":\"Person\",\"@id\":\"https:\/\/www.bivillage.com\/hr\/#\/schema\/person\/2ec8fa3656fb4f3b46042d980846560d\",\"name\":\"Federica Cattelan\"}]}<\/script>\n<!-- \/ Yoast SEO plugin. -->","yoast_head_json":{"title":"Svjetski dan bicikla - BiVillage","description":"BAUWATCH - Jedini doga\u0111aj posve\u0107en psima u Hrvatskoj! \u010cekamo vas 10. i 11. lipnja 2023. u BiVillageu, u Istri.","robots":{"index":"index","follow":"follow","max-snippet":"max-snippet:-1","max-image-preview":"max-image-preview:large","max-video-preview":"max-video-preview:-1"},"canonical":"https:\/\/www.bivillage.com\/hr\/news\/novosti\/svjetski-dan-bicikla\/","og_locale":"hr_HR","og_type":"article","og_title":"Svjetski dan bicikla - BiVillage","og_description":"BAUWATCH - Jedini doga\u0111aj posve\u0107en psima u Hrvatskoj! \u010cekamo vas 10. i 11. lipnja 2023. u BiVillageu, u Istri.","og_url":"https:\/\/www.bivillage.com\/hr\/news\/novosti\/svjetski-dan-bicikla\/","og_site_name":"BiVillage","article_publisher":"https:\/\/www.facebook.com\/BiVillageHolidayCenter\/","article_published_time":"2023-06-03T04:00:00+00:00","og_image":[{"width":2000,"height":1000,"url":"https:\/\/www.bivillage.com\/wp-content\/uploads\/2023\/05\/bivillage-giornata-mondiale-bicicletta-banner.jpg","type":"image\/jpeg"}],"author":"Federica Cattelan","twitter_card":"summary_large_image","twitter_misc":{"Napisao\/la":"Federica Cattelan","Procijenjeno vrijeme \u010ditanja":"2 minute"},"schema":{"@context":"https:\/\/schema.org","@graph":[{"@type":"Article","@id":"https:\/\/www.bivillage.com\/hr\/news\/novosti\/svjetski-dan-bicikla\/#article","isPartOf":{"@id":"https:\/\/www.bivillage.com\/hr\/news\/novosti\/svjetski-dan-bicikla\/"},"author":{"name":"Federica Cattelan","@id":"https:\/\/www.bivillage.com\/hr\/#\/schema\/person\/2ec8fa3656fb4f3b46042d980846560d"},"headline":"Svjetski dan bicikla","datePublished":"2023-06-03T04:00:00+00:00","mainEntityOfPage":{"@id":"https:\/\/www.bivillage.com\/hr\/news\/novosti\/svjetski-dan-bicikla\/"},"wordCount":270,"publisher":{"@id":"https:\/\/www.bivillage.com\/hr\/#organization"},"image":{"@id":"https:\/\/www.bivillage.com\/hr\/news\/novosti\/svjetski-dan-bicikla\/#primaryimage"},"thumbnailUrl":"https:\/\/www.bivillage.com\/wp-content\/uploads\/2023\/05\/bivillage-giornata-mondiale-bicicletta-banner.jpg","articleSection":["Novosti"],"inLanguage":"hr"},{"@type":"WebPage","@id":"https:\/\/www.bivillage.com\/hr\/news\/novosti\/svjetski-dan-bicikla\/","url":"https:\/\/www.bivillage.com\/hr\/news\/novosti\/svjetski-dan-bicikla\/","name":"Svjetski dan bicikla - BiVillage","isPartOf":{"@id":"https:\/\/www.bivillage.com\/hr\/#website"},"primaryImageOfPage":{"@id":"https:\/\/www.bivillage.com\/hr\/news\/novosti\/svjetski-dan-bicikla\/#primaryimage"},"image":{"@id":"https:\/\/www.bivillage.com\/hr\/news\/novosti\/svjetski-dan-bicikla\/#primaryimage"},"thumbnailUrl":"https:\/\/www.bivillage.com\/wp-content\/uploads\/2023\/05\/bivillage-giornata-mondiale-bicicletta-banner.jpg","datePublished":"2023-06-03T04:00:00+00:00","description":"BAUWATCH - Jedini doga\u0111aj posve\u0107en psima u Hrvatskoj! \u010cekamo vas 10. i 11. lipnja 2023. u BiVillageu, u Istri.","breadcrumb":{"@id":"https:\/\/www.bivillage.com\/hr\/news\/novosti\/svjetski-dan-bicikla\/#breadcrumb"},"inLanguage":"hr","potentialAction":[{"@type":"ReadAction","target":["https:\/\/www.bivillage.com\/hr\/news\/novosti\/svjetski-dan-bicikla\/"]}]},{"@type":"ImageObject","inLanguage":"hr","@id":"https:\/\/www.bivillage.com\/hr\/news\/novosti\/svjetski-dan-bicikla\/#primaryimage","url":"https:\/\/www.bivillage.com\/wp-content\/uploads\/2023\/05\/bivillage-giornata-mondiale-bicicletta-banner.jpg","contentUrl":"https:\/\/www.bivillage.com\/wp-content\/uploads\/2023\/05\/bivillage-giornata-mondiale-bicicletta-banner.jpg","width":2000,"height":1000},{"@type":"BreadcrumbList","@id":"https:\/\/www.bivillage.com\/hr\/news\/novosti\/svjetski-dan-bicikla\/#breadcrumb","itemListElement":[{"@type":"ListItem","position":1,"name":"Home","item":"https:\/\/www.bivillage.com\/hr\/"},{"@type":"ListItem","position":2,"name":"Novosti","item":"https:\/\/www.bivillage.com\/hr\/news\/category\/novosti\/"},{"@type":"ListItem","position":3,"name":"Svjetski dan bicikla"}]},{"@type":"WebSite","@id":"https:\/\/www.bivillage.com\/hr\/#website","url":"https:\/\/www.bivillage.com\/hr\/","name":"BiVillage","description":"Fasana, ISTRIA","publisher":{"@id":"https:\/\/www.bivillage.com\/hr\/#organization"},"potentialAction":[{"@type":"SearchAction","target":{"@type":"EntryPoint","urlTemplate":"https:\/\/www.bivillage.com\/hr\/?s={search_term_string}"},"query-input":{"@type":"PropertyValueSpecification","valueRequired":true,"valueName":"search_term_string"}}],"inLanguage":"hr"},{"@type":"Organization","@id":"https:\/\/www.bivillage.com\/hr\/#organization","name":"BiVillage","alternateName":"bivillage","url":"https:\/\/www.bivillage.com\/hr\/","logo":{"@type":"ImageObject","inLanguage":"hr","@id":"https:\/\/www.bivillage.com\/hr\/#\/schema\/logo\/image\/","url":"https:\/\/www.bivillage.com\/wp-content\/uploads\/2022\/04\/logo-bivillage.png","contentUrl":"https:\/\/www.bivillage.com\/wp-content\/uploads\/2022\/04\/logo-bivillage.png","width":973,"height":340,"caption":"BiVillage"},"image":{"@id":"https:\/\/www.bivillage.com\/hr\/#\/schema\/logo\/image\/"},"sameAs":["https:\/\/www.facebook.com\/BiVillageHolidayCenter\/","https:\/\/www.instagram.com\/bivillage_holidayresort\/","https:\/\/www.youtube.com\/channel\/UCu0whYLFWz1DQK-xiTLIuVw","https:\/\/www.tiktok.com\/@bivillage"]},{"@type":"Person","@id":"https:\/\/www.bivillage.com\/hr\/#\/schema\/person\/2ec8fa3656fb4f3b46042d980846560d","name":"Federica Cattelan"}]}},"author_meta":{"display_name":"Federica Cattelan","author_link":"https:\/\/www.bivillage.com\/hr\/news\/author\/federica-cattelan\/"},"featured_img":"https:\/\/www.bivillage.com\/wp-content\/uploads\/2023\/05\/bivillage-giornata-mondiale-bicicletta-banner-300x150.jpg","coauthors":[],"tax_additional":{"categories":{"linked":["<a href=\"https:\/\/www.bivillage.com\/hr\/news\/category\/novosti\/\" class=\"advgb-post-tax-term\">Novosti<\/a>"],"unlinked":["<span class=\"advgb-post-tax-term\">Novosti<\/span>"]}},"comment_count":"0","relative_dates":{"created":"Posted 3 godine ago","modified":"Updated 3 godine ago"},"absolute_dates":{"created":"Posted on 3 lipnja, 2023","modified":"Updated on 25 svibnja, 2023"},"absolute_dates_time":{"created":"Posted on 3 lipnja, 2023 6:00 am","modified":"Updated on 25 svibnja, 2023 2:38 pm"},"featured_img_caption":"","series_order":"","_links":{"self":[{"href":"https:\/\/www.bivillage.com\/hr\/wp-json\/wp\/v2\/posts\/16066","targetHints":{"allow":["GET"]}}],"collection":[{"href":"https:\/\/www.bivillage.com\/hr\/wp-json\/wp\/v2\/posts"}],"about":[{"href":"https:\/\/www.bivillage.com\/hr\/wp-json\/wp\/v2\/types\/post"}],"author":[{"embeddable":true,"href":"https:\/\/www.bivillage.com\/hr\/wp-json\/wp\/v2\/users\/10"}],"replies":[{"embeddable":true,"href":"https:\/\/www.bivillage.com\/hr\/wp-json\/wp\/v2\/comments?post=16066"}],"version-history":[{"count":0,"href":"https:\/\/www.bivillage.com\/hr\/wp-json\/wp\/v2\/posts\/16066\/revisions"}],"wp:featuredmedia":[{"embeddable":true,"href":"https:\/\/www.bivillage.com\/hr\/wp-json\/wp\/v2\/media\/16083"}],"wp:attachment":[{"href":"https:\/\/www.bivillage.com\/hr\/wp-json\/wp\/v2\/media?parent=16066"}],"wp:term":[{"taxonomy":"category","embeddable":true,"href":"https:\/\/www.bivillage.com\/hr\/wp-json\/wp\/v2\/categories?post=16066"},{"taxonomy":"post_tag","embeddable":true,"href":"https:\/\/www.bivillage.com\/hr\/wp-json\/wp\/v2\/tags?post=16066"}],"curies":[{"name":"wp","href":"https:\/\/api.w.org\/{rel}","templated":true}]}}