{"id":12163,"date":"2023-01-09T14:22:07","date_gmt":"2023-01-09T13:22:07","guid":{"rendered":"https:\/\/www.bivillage.com\/?p=12163"},"modified":"2023-01-30T15:23:28","modified_gmt":"2023-01-30T14:23:28","slug":"hrvatska-ulazi-u-schengenski-prostor","status":"publish","type":"post","link":"https:\/\/www.bivillage.com\/hr\/news\/novosti\/hrvatska-ulazi-u-schengenski-prostor\/","title":{"rendered":"Hrvatska ulazi u Schengenski prostor"},"content":{"rendered":"\n<div class=\"wp-block-group is-content-justification-center is-nowrap is-layout-flex wp-container-core-group-is-layout-94bc23d7 wp-block-group-is-layout-flex\">\n<div class=\"wp-block-group is-nowrap is-layout-flex wp-container-core-group-is-layout-ad2f72ca wp-block-group-is-layout-flex\"><div  class=\"grids-section grids-is-stretch\" style=\"--_gs-gap-desktop:0px 0px;--_gs-m-desktop:0 0 0 0;--_gs-p-desktop:0 50px 0 50px;--_gs-bg-desktop:transparent none;--_gs-bg-xp-desktop:0px;--_gs-zi-desktop:auto;--_gs-d-desktop:block;--_gs-mw-desktop:calc(100% - 0 - 0);--_gs-gap-tablet:0px 0px;--_gs-m-tablet:0 0 0 0;--_gs-p-tablet:0 50px 0 50px;--_gs-bg-tablet:transparent none;--_gs-bg-xp-tablet:0px;--_gs-zi-tablet:auto;--_gs-d-tablet:block;--_gs-mw-tablet:calc(100% - 0 - 0);--_gs-gap-mobile:0px 0px;--_gs-m-mobile:0 0 0 0;--_gs-p-mobile:0 50px 0 50px;--_gs-bg-mobile:transparent none;--_gs-bg-xp-mobile:0px;--_gs-zi-mobile:auto;--_gs-d-mobile:block;--_gs-mw-mobile:calc(100% - 0 - 0);--_gs-columns:4;--_gs-rows:1\"><div class=\"grids-s-w_i\">\n<div class=\"grids-area\" style=\"--_ga-column:1\/4;--_ga-row:1\/2;--_ga-m-desktop:0 0 0 0;--_ga-p-desktop:0 0 0 0;--_ga-bg-desktop:transparent none;--_ga-zi-desktop:auto;--_ga-d-desktop:flex;--_ga-mw-desktop:calc(100% - 0 - 0);--_ga-m-tablet:0 0 0 0;--_ga-p-tablet:0 0 0 0;--_ga-bg-tablet:transparent none;--_ga-zi-tablet:auto;--_ga-d-tablet:flex;--_ga-mw-tablet:calc(100% - 0 - 0);--_ga-m-mobile:0 0 0 0;--_ga-p-mobile:0 0 0 0;--_ga-bg-mobile:transparent none;--_ga-zi-mobile:auto;--_ga-d-mobile:flex;--_ga-mw-mobile:calc(100% - 0 - 0)\">\n\n<p><strong>Hrvatska<\/strong>&nbsp;postaje 27. \u010dlanica schengenskog prostora od&nbsp;<strong>1. sije\u010dnja 2023<\/strong>. godine.<\/p>\n\n\n\n<p>To zna\u010di da gra\u0111ani EU putuju u Hrvatsku bez ikakvih carinskih i poreznih ograni\u010denja pri ulasku i izlasku iz zemlje.<\/p>\n\n<\/div>\n\n<div class=\"grids-area\" style=\"--_ga-column:4\/5;--_ga-row:1\/2;--_ga-m-desktop:0 0 0 0;--_ga-p-desktop:0 0 0 0;--_ga-bg-desktop:transparent none;--_ga-zi-desktop:auto;--_ga-d-desktop:flex;--_ga-mw-desktop:calc(100% - 0 - 0);--_ga-m-tablet:0 0 0 0;--_ga-p-tablet:0 0 0 0;--_ga-bg-tablet:transparent none;--_ga-zi-tablet:auto;--_ga-d-tablet:flex;--_ga-mw-tablet:calc(100% - 0 - 0);--_ga-m-mobile:0 0 0 0;--_ga-p-mobile:0 0 0 0;--_ga-bg-mobile:transparent none;--_ga-zi-mobile:auto;--_ga-d-mobile:flex;--_ga-mw-mobile:calc(100% - 0 - 0)\">\n\n<figure class=\"wp-block-image size-full\"><img style=\"background-color: #1449ad;\" decoding=\"async\" width=\"463\" height=\"387\" src=\"https:\/\/www.bivillage.com\/wp-content\/uploads\/2023\/01\/bv-unione-europea.jpg\" alt=\"\" class=\"wp-image-12167\" srcset=\"https:\/\/www.bivillage.com\/wp-content\/uploads\/2023\/01\/bv-unione-europea.jpg 463w, https:\/\/www.bivillage.com\/wp-content\/uploads\/2023\/01\/bv-unione-europea-300x251.jpg 300w\" sizes=\"(max-width: 463px) 100vw, 463px\" \/><\/figure>\n\n<\/div>\n<\/div><\/div><\/div>\n<\/div>\n\n\n<div  class=\"grids-section grids-is-advanced\" style=\"--_gs-gap-desktop:0px 0px;--_gs-m-desktop:0 0 0 0;--_gs-p-desktop:0 0 0 0;--_gs-bg-desktop:transparent none;--_gs-bg-xp-desktop:0px;--_gs-zi-desktop:auto;--_gs-d-desktop:block;--_gs-mw-desktop:calc(100% - 0 - 0);--_gs-gap-tablet:0px 0px;--_gs-m-tablet:0 0 0 0;--_gs-p-tablet:0 0 0 0;--_gs-bg-tablet:transparent none;--_gs-bg-xp-tablet:0px;--_gs-zi-tablet:auto;--_gs-d-tablet:block;--_gs-mw-tablet:calc(100% - 0 - 0);--_gs-gap-mobile:0px 0px;--_gs-m-mobile:0 0 0 0;--_gs-p-mobile:0 0 0 0;--_gs-bg-mobile:transparent none;--_gs-bg-xp-mobile:0px;--_gs-zi-mobile:auto;--_gs-d-mobile:block;--_gs-mw-mobile:calc(100% - 0 - 0);--_gs-columns:12;--_gs-rows:6\"><div class=\"grids-s-w_i\">\n<div class=\"grids-area\" style=\"--_ga-column:2\/12;--_ga-row:1\/2;--_ga-m-desktop:50px 0 50px 0;--_ga-p-desktop:0 0 0 0;--_ga-bg-desktop:transparent none;--_ga-zi-desktop:auto;--_ga-d-desktop:flex;--_ga-mw-desktop:calc(100% - 0 - 0);--_ga-m-tablet:50px 0 50px 0;--_ga-p-tablet:0 0 0 0;--_ga-bg-tablet:transparent none;--_ga-zi-tablet:auto;--_ga-d-tablet:flex;--_ga-mw-tablet:calc(100% - 0 - 0);--_ga-m-mobile:50px 0 50px 0;--_ga-p-mobile:0 50px 0 50px;--_ga-bg-mobile:transparent none;--_ga-zi-mobile:auto;--_ga-d-mobile:flex;--_ga-mw-mobile:calc(100% - 0 - 0)\">\n\n<h2 class=\"wp-block-heading\">Odmor u Hrvatskoj bit \u0107e jo\u0161 lak\u0161i!<\/h2>\n\n\n\n<p>Schengenski prostor stvoren je upravo kako bi se olak\u0161ala unutarnja putovanja, uz ukidanje granica izme\u0111u zemalja \u010dlanica. To zna\u010di da od&nbsp;<strong>1. sije\u010dnja 2023<\/strong>. turisti mogu do\u0107i u zemlju bez podvrgavanja sustavnim provjerama, kako na kopnenim tako i na morskim granicama. \u0160to se ti\u010de zra\u010dnih provjera, nova pravila stupaju na snagu tek 26. o\u017eujka 2023.<\/p>\n\n\n\n<div style=\"height:30px\" aria-hidden=\"true\" class=\"wp-block-spacer\"><\/div>\n\n<\/div>\n<\/div><\/div>\n\n\n<div class=\"wp-block-columns is-layout-flex wp-container-core-columns-is-layout-9d6595d7 wp-block-columns-is-layout-flex\">\n<div class=\"wp-block-column has-background is-layout-flow wp-block-column-is-layout-flow\" style=\"background-color:#008bc726;flex-basis:100%\">\n<div class=\"wp-block-columns is-layout-flex wp-container-core-columns-is-layout-9d6595d7 wp-block-columns-is-layout-flex\">\n<div class=\"wp-block-column is-layout-flow wp-block-column-is-layout-flow\" style=\"flex-basis:100%\"><div  class=\"grids-section grids-is-stretch\" style=\"--_gs-gap-desktop:0px 0px;--_gs-m-desktop:0 0 0 0;--_gs-p-desktop:0 0 0 0;--_gs-bg-desktop:transparent none;--_gs-bg-xp-desktop:0px;--_gs-zi-desktop:auto;--_gs-d-desktop:block;--_gs-mw-desktop:calc(100% - 0 - 0);--_gs-gap-tablet:0px 0px;--_gs-m-tablet:0 0 0 0;--_gs-p-tablet:0 0 0 0;--_gs-bg-tablet:transparent none;--_gs-bg-xp-tablet:0px;--_gs-zi-tablet:auto;--_gs-d-tablet:block;--_gs-mw-tablet:calc(100% - 0 - 0);--_gs-gap-mobile:0px 0px;--_gs-m-mobile:0 0 0 0;--_gs-p-mobile:0 0 0 0;--_gs-bg-mobile:transparent none;--_gs-bg-xp-mobile:0px;--_gs-zi-mobile:auto;--_gs-d-mobile:block;--_gs-mw-mobile:calc(100% - 0 - 0);--_gs-columns:1;--_gs-rows:1\"><div class=\"grids-s-w_i\">\n<div class=\"grids-area\" style=\"--_ga-column:1\/2;--_ga-row:1\/2;--_ga-m-desktop:0 0 0 0;--_ga-p-desktop:100px 50px 100px 50px;--_ga-bg-desktop:transparent none;--_ga-zi-desktop:auto;--_ga-d-desktop:flex;--_ga-mw-desktop:calc(100% - 0 - 0);--_ga-m-tablet:0 0 0 0;--_ga-p-tablet:100px 50px 100px 50px;--_ga-bg-tablet:transparent none;--_ga-zi-tablet:auto;--_ga-d-tablet:flex;--_ga-mw-tablet:calc(100% - 0 - 0);--_ga-m-mobile:0 0 0 0;--_ga-p-mobile:100px 50px 100px 50px;--_ga-bg-mobile:transparent none;--_ga-zi-mobile:auto;--_ga-d-mobile:flex;--_ga-mw-mobile:calc(100% - 0 - 0)\">\n\n<h2 class=\"wp-block-heading\">Promjena valute: euro zamjenjuje kunu<\/h2>\n\n\n\n<p>Te\u010daj izme\u0111u eura i hrvatske kune utvr\u0111en je na<strong>&nbsp;7,53450 kuna<\/strong>&nbsp;za 1 euro.<\/p>\n\n\n\n<p>Prelazak ne\u0107e uslijediti odmah te je predvi\u0111eno prijelazno razdoblje do 14. sije\u010dnja 2023. tijekom kojeg \u0107e se mo\u0107i pla\u0107ati i u kunama i u eurima. Tijekom dva tjedna nakon uvo\u0111enja eura, mo\u0107i \u0107e se pla\u0107ati i eurima i kunama.<\/p>\n\n<\/div>\n<\/div><\/div><\/div>\n<\/div>\n<\/div>\n<\/div>\n\n\n<div  class=\"grids-section grids-is-stretch\" style=\"--_gs-gap-desktop:0px 0px;--_gs-m-desktop:0 0 0 0;--_gs-p-desktop:0 0 0 0;--_gs-bg-desktop:transparent none;--_gs-bg-xp-desktop:0px;--_gs-zi-desktop:auto;--_gs-d-desktop:block;--_gs-mw-desktop:calc(100% - 0 - 0);--_gs-gap-tablet:0px 0px;--_gs-m-tablet:0 0 0 0;--_gs-p-tablet:0 0 0 0;--_gs-bg-tablet:transparent none;--_gs-bg-xp-tablet:0px;--_gs-zi-tablet:auto;--_gs-d-tablet:block;--_gs-mw-tablet:calc(100% - 0 - 0);--_gs-gap-mobile:0px 0px;--_gs-m-mobile:0 0 0 0;--_gs-p-mobile:0 0 0 0;--_gs-bg-mobile:transparent none;--_gs-bg-xp-mobile:0px;--_gs-zi-mobile:auto;--_gs-d-mobile:block;--_gs-mw-mobile:calc(100% - 0 - 0);--_gs-columns:1;--_gs-rows:1\"><div class=\"grids-s-w_i\">\n<div class=\"grids-area\" style=\"--_ga-column:1\/2;--_ga-row:1\/2;--_ga-m-desktop:0 0 0 0;--_ga-p-desktop:0 50px 0 50px;--_ga-bg-desktop:transparent none;--_ga-zi-desktop:auto;--_ga-d-desktop:flex;--_ga-mw-desktop:calc(100% - 0 - 0);--_ga-m-tablet:0 0 0 0;--_ga-p-tablet:0 50px 0 50px;--_ga-bg-tablet:transparent none;--_ga-zi-tablet:auto;--_ga-d-tablet:flex;--_ga-mw-tablet:calc(100% - 0 - 0);--_ga-m-mobile:0 0 0 0;--_ga-p-mobile:0 50px 0 50px;--_ga-bg-mobile:transparent none;--_ga-zi-mobile:auto;--_ga-d-mobile:flex;--_ga-mw-mobile:calc(100% - 0 - 0)\">\n\n<p>Za daljnje informacije pogledajte sljede\u0107e stranice:<\/p>\n\n\n\n<p><a href=\"https:\/\/mup.gov.hr\/\">https:\/\/mup.gov.hr\/<\/a><\/p>\n\n\n\n<p><a href=\"https:\/\/vlada.gov.hr\/\">https:\/\/vlada.gov.hr\/<\/a><\/p>\n\n<\/div>\n<\/div><\/div>","protected":false},"excerpt":{"rendered":"","protected":false},"author":1,"featured_media":12181,"comment_status":"closed","ping_status":"open","sticky":false,"template":"","format":"standard","meta":{"_acf_changed":false,"advgb_blocks_editor_width":"","advgb_blocks_columns_visual_guide":"","footnotes":""},"categories":[21],"tags":[],"class_list":["post-12163","post","type-post","status-publish","format-standard","has-post-thumbnail","hentry","category-novosti","entry"],"acf":[],"yoast_head":"<!-- This site is optimized with the Yoast SEO plugin v26.0 - https:\/\/yoast.com\/wordpress\/plugins\/seo\/ -->\n<title>Hrvatska ulazi u Schengenski prostor - BiVillage<\/title>\n<meta name=\"robots\" content=\"index, follow, max-snippet:-1, max-image-preview:large, max-video-preview:-1\" \/>\n<link rel=\"canonical\" href=\"https:\/\/www.bivillage.com\/hr\/news\/novosti\/hrvatska-ulazi-u-schengenski-prostor\/\" \/>\n<meta property=\"og:locale\" content=\"hr_HR\" \/>\n<meta property=\"og:type\" content=\"article\" \/>\n<meta property=\"og:title\" content=\"Hrvatska ulazi u Schengenski prostor - BiVillage\" \/>\n<meta property=\"og:url\" content=\"https:\/\/www.bivillage.com\/hr\/news\/novosti\/hrvatska-ulazi-u-schengenski-prostor\/\" \/>\n<meta property=\"og:site_name\" content=\"BiVillage\" \/>\n<meta property=\"article:publisher\" content=\"https:\/\/www.facebook.com\/BiVillageHolidayCenter\/\" \/>\n<meta property=\"article:published_time\" content=\"2023-01-09T13:22:07+00:00\" \/>\n<meta property=\"article:modified_time\" content=\"2023-01-30T14:23:28+00:00\" \/>\n<meta property=\"og:image\" content=\"https:\/\/www.bivillage.com\/wp-content\/uploads\/2023\/01\/schengen-2023-croazia.jpg.jpg\" \/>\n\t<meta property=\"og:image:width\" content=\"1200\" \/>\n\t<meta property=\"og:image:height\" content=\"800\" \/>\n\t<meta property=\"og:image:type\" content=\"image\/jpeg\" \/>\n<meta name=\"author\" content=\"admin\" \/>\n<meta name=\"twitter:card\" content=\"summary_large_image\" \/>\n<meta name=\"twitter:label1\" content=\"Napisao\/la\" \/>\n\t<meta name=\"twitter:data1\" content=\"admin\" \/>\n\t<meta name=\"twitter:label2\" content=\"Procijenjeno vrijeme \u010ditanja\" \/>\n\t<meta name=\"twitter:data2\" content=\"2 minute\" \/>\n<script type=\"application\/ld+json\" class=\"yoast-schema-graph\">{\"@context\":\"https:\/\/schema.org\",\"@graph\":[{\"@type\":\"Article\",\"@id\":\"https:\/\/www.bivillage.com\/hr\/news\/novosti\/hrvatska-ulazi-u-schengenski-prostor\/#article\",\"isPartOf\":{\"@id\":\"https:\/\/www.bivillage.com\/hr\/news\/novosti\/hrvatska-ulazi-u-schengenski-prostor\/\"},\"author\":{\"name\":\"admin\",\"@id\":\"https:\/\/www.bivillage.com\/hr\/#\/schema\/person\/843a17529217e331813a8c3ca5e32d59\"},\"headline\":\"Hrvatska ulazi u Schengenski prostor\",\"datePublished\":\"2023-01-09T13:22:07+00:00\",\"dateModified\":\"2023-01-30T14:23:28+00:00\",\"mainEntityOfPage\":{\"@id\":\"https:\/\/www.bivillage.com\/hr\/news\/novosti\/hrvatska-ulazi-u-schengenski-prostor\/\"},\"wordCount\":189,\"publisher\":{\"@id\":\"https:\/\/www.bivillage.com\/hr\/#organization\"},\"image\":{\"@id\":\"https:\/\/www.bivillage.com\/hr\/news\/novosti\/hrvatska-ulazi-u-schengenski-prostor\/#primaryimage\"},\"thumbnailUrl\":\"https:\/\/www.bivillage.com\/wp-content\/uploads\/2023\/01\/schengen-2023-croazia.jpg.jpg\",\"articleSection\":[\"Novosti\"],\"inLanguage\":\"hr\"},{\"@type\":\"WebPage\",\"@id\":\"https:\/\/www.bivillage.com\/hr\/news\/novosti\/hrvatska-ulazi-u-schengenski-prostor\/\",\"url\":\"https:\/\/www.bivillage.com\/hr\/news\/novosti\/hrvatska-ulazi-u-schengenski-prostor\/\",\"name\":\"Hrvatska ulazi u Schengenski prostor - BiVillage\",\"isPartOf\":{\"@id\":\"https:\/\/www.bivillage.com\/hr\/#website\"},\"primaryImageOfPage\":{\"@id\":\"https:\/\/www.bivillage.com\/hr\/news\/novosti\/hrvatska-ulazi-u-schengenski-prostor\/#primaryimage\"},\"image\":{\"@id\":\"https:\/\/www.bivillage.com\/hr\/news\/novosti\/hrvatska-ulazi-u-schengenski-prostor\/#primaryimage\"},\"thumbnailUrl\":\"https:\/\/www.bivillage.com\/wp-content\/uploads\/2023\/01\/schengen-2023-croazia.jpg.jpg\",\"datePublished\":\"2023-01-09T13:22:07+00:00\",\"dateModified\":\"2023-01-30T14:23:28+00:00\",\"breadcrumb\":{\"@id\":\"https:\/\/www.bivillage.com\/hr\/news\/novosti\/hrvatska-ulazi-u-schengenski-prostor\/#breadcrumb\"},\"inLanguage\":\"hr\",\"potentialAction\":[{\"@type\":\"ReadAction\",\"target\":[\"https:\/\/www.bivillage.com\/hr\/news\/novosti\/hrvatska-ulazi-u-schengenski-prostor\/\"]}]},{\"@type\":\"ImageObject\",\"inLanguage\":\"hr\",\"@id\":\"https:\/\/www.bivillage.com\/hr\/news\/novosti\/hrvatska-ulazi-u-schengenski-prostor\/#primaryimage\",\"url\":\"https:\/\/www.bivillage.com\/wp-content\/uploads\/2023\/01\/schengen-2023-croazia.jpg.jpg\",\"contentUrl\":\"https:\/\/www.bivillage.com\/wp-content\/uploads\/2023\/01\/schengen-2023-croazia.jpg.jpg\",\"width\":1200,\"height\":800},{\"@type\":\"BreadcrumbList\",\"@id\":\"https:\/\/www.bivillage.com\/hr\/news\/novosti\/hrvatska-ulazi-u-schengenski-prostor\/#breadcrumb\",\"itemListElement\":[{\"@type\":\"ListItem\",\"position\":1,\"name\":\"Home\",\"item\":\"https:\/\/www.bivillage.com\/hr\/\"},{\"@type\":\"ListItem\",\"position\":2,\"name\":\"Novosti\",\"item\":\"https:\/\/www.bivillage.com\/hr\/news\/category\/novosti\/\"},{\"@type\":\"ListItem\",\"position\":3,\"name\":\"Hrvatska ulazi u Schengenski prostor\"}]},{\"@type\":\"WebSite\",\"@id\":\"https:\/\/www.bivillage.com\/hr\/#website\",\"url\":\"https:\/\/www.bivillage.com\/hr\/\",\"name\":\"BiVillage\",\"description\":\"Fasana, ISTRIA\",\"publisher\":{\"@id\":\"https:\/\/www.bivillage.com\/hr\/#organization\"},\"potentialAction\":[{\"@type\":\"SearchAction\",\"target\":{\"@type\":\"EntryPoint\",\"urlTemplate\":\"https:\/\/www.bivillage.com\/hr\/?s={search_term_string}\"},\"query-input\":{\"@type\":\"PropertyValueSpecification\",\"valueRequired\":true,\"valueName\":\"search_term_string\"}}],\"inLanguage\":\"hr\"},{\"@type\":\"Organization\",\"@id\":\"https:\/\/www.bivillage.com\/hr\/#organization\",\"name\":\"BiVillage\",\"alternateName\":\"bivillage\",\"url\":\"https:\/\/www.bivillage.com\/hr\/\",\"logo\":{\"@type\":\"ImageObject\",\"inLanguage\":\"hr\",\"@id\":\"https:\/\/www.bivillage.com\/hr\/#\/schema\/logo\/image\/\",\"url\":\"https:\/\/www.bivillage.com\/wp-content\/uploads\/2022\/04\/logo-bivillage.png\",\"contentUrl\":\"https:\/\/www.bivillage.com\/wp-content\/uploads\/2022\/04\/logo-bivillage.png\",\"width\":973,\"height\":340,\"caption\":\"BiVillage\"},\"image\":{\"@id\":\"https:\/\/www.bivillage.com\/hr\/#\/schema\/logo\/image\/\"},\"sameAs\":[\"https:\/\/www.facebook.com\/BiVillageHolidayCenter\/\",\"https:\/\/www.instagram.com\/bivillage_holidayresort\/\",\"https:\/\/www.youtube.com\/channel\/UCu0whYLFWz1DQK-xiTLIuVw\",\"https:\/\/www.tiktok.com\/@bivillage\"]},{\"@type\":\"Person\",\"@id\":\"https:\/\/www.bivillage.com\/hr\/#\/schema\/person\/843a17529217e331813a8c3ca5e32d59\",\"name\":\"admin\"}]}<\/script>\n<!-- \/ Yoast SEO plugin. -->","yoast_head_json":{"title":"Hrvatska ulazi u Schengenski prostor - BiVillage","robots":{"index":"index","follow":"follow","max-snippet":"max-snippet:-1","max-image-preview":"max-image-preview:large","max-video-preview":"max-video-preview:-1"},"canonical":"https:\/\/www.bivillage.com\/hr\/news\/novosti\/hrvatska-ulazi-u-schengenski-prostor\/","og_locale":"hr_HR","og_type":"article","og_title":"Hrvatska ulazi u Schengenski prostor - BiVillage","og_url":"https:\/\/www.bivillage.com\/hr\/news\/novosti\/hrvatska-ulazi-u-schengenski-prostor\/","og_site_name":"BiVillage","article_publisher":"https:\/\/www.facebook.com\/BiVillageHolidayCenter\/","article_published_time":"2023-01-09T13:22:07+00:00","article_modified_time":"2023-01-30T14:23:28+00:00","og_image":[{"width":1200,"height":800,"url":"https:\/\/www.bivillage.com\/wp-content\/uploads\/2023\/01\/schengen-2023-croazia.jpg.jpg","type":"image\/jpeg"}],"author":"admin","twitter_card":"summary_large_image","twitter_misc":{"Napisao\/la":"admin","Procijenjeno vrijeme \u010ditanja":"2 minute"},"schema":{"@context":"https:\/\/schema.org","@graph":[{"@type":"Article","@id":"https:\/\/www.bivillage.com\/hr\/news\/novosti\/hrvatska-ulazi-u-schengenski-prostor\/#article","isPartOf":{"@id":"https:\/\/www.bivillage.com\/hr\/news\/novosti\/hrvatska-ulazi-u-schengenski-prostor\/"},"author":{"name":"admin","@id":"https:\/\/www.bivillage.com\/hr\/#\/schema\/person\/843a17529217e331813a8c3ca5e32d59"},"headline":"Hrvatska ulazi u Schengenski prostor","datePublished":"2023-01-09T13:22:07+00:00","dateModified":"2023-01-30T14:23:28+00:00","mainEntityOfPage":{"@id":"https:\/\/www.bivillage.com\/hr\/news\/novosti\/hrvatska-ulazi-u-schengenski-prostor\/"},"wordCount":189,"publisher":{"@id":"https:\/\/www.bivillage.com\/hr\/#organization"},"image":{"@id":"https:\/\/www.bivillage.com\/hr\/news\/novosti\/hrvatska-ulazi-u-schengenski-prostor\/#primaryimage"},"thumbnailUrl":"https:\/\/www.bivillage.com\/wp-content\/uploads\/2023\/01\/schengen-2023-croazia.jpg.jpg","articleSection":["Novosti"],"inLanguage":"hr"},{"@type":"WebPage","@id":"https:\/\/www.bivillage.com\/hr\/news\/novosti\/hrvatska-ulazi-u-schengenski-prostor\/","url":"https:\/\/www.bivillage.com\/hr\/news\/novosti\/hrvatska-ulazi-u-schengenski-prostor\/","name":"Hrvatska ulazi u Schengenski prostor - BiVillage","isPartOf":{"@id":"https:\/\/www.bivillage.com\/hr\/#website"},"primaryImageOfPage":{"@id":"https:\/\/www.bivillage.com\/hr\/news\/novosti\/hrvatska-ulazi-u-schengenski-prostor\/#primaryimage"},"image":{"@id":"https:\/\/www.bivillage.com\/hr\/news\/novosti\/hrvatska-ulazi-u-schengenski-prostor\/#primaryimage"},"thumbnailUrl":"https:\/\/www.bivillage.com\/wp-content\/uploads\/2023\/01\/schengen-2023-croazia.jpg.jpg","datePublished":"2023-01-09T13:22:07+00:00","dateModified":"2023-01-30T14:23:28+00:00","breadcrumb":{"@id":"https:\/\/www.bivillage.com\/hr\/news\/novosti\/hrvatska-ulazi-u-schengenski-prostor\/#breadcrumb"},"inLanguage":"hr","potentialAction":[{"@type":"ReadAction","target":["https:\/\/www.bivillage.com\/hr\/news\/novosti\/hrvatska-ulazi-u-schengenski-prostor\/"]}]},{"@type":"ImageObject","inLanguage":"hr","@id":"https:\/\/www.bivillage.com\/hr\/news\/novosti\/hrvatska-ulazi-u-schengenski-prostor\/#primaryimage","url":"https:\/\/www.bivillage.com\/wp-content\/uploads\/2023\/01\/schengen-2023-croazia.jpg.jpg","contentUrl":"https:\/\/www.bivillage.com\/wp-content\/uploads\/2023\/01\/schengen-2023-croazia.jpg.jpg","width":1200,"height":800},{"@type":"BreadcrumbList","@id":"https:\/\/www.bivillage.com\/hr\/news\/novosti\/hrvatska-ulazi-u-schengenski-prostor\/#breadcrumb","itemListElement":[{"@type":"ListItem","position":1,"name":"Home","item":"https:\/\/www.bivillage.com\/hr\/"},{"@type":"ListItem","position":2,"name":"Novosti","item":"https:\/\/www.bivillage.com\/hr\/news\/category\/novosti\/"},{"@type":"ListItem","position":3,"name":"Hrvatska ulazi u Schengenski prostor"}]},{"@type":"WebSite","@id":"https:\/\/www.bivillage.com\/hr\/#website","url":"https:\/\/www.bivillage.com\/hr\/","name":"BiVillage","description":"Fasana, ISTRIA","publisher":{"@id":"https:\/\/www.bivillage.com\/hr\/#organization"},"potentialAction":[{"@type":"SearchAction","target":{"@type":"EntryPoint","urlTemplate":"https:\/\/www.bivillage.com\/hr\/?s={search_term_string}"},"query-input":{"@type":"PropertyValueSpecification","valueRequired":true,"valueName":"search_term_string"}}],"inLanguage":"hr"},{"@type":"Organization","@id":"https:\/\/www.bivillage.com\/hr\/#organization","name":"BiVillage","alternateName":"bivillage","url":"https:\/\/www.bivillage.com\/hr\/","logo":{"@type":"ImageObject","inLanguage":"hr","@id":"https:\/\/www.bivillage.com\/hr\/#\/schema\/logo\/image\/","url":"https:\/\/www.bivillage.com\/wp-content\/uploads\/2022\/04\/logo-bivillage.png","contentUrl":"https:\/\/www.bivillage.com\/wp-content\/uploads\/2022\/04\/logo-bivillage.png","width":973,"height":340,"caption":"BiVillage"},"image":{"@id":"https:\/\/www.bivillage.com\/hr\/#\/schema\/logo\/image\/"},"sameAs":["https:\/\/www.facebook.com\/BiVillageHolidayCenter\/","https:\/\/www.instagram.com\/bivillage_holidayresort\/","https:\/\/www.youtube.com\/channel\/UCu0whYLFWz1DQK-xiTLIuVw","https:\/\/www.tiktok.com\/@bivillage"]},{"@type":"Person","@id":"https:\/\/www.bivillage.com\/hr\/#\/schema\/person\/843a17529217e331813a8c3ca5e32d59","name":"admin"}]}},"author_meta":{"display_name":"admin","author_link":"https:\/\/www.bivillage.com\/hr\/news\/author\/admin\/"},"featured_img":"https:\/\/www.bivillage.com\/wp-content\/uploads\/2023\/01\/schengen-2023-croazia.jpg-300x200.jpg","coauthors":[],"tax_additional":{"categories":{"linked":["<a href=\"https:\/\/www.bivillage.com\/hr\/news\/category\/novosti\/\" class=\"advgb-post-tax-term\">Novosti<\/a>"],"unlinked":["<span class=\"advgb-post-tax-term\">Novosti<\/span>"]}},"comment_count":"0","relative_dates":{"created":"Posted 3 godine ago","modified":"Updated 3 godine ago"},"absolute_dates":{"created":"Posted on 9 sije\u010dnja, 2023","modified":"Updated on 30 sije\u010dnja, 2023"},"absolute_dates_time":{"created":"Posted on 9 sije\u010dnja, 2023 2:22 pm","modified":"Updated on 30 sije\u010dnja, 2023 3:23 pm"},"featured_img_caption":"","series_order":"","_links":{"self":[{"href":"https:\/\/www.bivillage.com\/hr\/wp-json\/wp\/v2\/posts\/12163","targetHints":{"allow":["GET"]}}],"collection":[{"href":"https:\/\/www.bivillage.com\/hr\/wp-json\/wp\/v2\/posts"}],"about":[{"href":"https:\/\/www.bivillage.com\/hr\/wp-json\/wp\/v2\/types\/post"}],"author":[{"embeddable":true,"href":"https:\/\/www.bivillage.com\/hr\/wp-json\/wp\/v2\/users\/1"}],"replies":[{"embeddable":true,"href":"https:\/\/www.bivillage.com\/hr\/wp-json\/wp\/v2\/comments?post=12163"}],"version-history":[{"count":0,"href":"https:\/\/www.bivillage.com\/hr\/wp-json\/wp\/v2\/posts\/12163\/revisions"}],"wp:featuredmedia":[{"embeddable":true,"href":"https:\/\/www.bivillage.com\/hr\/wp-json\/wp\/v2\/media\/12181"}],"wp:attachment":[{"href":"https:\/\/www.bivillage.com\/hr\/wp-json\/wp\/v2\/media?parent=12163"}],"wp:term":[{"taxonomy":"category","embeddable":true,"href":"https:\/\/www.bivillage.com\/hr\/wp-json\/wp\/v2\/categories?post=12163"},{"taxonomy":"post_tag","embeddable":true,"href":"https:\/\/www.bivillage.com\/hr\/wp-json\/wp\/v2\/tags?post=12163"}],"curies":[{"name":"wp","href":"https:\/\/api.w.org\/{rel}","templated":true}]}}