{"id":9733,"date":"2022-10-27T10:12:02","date_gmt":"2022-10-27T08:12:02","guid":{"rendered":"https:\/\/www.bivillage.com\/news\/unkategorisiert\/internationalen-frauentag-gedenken\/"},"modified":"2023-01-13T11:35:40","modified_gmt":"2023-01-13T10:35:40","slug":"internationalen-frauentag-gedenken","status":"publish","type":"post","link":"https:\/\/www.bivillage.com\/de\/news\/neuheiten\/internationalen-frauentag-gedenken\/","title":{"rendered":"Internationalen Frauentag gedenken"},"content":{"rendered":"<div  class=\"grids-section grids-is-advanced\" style=\"--_gs-gap-desktop:0px 0px;--_gs-m-desktop:0 0 0 0;--_gs-p-desktop:0 0 0 0;--_gs-bg-desktop:transparent none;--_gs-bg-xp-desktop:0px;--_gs-zi-desktop:auto;--_gs-d-desktop:block;--_gs-mw-desktop:calc(100% - 0 - 0);--_gs-gap-tablet:0px 0px;--_gs-m-tablet:0 0 0 0;--_gs-p-tablet:0 0 0 0;--_gs-bg-tablet:transparent none;--_gs-bg-xp-tablet:0px;--_gs-zi-tablet:auto;--_gs-d-tablet:block;--_gs-mw-tablet:calc(100% - 0 - 0);--_gs-gap-mobile:0px 0px;--_gs-m-mobile:0 0 0 0;--_gs-p-mobile:0 0 0 0;--_gs-bg-mobile:transparent none;--_gs-bg-xp-mobile:0px;--_gs-zi-mobile:auto;--_gs-d-mobile:block;--_gs-mw-mobile:calc(100% - 0 - 0);--_gs-columns:12;--_gs-rows:6\"><div class=\"grids-s-w_i\">\n<div class=\"grids-area\" style=\"--_ga-column:2\/12;--_ga-row:1\/4;--_ga-m-desktop:0 0 0 0;--_ga-p-desktop:0 0 0 0;--_ga-bg-desktop:transparent none;--_ga-zi-desktop:auto;--_ga-d-desktop:flex;--_ga-mw-desktop:calc(100% - 0 - 0);--_ga-m-tablet:0 0 0 0;--_ga-p-tablet:0 0 0 0;--_ga-bg-tablet:transparent none;--_ga-zi-tablet:auto;--_ga-d-tablet:flex;--_ga-mw-tablet:calc(100% - 0 - 0);--_ga-m-mobile:0 0 0 0;--_ga-p-mobile:0 10% 0 10%;--_ga-bg-mobile:transparent none;--_ga-zi-mobile:auto;--_ga-d-mobile:flex;--_ga-mw-mobile:calc(100% - 0 - 0)\">\n\n<p>\u201eDie Gesch\u00e4ftswelt braucht F\u00e4higkeiten, Ethik und Visionen. Es ist meine Pflicht, mein Bestes zu geben.&nbsp;Die Leitung des Unternehmens ist meine Verantwortung. In der N\u00e4he meiner Mitarbeiter zu sein, ist meine&nbsp;St\u00e4rke.\u201c So formuliert es Frau Gina Biasuzzi, Vorsitzende der Biasuzzi Spa \u2013 Divisione Turismo. Sie f\u00fchrt das Unternehmen mit Standhaftigkeit und Entschlossenheit.\r\nMit diesen Worten m\u00f6chten wir den&nbsp;<strong>Internationalen Frauentag gedenken<\/strong>, der&nbsp;am&nbsp;<strong>28. Februar 1909<\/strong>&nbsp;von der Sozialistischen Partei Amerikas offiziell in den Vereinigten Staaten gegr\u00fcndet wurde,&nbsp;die an diesem Tag eine Demonstration f\u00fcr das&nbsp;Frauenwahlrecht organisierte.<\/p>\n\n\n\n<p>Der&nbsp;<strong>8. M\u00e4rz<\/strong>&nbsp;wurde jedoch erst&nbsp;<strong>1917 offiziell Teil unseres Kalenders<\/strong>,&nbsp;<strong>als die Frauen von Sankt Petersburg auf die Stra\u00dfe traten, um \u201eNein\u201c zum Krieg zu sagen, und sein Ende zu fordern, was zu der sogenannten \u201erussischen Februarrevolution\u201c f\u00fchrte<\/strong>.<\/p>\n\n\n\n<p><strong>Italien<\/strong>&nbsp;hingegen markiert 1922 als Beginnjahr dieses Jubil\u00e4ums, in dem&nbsp;die sozialen Rechte unter der Schirmherrschaft politischer Forderungen in Anspruch genommen wurden, aber erst&nbsp;<strong>1945<\/strong>,&nbsp;als&nbsp;<strong>die Organisation \u201eUnione Donne in Italia\u201c<\/strong>&nbsp;(Frauenunion in Italien), die sich aus Mitgliedern von Parteien wie der Christlichen Linken,&nbsp;der Demokratischen Arbeiterpartei und der Sozialistischen Partei Italiens zusammensetzte,&nbsp;<strong>den Frauentag in den&nbsp;<\/strong><strong>vom Faschismus befreiten Gebieten Italiens feierte<\/strong>.<\/p>\n\n\n\n<p><strong>Dieser Tag ist zu einem grundlegenden Moment geworden, an dem wir unsere Stimme erheben k\u00f6nnen, um an die Rechte zu erinnern, die wir errungen haben, und an die Schritte, die wir noch unternehmen m\u00fcssen, gegen Gewalt und f\u00fcr Chancengleichheit.<\/strong><\/p>\n\n\n\n<p>\u201eIch liebe meinen Job. Ich liebe es, eine Frau zu sein. Ich denke gerne, dass das eine das andere nicht mehr ausschlie\u00dfen muss. Ich liebe es, mir meinen Platz in der Welt jeden Tag neu zu verdienen, mit M\u00fche und Verantwortung. Und ich m\u00f6chte denjenigen den Raum nehmen, die mir sagen, dass ich weder das Recht noch die M\u00f6glichkeit habe, das zu machen\u201c.<\/p>\n\n\n\n<p>Diese Worte wurden von der sanften Stimme von Ilenia Cherubin, Marketing- und Vertriebsleiterin der Biasuzzi Spa \u2013 Divisione Turismo, ausgesprochen, die ihre Arbeit unter der Schirmherrschaft von Zusammenarbeit und gemeinsamen Wertesystemen ausf\u00fchrt, die Bi Holiday heute mehr denn je zu einem inklusiven Ort machen, an dem man baut. Gemeinsam.<\/p>\n\n<\/div>\n<\/div><\/div>\n\n<div  class=\"grids-section grids-is-advanced alignwide\" style=\"--_gs-gap-desktop:0px 0px;--_gs-m-desktop:0 0 0 0;--_gs-p-desktop:0 0 0 0;--_gs-bg-desktop:transparent none;--_gs-bg-xp-desktop:0px;--_gs-zi-desktop:auto;--_gs-d-desktop:block;--_gs-mw-desktop:calc(100% - 0 - 0);--_gs-gap-tablet:0px 0px;--_gs-m-tablet:0 0 0 0;--_gs-p-tablet:0 0 0 0;--_gs-bg-tablet:transparent none;--_gs-bg-xp-tablet:0px;--_gs-zi-tablet:auto;--_gs-d-tablet:block;--_gs-mw-tablet:calc(100% - 0 - 0);--_gs-gap-mobile:0px 0px;--_gs-m-mobile:0 0 0 0;--_gs-p-mobile:0 0 0 0;--_gs-bg-mobile:transparent none;--_gs-bg-xp-mobile:0px;--_gs-zi-mobile:auto;--_gs-d-mobile:block;--_gs-mw-mobile:calc(100% - 0 - 0);--_gs-columns:12;--_gs-rows:6\"><div class=\"grids-s-w_i\">\n<div class=\"grids-area\" style=\"--_ga-column:2\/6;--_ga-row:1\/7;--_ga-m-desktop:0 0 0 0;--_ga-p-desktop:0 0 0 0;--_ga-bg-desktop:transparent none;--_ga-zi-desktop:auto;--_ga-d-desktop:flex;--_ga-mw-desktop:calc(100% - 0 - 0);--_ga-m-tablet:0 0 0 0;--_ga-p-tablet:0 0 0 0;--_ga-bg-tablet:transparent none;--_ga-zi-tablet:auto;--_ga-d-tablet:flex;--_ga-mw-tablet:calc(100% - 0 - 0);--_ga-m-mobile:0 0 0 0;--_ga-p-mobile:0 0 0 0;--_ga-bg-mobile:transparent none;--_ga-zi-mobile:auto;--_ga-d-mobile:flex;--_ga-mw-mobile:calc(100% - 0 - 0)\">\n\n<figure class=\"wp-block-image size-full\"><img style=\"background-color: #fcf6f9;\" decoding=\"async\" width=\"400\" height=\"400\" src=\"https:\/\/www.bivillage.com\/wp-content\/uploads\/2022\/06\/DISEGNI-GIORNATA-DELLE-DONNE-02-400x400.jpg.webp\" alt=\"\" class=\"wp-image-3671\" srcset=\"https:\/\/www.bivillage.com\/wp-content\/uploads\/2022\/06\/DISEGNI-GIORNATA-DELLE-DONNE-02-400x400.jpg.webp 400w, https:\/\/www.bivillage.com\/wp-content\/uploads\/2022\/06\/DISEGNI-GIORNATA-DELLE-DONNE-02-400x400.jpg-300x300.webp 300w, https:\/\/www.bivillage.com\/wp-content\/uploads\/2022\/06\/DISEGNI-GIORNATA-DELLE-DONNE-02-400x400.jpg-150x150.webp 150w\" sizes=\"(max-width: 400px) 100vw, 400px\" \/><\/figure>\n\n<\/div>\n\n<div class=\"grids-area\" style=\"--_ga-column:7\/12;--_ga-row:1\/7;--_ga-m-desktop:0 0 0 0;--_ga-p-desktop:25px 25px 25px 25px;--_ga-bg-desktop:#b9e6eb none;--_ga-zi-desktop:auto;--_ga-d-desktop:flex;--_ga-mw-desktop:calc(100% - 0 - 0);--_ga-m-tablet:0 0 0 0;--_ga-p-tablet:25px 25px 25px 25px;--_ga-bg-tablet:#b9e6eb none;--_ga-zi-tablet:auto;--_ga-d-tablet:flex;--_ga-mw-tablet:calc(100% - 0 - 0);--_ga-m-mobile:0 0 0 0;--_ga-p-mobile:0px 10% 0px 10%;--_ga-bg-mobile:#b9e6eb none;--_ga-zi-mobile:auto;--_ga-d-mobile:flex;--_ga-mw-mobile:calc(100% - 0 - 0)\">\n\n<p>\u201eDie Gesch\u00e4ftswelt braucht F\u00e4higkeiten, Ethik und Visionen.<\/p>\n\n\n\n<p class=\"has-text-align-left\">Ich bin aufgerufen, mich daran zu beteiligen, ich mache es nicht zu einem Geschlechterproblem.<\/p>\n\n\n\n<p class=\"has-text-align-left\">Es ist meine Pflicht, mein Bestes zu geben.<\/p>\n\n\n\n<p class=\"has-text-align-left\">Die Leitung des Unternehmens liegt in meiner Verantwortung.<\/p>\n\n\n\n<p class=\"has-text-align-left\">Die N\u00e4he zu meinen Mitarbeitern ist meine St\u00e4rke\u201c.<\/p>\n\n\n\n<p class=\"has-text-align-center\"><em><strong>Gina Biasuzzi<\/strong><\/em><\/p>\n\n\n\n<p class=\"has-text-align-center has-gray-color has-text-color\">Vorsitzende der Biasuzzi spa \u2013 Divisione Turismo<\/p>\n\n<\/div>\n<\/div><\/div>\n\n<div  class=\"grids-section grids-is-advanced alignwide\" style=\"--_gs-gap-desktop:0px 0px;--_gs-m-desktop:0 0 0 0;--_gs-p-desktop:0 0 0 0;--_gs-bg-desktop:#FFFFFF none;--_gs-bg-xp-desktop:0px;--_gs-zi-desktop:auto;--_gs-d-desktop:block;--_gs-mw-desktop:calc(100% - 0 - 0);--_gs-gap-tablet:0px 0px;--_gs-m-tablet:0 0 0 0;--_gs-p-tablet:0 0 0 0;--_gs-bg-tablet:#FFFFFF none;--_gs-bg-xp-tablet:0px;--_gs-zi-tablet:auto;--_gs-d-tablet:block;--_gs-mw-tablet:calc(100% - 0 - 0);--_gs-gap-mobile:0px 0px;--_gs-m-mobile:0 0 0 0;--_gs-p-mobile:0 0 0 0;--_gs-bg-mobile:#FFFFFF none;--_gs-bg-xp-mobile:0px;--_gs-zi-mobile:auto;--_gs-d-mobile:block;--_gs-mw-mobile:calc(100% - 0 - 0);--_gs-columns:12;--_gs-rows:6\"><div class=\"grids-s-w_i\">\n<div class=\"grids-area\" style=\"--_ga-column:2\/7;--_ga-row:1\/7;--_ga-m-desktop:0 0 0 0;--_ga-p-desktop:25px 25px 25px 25px;--_ga-bg-desktop:#f4f4f4 none;--_ga-zi-desktop:auto;--_ga-d-desktop:flex;--_ga-mw-desktop:calc(100% - 0 - 0);--_ga-m-tablet:0 0 0 0;--_ga-p-tablet:25px 25px 25px 25px;--_ga-bg-tablet:#f4f4f4 none;--_ga-zi-tablet:auto;--_ga-d-tablet:flex;--_ga-mw-tablet:calc(100% - 0 - 0);--_ga-m-mobile:0 0 0 0;--_ga-p-mobile:0px 10% 0px 10%;--_ga-bg-mobile:#f4f4f4 none;--_ga-zi-mobile:auto;--_ga-d-mobile:flex;--_ga-mw-mobile:calc(100% - 0 - 0)\">\n\n<p class=\"has-text-align-left\">\u201eIch liebe meinen Job.<\/p>\n\n\n\n<p class=\"has-text-align-left\">Ich liebe es, eine Frau zu sein.<\/p>\n\n\n\n<p class=\"has-text-align-left\">Ich mag den Gedanken, dass das eine das andere nicht mehr ausschlie\u00dfen muss.<\/p>\n\n\n\n<p class=\"has-text-align-left\">Ich liebe es, mir meinen Platz in der Welt jeden Tag neu zu verdienen, mit M\u00fche und Verantwortung.<\/p>\n\n\n\n<p class=\"has-text-align-left\">Und ich m\u00f6chte denjenigen den Raum nehmen, die mir sagen, dass ich weder das Recht noch die M\u00f6glichkeit habe, das zu machen\u201c.<\/p>\n\n\n\n<p class=\"has-text-align-center\"><em><strong>Ilenia Cherubin<\/strong><\/em><\/p>\n\n\n\n<p class=\"has-text-align-center has-gray-color has-text-color\">Marketing- und Vertriebsleiterin der Biasuzzi spa \u2013 Divisione Turismo<\/p>\n\n<\/div>\n\n<div class=\"grids-area\" style=\"--_ga-column:8\/12;--_ga-row:1\/7;--_ga-m-desktop:0 0 0 0;--_ga-p-desktop:0 0 0 0;--_ga-bg-desktop:#FFFFFF none;--_ga-zi-desktop:auto;--_ga-d-desktop:flex;--_ga-mw-desktop:calc(100% - 0 - 0);--_ga-m-tablet:0 0 0 0;--_ga-p-tablet:0 0 0 0;--_ga-bg-tablet:#FFFFFF none;--_ga-zi-tablet:auto;--_ga-d-tablet:flex;--_ga-mw-tablet:calc(100% - 0 - 0);--_ga-m-mobile:0 0 0 0;--_ga-p-mobile:0 0 0 0;--_ga-bg-mobile:#FFFFFF none;--_ga-zi-mobile:auto;--_ga-d-mobile:flex;--_ga-mw-mobile:calc(100% - 0 - 0)\">\n\n<figure class=\"wp-block-image size-full\"><img style=\"background-color: #f7fbfc;\" decoding=\"async\" width=\"400\" height=\"400\" src=\"https:\/\/www.bivillage.com\/wp-content\/uploads\/2022\/06\/DISEGNI-GIORNATA-DELLE-DONNE-01-400x400.jpg.webp\" alt=\"\" class=\"wp-image-3707\" srcset=\"https:\/\/www.bivillage.com\/wp-content\/uploads\/2022\/06\/DISEGNI-GIORNATA-DELLE-DONNE-01-400x400.jpg.webp 400w, https:\/\/www.bivillage.com\/wp-content\/uploads\/2022\/06\/DISEGNI-GIORNATA-DELLE-DONNE-01-400x400.jpg-300x300.webp 300w, https:\/\/www.bivillage.com\/wp-content\/uploads\/2022\/06\/DISEGNI-GIORNATA-DELLE-DONNE-01-400x400.jpg-150x150.webp 150w\" sizes=\"(max-width: 400px) 100vw, 400px\" \/><\/figure>\n\n<\/div>\n<\/div><\/div>\n\n<div  class=\"grids-section grids-is-advanced alignwide\" style=\"--_gs-gap-desktop:0px 0px;--_gs-m-desktop:0 0 0 0;--_gs-p-desktop:0 0 0 0;--_gs-bg-desktop:transparent none;--_gs-bg-xp-desktop:0px;--_gs-zi-desktop:auto;--_gs-d-desktop:block;--_gs-mw-desktop:calc(100% - 0 - 0);--_gs-gap-tablet:0px 0px;--_gs-m-tablet:0 0 0 0;--_gs-p-tablet:0 0 0 0;--_gs-bg-tablet:transparent none;--_gs-bg-xp-tablet:0px;--_gs-zi-tablet:auto;--_gs-d-tablet:block;--_gs-mw-tablet:calc(100% - 0 - 0);--_gs-gap-mobile:0px 0px;--_gs-m-mobile:0 0 0 0;--_gs-p-mobile:0 0 0 0;--_gs-bg-mobile:transparent none;--_gs-bg-xp-mobile:0px;--_gs-zi-mobile:auto;--_gs-d-mobile:block;--_gs-mw-mobile:calc(100% - 0 - 0);--_gs-columns:12;--_gs-rows:6\"><div class=\"grids-s-w_i\">\n<div class=\"grids-area\" style=\"--_ga-column:2\/6;--_ga-row:1\/7;--_ga-m-desktop:0 0 0 0;--_ga-p-desktop:0 0 0 0;--_ga-bg-desktop:transparent none;--_ga-zi-desktop:auto;--_ga-d-desktop:flex;--_ga-mw-desktop:calc(100% - 0 - 0);--_ga-m-tablet:0 0 0 0;--_ga-p-tablet:0 0 0 0;--_ga-bg-tablet:transparent none;--_ga-zi-tablet:auto;--_ga-d-tablet:flex;--_ga-mw-tablet:calc(100% - 0 - 0);--_ga-m-mobile:0 0 0 0;--_ga-p-mobile:0 0 0 0;--_ga-bg-mobile:transparent none;--_ga-zi-mobile:auto;--_ga-d-mobile:flex;--_ga-mw-mobile:calc(100% - 0 - 0)\">\n\n<figure class=\"wp-block-image size-full\"><img style=\"background-color: #fcf7f9;\" decoding=\"async\" width=\"400\" height=\"400\" src=\"https:\/\/www.bivillage.com\/wp-content\/uploads\/2022\/06\/DISEGNI-GIORNATA-DELLE-DONNE-04-400x400.jpg.webp\" alt=\"\" class=\"wp-image-3712\" srcset=\"https:\/\/www.bivillage.com\/wp-content\/uploads\/2022\/06\/DISEGNI-GIORNATA-DELLE-DONNE-04-400x400.jpg.webp 400w, https:\/\/www.bivillage.com\/wp-content\/uploads\/2022\/06\/DISEGNI-GIORNATA-DELLE-DONNE-04-400x400.jpg-300x300.webp 300w, https:\/\/www.bivillage.com\/wp-content\/uploads\/2022\/06\/DISEGNI-GIORNATA-DELLE-DONNE-04-400x400.jpg-150x150.webp 150w\" sizes=\"(max-width: 400px) 100vw, 400px\" \/><\/figure>\n\n<\/div>\n\n<div class=\"grids-area\" style=\"--_ga-column:7\/12;--_ga-row:1\/7;--_ga-m-desktop:0 0 0 0;--_ga-p-desktop:25px 25px 25px 25px;--_ga-bg-desktop:#b9e6eb none;--_ga-zi-desktop:auto;--_ga-d-desktop:flex;--_ga-mw-desktop:calc(100% - 0 - 0);--_ga-m-tablet:0 0 0 0;--_ga-p-tablet:25px 25px 25px 25px;--_ga-bg-tablet:#b9e6eb none;--_ga-zi-tablet:auto;--_ga-d-tablet:flex;--_ga-mw-tablet:calc(100% - 0 - 0);--_ga-m-mobile:0 0 0 0;--_ga-p-mobile:0px 10% 0px 10%;--_ga-bg-mobile:#b9e6eb none;--_ga-zi-mobile:auto;--_ga-d-mobile:flex;--_ga-mw-mobile:calc(100% - 0 - 0)\">\n\n<p class=\"has-text-align-left\">\u201eIch bin eine Frau, die am Frauentag ihren Geburtstag feiert. Ich wurde vorzeitig geboren: wer wei\u00df, vielleicht war es Schicksal!!!<\/p>\n\n\n\n<p class=\"has-text-align-left\">Das hat mir immer die Energie und den Enthusiasmus gegeben, mich jeder Schwierigkeit zu stellen, die mit dem Frausein verbunden sind. Ich glaube an meine F\u00e4higkeiten, ohne an Zugeh\u00f6rigkeit zu einem bestimmten Genre zu denken. Ich glaube, dass die Vergleichbarkeit von Arbeit auf der Grundlage des Geschlechts einschr\u00e4nkend ist; es muss noch viel getan werden, um sicherzustellen, dass die Professionalit\u00e4t und die F\u00e4higkeiten jedes Einzelnen belohnt werden\u201c.<\/p>\n\n\n\n<p class=\"has-text-align-center\"><em><strong>Oriana Piazza<\/strong><\/em><\/p>\n\n\n\n<p class=\"has-text-align-center has-gray-color has-text-color\">Verwaltungsmanagement der Biasuzzi spa \u2013 Divisione Turismo<\/p>\n\n<\/div>\n<\/div><\/div>\n\n<div  class=\"grids-section grids-is-advanced\" style=\"--_gs-gap-desktop:0px 0px;--_gs-m-desktop:0 0 0 0;--_gs-p-desktop:0 0 0 0;--_gs-bg-desktop:#FFFFFF none;--_gs-bg-xp-desktop:0px;--_gs-zi-desktop:auto;--_gs-d-desktop:block;--_gs-mw-desktop:calc(100% - 0 - 0);--_gs-gap-tablet:0px 0px;--_gs-m-tablet:0 0 0 0;--_gs-p-tablet:0 0 0 0;--_gs-bg-tablet:#FFFFFF none;--_gs-bg-xp-tablet:0px;--_gs-zi-tablet:auto;--_gs-d-tablet:block;--_gs-mw-tablet:calc(100% - 0 - 0);--_gs-gap-mobile:0px 0px;--_gs-m-mobile:0 0 0 0;--_gs-p-mobile:0 0 0 0;--_gs-bg-mobile:#FFFFFF none;--_gs-bg-xp-mobile:0px;--_gs-zi-mobile:auto;--_gs-d-mobile:block;--_gs-mw-mobile:calc(100% - 0 - 0);--_gs-columns:12;--_gs-rows:6\"><div class=\"grids-s-w_i\">\n<div class=\"grids-area\" style=\"--_ga-column:2\/7;--_ga-row:1\/7;--_ga-m-desktop:0 0 0 0;--_ga-p-desktop:25px 25px 25px 25px;--_ga-bg-desktop:#f4f4f4 none;--_ga-zi-desktop:auto;--_ga-d-desktop:flex;--_ga-mw-desktop:calc(100% - 0 - 0);--_ga-m-tablet:0 0 0 0;--_ga-p-tablet:25px 25px 25px 25px;--_ga-bg-tablet:#f4f4f4 none;--_ga-zi-tablet:auto;--_ga-d-tablet:flex;--_ga-mw-tablet:calc(100% - 0 - 0);--_ga-m-mobile:0 0 0 0;--_ga-p-mobile:0px 10% 0px 10%;--_ga-bg-mobile:#f4f4f4 none;--_ga-zi-mobile:auto;--_ga-d-mobile:flex;--_ga-mw-mobile:calc(100% - 0 - 0)\">\n\n<p class=\"has-text-align-left\">\u201eWir sind Teil eines Teams, das sich einem Job stellt, der uns st\u00e4ndig Herausforderungen bringt. Jede Herausforderung, die wir bew\u00e4ltigen, ist ein Grund f\u00fcr uns, zufrieden und stolz als Frauen und M\u00fctter zu sein, und das wird unsere Kinder lehren, dass eine Frau vieles sein kann\u201c.<\/p>\n\n\n\n<p class=\"has-text-align-center\"><em><strong>Anna e Valentina<\/strong><\/em><\/p>\n\n\n\n<p class=\"has-text-align-center has-gray-color has-text-color\">Verwaltungsangestellte der Biasuzzi spa \u2013 Divisione Turismo<\/p>\n\n<\/div>\n\n<div class=\"grids-area\" style=\"--_ga-column:8\/12;--_ga-row:1\/7;--_ga-m-desktop:0 0 0 0;--_ga-p-desktop:0 0 0 0;--_ga-bg-desktop:#FFFFFF none;--_ga-zi-desktop:auto;--_ga-d-desktop:flex;--_ga-mw-desktop:calc(100% - 0 - 0);--_ga-m-tablet:0 0 0 0;--_ga-p-tablet:0 0 0 0;--_ga-bg-tablet:#FFFFFF none;--_ga-zi-tablet:auto;--_ga-d-tablet:flex;--_ga-mw-tablet:calc(100% - 0 - 0);--_ga-m-mobile:0 0 0 0;--_ga-p-mobile:0 0 0 0;--_ga-bg-mobile:#FFFFFF none;--_ga-zi-mobile:auto;--_ga-d-mobile:flex;--_ga-mw-mobile:calc(100% - 0 - 0)\">\n\n<figure class=\"wp-block-image size-full\"><img style=\"background-color: #f6fbfb;\" decoding=\"async\" width=\"400\" height=\"400\" src=\"https:\/\/www.bivillage.com\/wp-content\/uploads\/2022\/06\/DISEGNI-GIORNATA-DELLE-DONNE-03-400x400.jpg-1.webp\" alt=\"\" class=\"wp-image-3690\" srcset=\"https:\/\/www.bivillage.com\/wp-content\/uploads\/2022\/06\/DISEGNI-GIORNATA-DELLE-DONNE-03-400x400.jpg-1.webp 400w, https:\/\/www.bivillage.com\/wp-content\/uploads\/2022\/06\/DISEGNI-GIORNATA-DELLE-DONNE-03-400x400.jpg-1-300x300.webp 300w, https:\/\/www.bivillage.com\/wp-content\/uploads\/2022\/06\/DISEGNI-GIORNATA-DELLE-DONNE-03-400x400.jpg-1-150x150.webp 150w\" sizes=\"(max-width: 400px) 100vw, 400px\" \/><\/figure>\n\n<\/div>\n<\/div><\/div>","protected":false},"excerpt":{"rendered":"","protected":false},"author":1,"featured_media":7945,"comment_status":"closed","ping_status":"open","sticky":false,"template":"","format":"standard","meta":{"_acf_changed":false,"advgb_blocks_editor_width":"","advgb_blocks_columns_visual_guide":"","footnotes":""},"categories":[22],"tags":[],"class_list":["post-9733","post","type-post","status-publish","format-standard","has-post-thumbnail","hentry","category-neuheiten","entry"],"acf":[],"yoast_head":"<!-- This site is optimized with the Yoast SEO plugin v26.0 - https:\/\/yoast.com\/wordpress\/plugins\/seo\/ -->\n<title>Internationalen Frauentag gedenken - BiVillage<\/title>\n<meta name=\"robots\" content=\"index, follow, max-snippet:-1, max-image-preview:large, max-video-preview:-1\" \/>\n<link rel=\"canonical\" href=\"https:\/\/www.bivillage.com\/de\/news\/neuheiten\/internationalen-frauentag-gedenken\/\" \/>\n<meta property=\"og:locale\" content=\"de_DE\" \/>\n<meta property=\"og:type\" content=\"article\" \/>\n<meta property=\"og:title\" content=\"Internationalen Frauentag gedenken - BiVillage\" \/>\n<meta property=\"og:url\" content=\"https:\/\/www.bivillage.com\/de\/news\/neuheiten\/internationalen-frauentag-gedenken\/\" \/>\n<meta property=\"og:site_name\" content=\"BiVillage\" \/>\n<meta property=\"article:publisher\" content=\"https:\/\/www.facebook.com\/BiVillageHolidayCenter\/\" \/>\n<meta property=\"article:published_time\" content=\"2022-10-27T08:12:02+00:00\" \/>\n<meta property=\"article:modified_time\" content=\"2023-01-13T10:35:40+00:00\" \/>\n<meta property=\"og:image\" content=\"https:\/\/www.bivillage.com\/wp-content\/uploads\/2022\/08\/banner_donna.webp\" \/>\n\t<meta property=\"og:image:width\" content=\"1920\" \/>\n\t<meta property=\"og:image:height\" content=\"550\" \/>\n\t<meta property=\"og:image:type\" content=\"image\/webp\" \/>\n<meta name=\"author\" content=\"admin\" \/>\n<meta name=\"twitter:card\" content=\"summary_large_image\" \/>\n<meta name=\"twitter:label1\" content=\"Verfasst von\" \/>\n\t<meta name=\"twitter:data1\" content=\"admin\" \/>\n\t<meta name=\"twitter:label2\" content=\"Gesch\u00e4tzte Lesezeit\" \/>\n\t<meta name=\"twitter:data2\" content=\"5\u00a0Minuten\" \/>\n<script type=\"application\/ld+json\" class=\"yoast-schema-graph\">{\"@context\":\"https:\/\/schema.org\",\"@graph\":[{\"@type\":\"Article\",\"@id\":\"https:\/\/www.bivillage.com\/de\/news\/neuheiten\/internationalen-frauentag-gedenken\/#article\",\"isPartOf\":{\"@id\":\"https:\/\/www.bivillage.com\/de\/news\/neuheiten\/internationalen-frauentag-gedenken\/\"},\"author\":{\"name\":\"admin\",\"@id\":\"https:\/\/www.bivillage.com\/de\/#\/schema\/person\/843a17529217e331813a8c3ca5e32d59\"},\"headline\":\"Internationalen Frauentag gedenken\",\"datePublished\":\"2022-10-27T08:12:02+00:00\",\"dateModified\":\"2023-01-13T10:35:40+00:00\",\"mainEntityOfPage\":{\"@id\":\"https:\/\/www.bivillage.com\/de\/news\/neuheiten\/internationalen-frauentag-gedenken\/\"},\"wordCount\":673,\"publisher\":{\"@id\":\"https:\/\/www.bivillage.com\/de\/#organization\"},\"image\":{\"@id\":\"https:\/\/www.bivillage.com\/de\/news\/neuheiten\/internationalen-frauentag-gedenken\/#primaryimage\"},\"thumbnailUrl\":\"https:\/\/www.bivillage.com\/wp-content\/uploads\/2022\/08\/banner_donna.webp\",\"articleSection\":[\"Neuheiten\"],\"inLanguage\":\"de\"},{\"@type\":\"WebPage\",\"@id\":\"https:\/\/www.bivillage.com\/de\/news\/neuheiten\/internationalen-frauentag-gedenken\/\",\"url\":\"https:\/\/www.bivillage.com\/de\/news\/neuheiten\/internationalen-frauentag-gedenken\/\",\"name\":\"Internationalen Frauentag gedenken - BiVillage\",\"isPartOf\":{\"@id\":\"https:\/\/www.bivillage.com\/de\/#website\"},\"primaryImageOfPage\":{\"@id\":\"https:\/\/www.bivillage.com\/de\/news\/neuheiten\/internationalen-frauentag-gedenken\/#primaryimage\"},\"image\":{\"@id\":\"https:\/\/www.bivillage.com\/de\/news\/neuheiten\/internationalen-frauentag-gedenken\/#primaryimage\"},\"thumbnailUrl\":\"https:\/\/www.bivillage.com\/wp-content\/uploads\/2022\/08\/banner_donna.webp\",\"datePublished\":\"2022-10-27T08:12:02+00:00\",\"dateModified\":\"2023-01-13T10:35:40+00:00\",\"breadcrumb\":{\"@id\":\"https:\/\/www.bivillage.com\/de\/news\/neuheiten\/internationalen-frauentag-gedenken\/#breadcrumb\"},\"inLanguage\":\"de\",\"potentialAction\":[{\"@type\":\"ReadAction\",\"target\":[\"https:\/\/www.bivillage.com\/de\/news\/neuheiten\/internationalen-frauentag-gedenken\/\"]}]},{\"@type\":\"ImageObject\",\"inLanguage\":\"de\",\"@id\":\"https:\/\/www.bivillage.com\/de\/news\/neuheiten\/internationalen-frauentag-gedenken\/#primaryimage\",\"url\":\"https:\/\/www.bivillage.com\/wp-content\/uploads\/2022\/08\/banner_donna.webp\",\"contentUrl\":\"https:\/\/www.bivillage.com\/wp-content\/uploads\/2022\/08\/banner_donna.webp\",\"width\":1920,\"height\":550},{\"@type\":\"BreadcrumbList\",\"@id\":\"https:\/\/www.bivillage.com\/de\/news\/neuheiten\/internationalen-frauentag-gedenken\/#breadcrumb\",\"itemListElement\":[{\"@type\":\"ListItem\",\"position\":1,\"name\":\"Home\",\"item\":\"https:\/\/www.bivillage.com\/de\/\"},{\"@type\":\"ListItem\",\"position\":2,\"name\":\"Neuheiten\",\"item\":\"https:\/\/www.bivillage.com\/de\/news\/category\/neuheiten\/\"},{\"@type\":\"ListItem\",\"position\":3,\"name\":\"Internationalen Frauentag gedenken\"}]},{\"@type\":\"WebSite\",\"@id\":\"https:\/\/www.bivillage.com\/de\/#website\",\"url\":\"https:\/\/www.bivillage.com\/de\/\",\"name\":\"BiVillage\",\"description\":\"Fasana, ISTRIA\",\"publisher\":{\"@id\":\"https:\/\/www.bivillage.com\/de\/#organization\"},\"potentialAction\":[{\"@type\":\"SearchAction\",\"target\":{\"@type\":\"EntryPoint\",\"urlTemplate\":\"https:\/\/www.bivillage.com\/de\/?s={search_term_string}\"},\"query-input\":{\"@type\":\"PropertyValueSpecification\",\"valueRequired\":true,\"valueName\":\"search_term_string\"}}],\"inLanguage\":\"de\"},{\"@type\":\"Organization\",\"@id\":\"https:\/\/www.bivillage.com\/de\/#organization\",\"name\":\"BiVillage\",\"alternateName\":\"bivillage\",\"url\":\"https:\/\/www.bivillage.com\/de\/\",\"logo\":{\"@type\":\"ImageObject\",\"inLanguage\":\"de\",\"@id\":\"https:\/\/www.bivillage.com\/de\/#\/schema\/logo\/image\/\",\"url\":\"https:\/\/www.bivillage.com\/wp-content\/uploads\/2022\/04\/logo-bivillage.png\",\"contentUrl\":\"https:\/\/www.bivillage.com\/wp-content\/uploads\/2022\/04\/logo-bivillage.png\",\"width\":973,\"height\":340,\"caption\":\"BiVillage\"},\"image\":{\"@id\":\"https:\/\/www.bivillage.com\/de\/#\/schema\/logo\/image\/\"},\"sameAs\":[\"https:\/\/www.facebook.com\/BiVillageHolidayCenter\/\",\"https:\/\/www.instagram.com\/bivillage_holidayresort\/\",\"https:\/\/www.youtube.com\/channel\/UCu0whYLFWz1DQK-xiTLIuVw\",\"https:\/\/www.tiktok.com\/@bivillage\"]},{\"@type\":\"Person\",\"@id\":\"https:\/\/www.bivillage.com\/de\/#\/schema\/person\/843a17529217e331813a8c3ca5e32d59\",\"name\":\"admin\"}]}<\/script>\n<!-- \/ Yoast SEO plugin. -->","yoast_head_json":{"title":"Internationalen Frauentag gedenken - BiVillage","robots":{"index":"index","follow":"follow","max-snippet":"max-snippet:-1","max-image-preview":"max-image-preview:large","max-video-preview":"max-video-preview:-1"},"canonical":"https:\/\/www.bivillage.com\/de\/news\/neuheiten\/internationalen-frauentag-gedenken\/","og_locale":"de_DE","og_type":"article","og_title":"Internationalen Frauentag gedenken - BiVillage","og_url":"https:\/\/www.bivillage.com\/de\/news\/neuheiten\/internationalen-frauentag-gedenken\/","og_site_name":"BiVillage","article_publisher":"https:\/\/www.facebook.com\/BiVillageHolidayCenter\/","article_published_time":"2022-10-27T08:12:02+00:00","article_modified_time":"2023-01-13T10:35:40+00:00","og_image":[{"width":1920,"height":550,"url":"https:\/\/www.bivillage.com\/wp-content\/uploads\/2022\/08\/banner_donna.webp","type":"image\/webp"}],"author":"admin","twitter_card":"summary_large_image","twitter_misc":{"Verfasst von":"admin","Gesch\u00e4tzte Lesezeit":"5\u00a0Minuten"},"schema":{"@context":"https:\/\/schema.org","@graph":[{"@type":"Article","@id":"https:\/\/www.bivillage.com\/de\/news\/neuheiten\/internationalen-frauentag-gedenken\/#article","isPartOf":{"@id":"https:\/\/www.bivillage.com\/de\/news\/neuheiten\/internationalen-frauentag-gedenken\/"},"author":{"name":"admin","@id":"https:\/\/www.bivillage.com\/de\/#\/schema\/person\/843a17529217e331813a8c3ca5e32d59"},"headline":"Internationalen Frauentag gedenken","datePublished":"2022-10-27T08:12:02+00:00","dateModified":"2023-01-13T10:35:40+00:00","mainEntityOfPage":{"@id":"https:\/\/www.bivillage.com\/de\/news\/neuheiten\/internationalen-frauentag-gedenken\/"},"wordCount":673,"publisher":{"@id":"https:\/\/www.bivillage.com\/de\/#organization"},"image":{"@id":"https:\/\/www.bivillage.com\/de\/news\/neuheiten\/internationalen-frauentag-gedenken\/#primaryimage"},"thumbnailUrl":"https:\/\/www.bivillage.com\/wp-content\/uploads\/2022\/08\/banner_donna.webp","articleSection":["Neuheiten"],"inLanguage":"de"},{"@type":"WebPage","@id":"https:\/\/www.bivillage.com\/de\/news\/neuheiten\/internationalen-frauentag-gedenken\/","url":"https:\/\/www.bivillage.com\/de\/news\/neuheiten\/internationalen-frauentag-gedenken\/","name":"Internationalen Frauentag gedenken - BiVillage","isPartOf":{"@id":"https:\/\/www.bivillage.com\/de\/#website"},"primaryImageOfPage":{"@id":"https:\/\/www.bivillage.com\/de\/news\/neuheiten\/internationalen-frauentag-gedenken\/#primaryimage"},"image":{"@id":"https:\/\/www.bivillage.com\/de\/news\/neuheiten\/internationalen-frauentag-gedenken\/#primaryimage"},"thumbnailUrl":"https:\/\/www.bivillage.com\/wp-content\/uploads\/2022\/08\/banner_donna.webp","datePublished":"2022-10-27T08:12:02+00:00","dateModified":"2023-01-13T10:35:40+00:00","breadcrumb":{"@id":"https:\/\/www.bivillage.com\/de\/news\/neuheiten\/internationalen-frauentag-gedenken\/#breadcrumb"},"inLanguage":"de","potentialAction":[{"@type":"ReadAction","target":["https:\/\/www.bivillage.com\/de\/news\/neuheiten\/internationalen-frauentag-gedenken\/"]}]},{"@type":"ImageObject","inLanguage":"de","@id":"https:\/\/www.bivillage.com\/de\/news\/neuheiten\/internationalen-frauentag-gedenken\/#primaryimage","url":"https:\/\/www.bivillage.com\/wp-content\/uploads\/2022\/08\/banner_donna.webp","contentUrl":"https:\/\/www.bivillage.com\/wp-content\/uploads\/2022\/08\/banner_donna.webp","width":1920,"height":550},{"@type":"BreadcrumbList","@id":"https:\/\/www.bivillage.com\/de\/news\/neuheiten\/internationalen-frauentag-gedenken\/#breadcrumb","itemListElement":[{"@type":"ListItem","position":1,"name":"Home","item":"https:\/\/www.bivillage.com\/de\/"},{"@type":"ListItem","position":2,"name":"Neuheiten","item":"https:\/\/www.bivillage.com\/de\/news\/category\/neuheiten\/"},{"@type":"ListItem","position":3,"name":"Internationalen Frauentag gedenken"}]},{"@type":"WebSite","@id":"https:\/\/www.bivillage.com\/de\/#website","url":"https:\/\/www.bivillage.com\/de\/","name":"BiVillage","description":"Fasana, ISTRIA","publisher":{"@id":"https:\/\/www.bivillage.com\/de\/#organization"},"potentialAction":[{"@type":"SearchAction","target":{"@type":"EntryPoint","urlTemplate":"https:\/\/www.bivillage.com\/de\/?s={search_term_string}"},"query-input":{"@type":"PropertyValueSpecification","valueRequired":true,"valueName":"search_term_string"}}],"inLanguage":"de"},{"@type":"Organization","@id":"https:\/\/www.bivillage.com\/de\/#organization","name":"BiVillage","alternateName":"bivillage","url":"https:\/\/www.bivillage.com\/de\/","logo":{"@type":"ImageObject","inLanguage":"de","@id":"https:\/\/www.bivillage.com\/de\/#\/schema\/logo\/image\/","url":"https:\/\/www.bivillage.com\/wp-content\/uploads\/2022\/04\/logo-bivillage.png","contentUrl":"https:\/\/www.bivillage.com\/wp-content\/uploads\/2022\/04\/logo-bivillage.png","width":973,"height":340,"caption":"BiVillage"},"image":{"@id":"https:\/\/www.bivillage.com\/de\/#\/schema\/logo\/image\/"},"sameAs":["https:\/\/www.facebook.com\/BiVillageHolidayCenter\/","https:\/\/www.instagram.com\/bivillage_holidayresort\/","https:\/\/www.youtube.com\/channel\/UCu0whYLFWz1DQK-xiTLIuVw","https:\/\/www.tiktok.com\/@bivillage"]},{"@type":"Person","@id":"https:\/\/www.bivillage.com\/de\/#\/schema\/person\/843a17529217e331813a8c3ca5e32d59","name":"admin"}]}},"author_meta":{"display_name":"admin","author_link":"https:\/\/www.bivillage.com\/de\/news\/author\/admin\/"},"featured_img":"https:\/\/www.bivillage.com\/wp-content\/uploads\/2022\/08\/banner_donna-300x86.webp","coauthors":[],"tax_additional":{"categories":{"linked":["<a href=\"https:\/\/www.bivillage.com\/de\/news\/category\/neuheiten\/\" class=\"advgb-post-tax-term\">Neuheiten<\/a>"],"unlinked":["<span class=\"advgb-post-tax-term\">Neuheiten<\/span>"]}},"comment_count":"0","relative_dates":{"created":"Posted 4\u00a0Jahren ago","modified":"Updated 3\u00a0Jahren ago"},"absolute_dates":{"created":"Posted on Oktober 27, 2022","modified":"Updated on Januar 13, 2023"},"absolute_dates_time":{"created":"Posted on Oktober 27, 2022 10:12 a.m.","modified":"Updated on Januar 13, 2023 11:35 a.m."},"featured_img_caption":"","series_order":"","_links":{"self":[{"href":"https:\/\/www.bivillage.com\/de\/wp-json\/wp\/v2\/posts\/9733","targetHints":{"allow":["GET"]}}],"collection":[{"href":"https:\/\/www.bivillage.com\/de\/wp-json\/wp\/v2\/posts"}],"about":[{"href":"https:\/\/www.bivillage.com\/de\/wp-json\/wp\/v2\/types\/post"}],"author":[{"embeddable":true,"href":"https:\/\/www.bivillage.com\/de\/wp-json\/wp\/v2\/users\/1"}],"replies":[{"embeddable":true,"href":"https:\/\/www.bivillage.com\/de\/wp-json\/wp\/v2\/comments?post=9733"}],"version-history":[{"count":0,"href":"https:\/\/www.bivillage.com\/de\/wp-json\/wp\/v2\/posts\/9733\/revisions"}],"wp:featuredmedia":[{"embeddable":true,"href":"https:\/\/www.bivillage.com\/de\/wp-json\/wp\/v2\/media\/7945"}],"wp:attachment":[{"href":"https:\/\/www.bivillage.com\/de\/wp-json\/wp\/v2\/media?parent=9733"}],"wp:term":[{"taxonomy":"category","embeddable":true,"href":"https:\/\/www.bivillage.com\/de\/wp-json\/wp\/v2\/categories?post=9733"},{"taxonomy":"post_tag","embeddable":true,"href":"https:\/\/www.bivillage.com\/de\/wp-json\/wp\/v2\/tags?post=9733"}],"curies":[{"name":"wp","href":"https:\/\/api.w.org\/{rel}","templated":true}]}}