{"id":9614,"date":"2022-10-21T10:41:03","date_gmt":"2022-10-21T08:41:03","guid":{"rendered":"https:\/\/www.bivillage.com\/news\/unkategorisiert\/weltumwelttag\/"},"modified":"2023-01-13T11:45:32","modified_gmt":"2023-01-13T10:45:32","slug":"weltumwelttag","status":"publish","type":"post","link":"https:\/\/www.bivillage.com\/de\/news\/neuheiten\/weltumwelttag\/","title":{"rendered":"Weltumwelttag"},"content":{"rendered":"<div  class=\"grids-section grids-is-advanced\" style=\"--_gs-gap-desktop:0px 0px;--_gs-m-desktop:0 0 0 0;--_gs-p-desktop:0 0 0 0;--_gs-bg-desktop:transparent none;--_gs-bg-xp-desktop:0px;--_gs-zi-desktop:auto;--_gs-d-desktop:block;--_gs-mw-desktop:calc(100% - 0 - 0);--_gs-gap-tablet:0px 0px;--_gs-m-tablet:0 0 0 0;--_gs-p-tablet:0 0 0 0;--_gs-bg-tablet:transparent none;--_gs-bg-xp-tablet:0px;--_gs-zi-tablet:auto;--_gs-d-tablet:block;--_gs-mw-tablet:calc(100% - 0 - 0);--_gs-gap-mobile:0px 0px;--_gs-m-mobile:0 0 0 0;--_gs-p-mobile:0 0 0 0;--_gs-bg-mobile:transparent none;--_gs-bg-xp-mobile:0px;--_gs-zi-mobile:auto;--_gs-d-mobile:block;--_gs-mw-mobile:calc(100% - 0 - 0);--_gs-columns:12;--_gs-rows:6\"><div class=\"grids-s-w_i\">\n<div class=\"grids-area\" style=\"--_ga-column:2\/12;--_ga-row:1\/4;--_ga-m-desktop:0 0 0 0;--_ga-p-desktop:0 0 0 0;--_ga-bg-desktop:transparent none;--_ga-zi-desktop:auto;--_ga-d-desktop:flex;--_ga-mw-desktop:calc(100% - 0 - 0);--_ga-m-tablet:0 0 0 0;--_ga-p-tablet:0 0 0 0;--_ga-bg-tablet:transparent none;--_ga-zi-tablet:auto;--_ga-d-tablet:flex;--_ga-mw-tablet:calc(100% - 0 - 0);--_ga-m-mobile:0 0 0 0;--_ga-p-mobile:0 10% 0 10%;--_ga-bg-mobile:transparent none;--_ga-zi-mobile:auto;--_ga-d-mobile:flex;--_ga-mw-mobile:calc(100% - 0 - 0)\">\n\n<h3 class=\"wp-block-heading\">\u201cUMWELT\u201c, VOM PARTIZIP PR\u00c4SENS VON \u201eANSTREBEN, UMGEHEN, UMGEBEN\u201d.<\/h3>\n\n\n\n<p>Die Umwelt, von der wir umgeben sind. Die Umwelt, in der wir miteinander interagieren. Eine Umwelt, die wir f\u00fcr uns selbst und f\u00fcr eine bessere, nachhaltigere Zukunft f\u00fcr die n\u00e4chsten Generationen sch\u00fctzen m\u00fcssen, sowohl aus \u00f6kologischer als auch aus menschlicher Sicht.<\/p>\n\n\n\n<p>Eine Menschheit, die bereit ist, sich um ihren Lebensraum zu k\u00fcmmern, indem sie individuelle und kollektive Aktionen ergreift, die darauf abzielen, ein Bewusstsein zu schaffen, das in der Lage ist, Fehler zu korrigieren und die Stimme, die f\u00fcr Sch\u00f6nheit und Bewahrung steht, einm\u00fctig zu erheben.<\/p>\n\n\n\n<h2 class=\"wp-block-heading\">Seit dem 15. Dezember 1972 gibt es einen Tag, an dem die Umwelt gefeiert wird.<\/h2>\n\n\n\n<p>Am&nbsp;<b>15. Dezember 1972<\/b>&nbsp;legte die Versammlung der Vereinten Nationen den 5. Juni als Tag f\u00fcr die Feier des&nbsp;<i>\u201eWeltumwelttages\u201c&nbsp;<\/i>fest, der in diesem Jahr in Zusammenarbeit mit dem Umweltprogramm der Vereinten Nationen (UNEP) in Schweden veranstaltet wird.<\/p>\n\n\n<div  class=\"grids-section grids-is-stretch\" style=\"--_gs-gap-desktop:0px 0px;--_gs-m-desktop:0 0 0 0;--_gs-p-desktop:0 0 0 0;--_gs-bg-desktop:transparent none;--_gs-bg-xp-desktop:0px;--_gs-zi-desktop:auto;--_gs-d-desktop:block;--_gs-mw-desktop:calc(100% - 0 - 0);--_gs-gap-tablet:0px 0px;--_gs-m-tablet:0 0 0 0;--_gs-p-tablet:0 0 0 0;--_gs-bg-tablet:transparent none;--_gs-bg-xp-tablet:0px;--_gs-zi-tablet:auto;--_gs-d-tablet:block;--_gs-mw-tablet:calc(100% - 0 - 0);--_gs-gap-mobile:0px 0px;--_gs-m-mobile:0 0 0 0;--_gs-p-mobile:0 0 0 0;--_gs-bg-mobile:transparent none;--_gs-bg-xp-mobile:0px;--_gs-zi-mobile:auto;--_gs-d-mobile:block;--_gs-mw-mobile:calc(100% - 0 - 0);--_gs-columns:4;--_gs-rows:1\"><div class=\"grids-s-w_i\">\n<div class=\"grids-area\" style=\"--_ga-column:1\/2;--_ga-row:1\/2;--_ga-m-desktop:0 0 0 0;--_ga-p-desktop:0 0 0 0;--_ga-bg-desktop:transparent none;--_ga-zi-desktop:auto;--_ga-d-desktop:flex;--_ga-mw-desktop:calc(100% - 0 - 0);--_ga-m-tablet:0 0 0 0;--_ga-p-tablet:0 0 0 0;--_ga-bg-tablet:transparent none;--_ga-zi-tablet:auto;--_ga-d-tablet:flex;--_ga-mw-tablet:calc(100% - 0 - 0);--_ga-m-mobile:0 0 0 0;--_ga-p-mobile:0 0 0 0;--_ga-bg-mobile:transparent none;--_ga-zi-mobile:auto;--_ga-d-mobile:flex;--_ga-mw-mobile:calc(100% - 0 - 0)\">\n\n<figure class=\"wp-block-image size-full\"><img decoding=\"async\" width=\"250\" height=\"250\" src=\"https:\/\/www.bivillage.com\/wp-content\/uploads\/2022\/06\/save_water.png.webp\" alt=\"\" class=\"wp-image-3886\" srcset=\"https:\/\/www.bivillage.com\/wp-content\/uploads\/2022\/06\/save_water.png.webp 250w, https:\/\/www.bivillage.com\/wp-content\/uploads\/2022\/06\/save_water.png-150x150.webp 150w\" sizes=\"(max-width: 250px) 100vw, 250px\" \/><\/figure>\n\n<\/div>\n\n<div class=\"grids-area\" style=\"--_ga-column:2\/3;--_ga-row:1\/2;--_ga-m-desktop:0 0 0 0;--_ga-p-desktop:0 0 0 0;--_ga-bg-desktop:transparent none;--_ga-zi-desktop:auto;--_ga-d-desktop:flex;--_ga-mw-desktop:calc(100% - 0 - 0);--_ga-m-tablet:0 0 0 0;--_ga-p-tablet:0 0 0 0;--_ga-bg-tablet:transparent none;--_ga-zi-tablet:auto;--_ga-d-tablet:flex;--_ga-mw-tablet:calc(100% - 0 - 0);--_ga-m-mobile:0 0 0 0;--_ga-p-mobile:0 0 0 0;--_ga-bg-mobile:transparent none;--_ga-zi-mobile:auto;--_ga-d-mobile:flex;--_ga-mw-mobile:calc(100% - 0 - 0)\">\n\n<figure class=\"wp-block-image size-full\"><img decoding=\"async\" width=\"250\" height=\"250\" src=\"https:\/\/www.bivillage.com\/wp-content\/uploads\/2022\/06\/go_green.png.webp\" alt=\"\" class=\"wp-image-3890\" srcset=\"https:\/\/www.bivillage.com\/wp-content\/uploads\/2022\/06\/go_green.png.webp 250w, https:\/\/www.bivillage.com\/wp-content\/uploads\/2022\/06\/go_green.png-150x150.webp 150w\" sizes=\"(max-width: 250px) 100vw, 250px\" \/><\/figure>\n\n<\/div>\n\n<div class=\"grids-area\" style=\"--_ga-column:3\/4;--_ga-row:1\/2;--_ga-m-desktop:0 0 0 0;--_ga-p-desktop:0 0 0 0;--_ga-bg-desktop:transparent none;--_ga-zi-desktop:auto;--_ga-d-desktop:flex;--_ga-mw-desktop:calc(100% - 0 - 0);--_ga-m-tablet:0 0 0 0;--_ga-p-tablet:0 0 0 0;--_ga-bg-tablet:transparent none;--_ga-zi-tablet:auto;--_ga-d-tablet:flex;--_ga-mw-tablet:calc(100% - 0 - 0);--_ga-m-mobile:0 0 0 0;--_ga-p-mobile:0 0 0 0;--_ga-bg-mobile:transparent none;--_ga-zi-mobile:auto;--_ga-d-mobile:flex;--_ga-mw-mobile:calc(100% - 0 - 0)\">\n\n<figure class=\"wp-block-image size-full\"><img decoding=\"async\" width=\"250\" height=\"250\" src=\"https:\/\/www.bivillage.com\/wp-content\/uploads\/2022\/06\/no_plastic.png.webp\" alt=\"\" class=\"wp-image-3894\" srcset=\"https:\/\/www.bivillage.com\/wp-content\/uploads\/2022\/06\/no_plastic.png.webp 250w, https:\/\/www.bivillage.com\/wp-content\/uploads\/2022\/06\/no_plastic.png-150x150.webp 150w\" sizes=\"(max-width: 250px) 100vw, 250px\" \/><\/figure>\n\n<\/div>\n\n<div class=\"grids-area\" style=\"--_ga-column:4\/5;--_ga-row:1\/2;--_ga-m-desktop:0 0 0 0;--_ga-p-desktop:0 0 0 0;--_ga-bg-desktop:transparent none;--_ga-zi-desktop:auto;--_ga-d-desktop:flex;--_ga-mw-desktop:calc(100% - 0 - 0);--_ga-m-tablet:0 0 0 0;--_ga-p-tablet:0 0 0 0;--_ga-bg-tablet:transparent none;--_ga-zi-tablet:auto;--_ga-d-tablet:flex;--_ga-mw-tablet:calc(100% - 0 - 0);--_ga-m-mobile:0 0 0 0;--_ga-p-mobile:0 0 0 0;--_ga-bg-mobile:transparent none;--_ga-zi-mobile:auto;--_ga-d-mobile:flex;--_ga-mw-mobile:calc(100% - 0 - 0)\">\n\n<figure class=\"wp-block-image size-full\"><img decoding=\"async\" width=\"250\" height=\"250\" src=\"https:\/\/www.bivillage.com\/wp-content\/uploads\/2022\/06\/go_green.png-2-1.webp\" alt=\"\" class=\"wp-image-3902\" srcset=\"https:\/\/www.bivillage.com\/wp-content\/uploads\/2022\/06\/go_green.png-2-1.webp 250w, https:\/\/www.bivillage.com\/wp-content\/uploads\/2022\/06\/go_green.png-2-1-150x150.webp 150w\" sizes=\"(max-width: 250px) 100vw, 250px\" \/><\/figure>\n\n<\/div>\n<\/div><\/div>\n\n\n<h2 class=\"has-text-align-center wp-block-heading\">\u201eNur eine Erde\u201c, der Slogan f\u00fcr den Weltumwelttag 2022 spricht f\u00fcr sich selbst: Die Zeit l\u00e4uft uns davon<\/h2>\n\n\n\n<p>Seitdem wird dieser Tag jedes Jahr mit einem Slogan gekennzeichnet. Der Slogan f\u00fcr 2022,&nbsp;<b><i>\u201eNur eine Erde\u201c<\/i><\/b>, betont, wie sehr unsere Zukunft mit dem Wohlergehen unseres Planeten und der Sorge um die Menschen, die ihn bewohnen, verbunden ist. Der Umweltschutz ist auch einer der Eckpfeiler der<b>&nbsp;Agenda f\u00fcr 2030<\/b>, in der eines der Ziele f\u00fcr nachhaltige Entwicklung (SDGs), Nummer 15, genau diesem Thema gewidmet ist.<\/p>\n\n<\/div>\n<\/div><\/div>\n\n<div  class=\"grids-section grids-is-advanced\" style=\"--_gs-gap-desktop:0px 0px;--_gs-m-desktop:0 0 0 0;--_gs-p-desktop:0 0 0 0;--_gs-bg-desktop:transparent none;--_gs-bg-xp-desktop:0px;--_gs-zi-desktop:auto;--_gs-d-desktop:block;--_gs-mw-desktop:calc(100% - 0 - 0);--_gs-gap-tablet:0px 0px;--_gs-m-tablet:0 0 0 0;--_gs-p-tablet:0 0 0 0;--_gs-bg-tablet:transparent none;--_gs-bg-xp-tablet:0px;--_gs-zi-tablet:auto;--_gs-d-tablet:block;--_gs-mw-tablet:calc(100% - 0 - 0);--_gs-gap-mobile:0px 0px;--_gs-m-mobile:0 0 0 0;--_gs-p-mobile:0 0 0 0;--_gs-bg-mobile:transparent none;--_gs-bg-xp-mobile:0px;--_gs-zi-mobile:auto;--_gs-d-mobile:block;--_gs-mw-mobile:calc(100% - 0 - 0);--_gs-columns:12;--_gs-rows:6\"><div class=\"grids-s-w_i\">\n<div class=\"grids-area\" style=\"--_ga-column:2\/6;--_ga-row:1\/5;--_ga-m-desktop:0 0 0 0;--_ga-p-desktop:0 0 0 0;--_ga-bg-desktop:transparent none;--_ga-zi-desktop:auto;--_ga-d-desktop:flex;--_ga-mw-desktop:calc(100% - 0 - 0);--_ga-m-tablet:0 0 0 0;--_ga-p-tablet:0 0 0 0;--_ga-bg-tablet:transparent none;--_ga-zi-tablet:auto;--_ga-d-tablet:flex;--_ga-mw-tablet:calc(100% - 0 - 0);--_ga-m-mobile:0 0 0 0;--_ga-p-mobile:0 10% 0 10%;--_ga-bg-mobile:transparent none;--_ga-zi-mobile:auto;--_ga-d-mobile:flex;--_ga-mw-mobile:calc(100% - 0 - 0)\">\n\n<figure class=\"wp-block-image size-full is-resized\"><img decoding=\"async\" src=\"https:\/\/www.bivillage.com\/wp-content\/uploads\/2022\/06\/Schermata-2022-06-30-alle-10.08.21.png\" alt=\"\" class=\"wp-image-3911\" width=\"69\" height=\"73\"\/><\/figure>\n\n\n\n<h2 class=\"has-text-align-center wp-block-heading\">Nachhaltigkeit und bewusstes Wohlergehen geh\u00f6ren zu den Kernwerten von BiHoliday.<\/h2>\n\n<\/div>\n\n<div class=\"grids-area\" style=\"--_ga-column:7\/12;--_ga-row:1\/5;--_ga-va:center;--_ga-m-desktop:0 0 0 0;--_ga-p-desktop:25px 25px 25px 25px;--_ga-bg-desktop:#9cbf44 none;--_ga-zi-desktop:auto;--_ga-d-desktop:flex;--_ga-mw-desktop:calc(100% - 0 - 0);--_ga-m-tablet:0 0 0 0;--_ga-p-tablet:25px 25px 25px 25px;--_ga-bg-tablet:#9cbf44 none;--_ga-zi-tablet:auto;--_ga-d-tablet:flex;--_ga-mw-tablet:calc(100% - 0 - 0);--_ga-m-mobile:0 0 0 0;--_ga-p-mobile:5px 10% 5px 10%;--_ga-bg-mobile:#9cbf44 none;--_ga-zi-mobile:auto;--_ga-d-mobile:flex;--_ga-mw-mobile:calc(100% - 0 - 0)\">\n\n<p>Die&nbsp;<b>BiHoliday-Feriend\u00f6rfer<\/b>&nbsp;hatten schon immer das Ziel, diese Konzepte zu st\u00e4rken, indem sie interne und externe Bereiche zu wertvollen Gebieten f\u00fcr die Aufwertung des Territoriums und den Respekt vor der Artenvielfalt machen. Spezielle Workshops, Gr\u00fcnfl\u00e4chen, die von Fachpersonal gepflegt werden, und die Aufkl\u00e4rung \u00fcber Themen, die mit dem Wohlergehen unseres Planeten zusammenh\u00e4ngen, sind nur einige der Aktivit\u00e4ten, die von BiHoliday umgesetzt werden und die deutlich machen, dass der Wert der Nachhaltigkeit ein Eckpfeiler des unternehmerischen Wohlergehens ist, ein Wert, der auch von den G\u00e4sten der Feriend\u00f6rfer geteilt wird.<\/p>\n\n<\/div>\n<\/div><\/div>\n\n<div  class=\"grids-section grids-is-advanced\" style=\"--_gs-gap-desktop:0px 0px;--_gs-m-desktop:40px 0 0 0;--_gs-p-desktop:0 0 0 0;--_gs-bg-desktop:transparent none;--_gs-bg-xp-desktop:0px;--_gs-zi-desktop:auto;--_gs-d-desktop:block;--_gs-mw-desktop:calc(100% - 0 - 0);--_gs-gap-tablet:0px 0px;--_gs-m-tablet:40px 0 0 0;--_gs-p-tablet:0 0 0 0;--_gs-bg-tablet:transparent none;--_gs-bg-xp-tablet:0px;--_gs-zi-tablet:auto;--_gs-d-tablet:block;--_gs-mw-tablet:calc(100% - 0 - 0);--_gs-gap-mobile:0px 0px;--_gs-m-mobile:0px 0 0 0;--_gs-p-mobile:0 0 0 0;--_gs-bg-mobile:transparent none;--_gs-bg-xp-mobile:0px;--_gs-zi-mobile:auto;--_gs-d-mobile:block;--_gs-mw-mobile:calc(100% - 0 - 0);--_gs-columns:12;--_gs-rows:6\"><div class=\"grids-s-w_i\">\n<div class=\"grids-area\" style=\"--_ga-column:2\/12;--_ga-row:1\/4;--_ga-m-desktop:0 0 0 0;--_ga-p-desktop:0 0 0 0;--_ga-bg-desktop:transparent none;--_ga-zi-desktop:auto;--_ga-d-desktop:flex;--_ga-mw-desktop:calc(100% - 0 - 0);--_ga-m-tablet:0 0 0 0;--_ga-p-tablet:0 0 0 0;--_ga-bg-tablet:transparent none;--_ga-zi-tablet:auto;--_ga-d-tablet:flex;--_ga-mw-tablet:calc(100% - 0 - 0);--_ga-m-mobile:0 0 0 0;--_ga-p-mobile:0 10% 0 10%;--_ga-bg-mobile:transparent none;--_ga-zi-mobile:auto;--_ga-d-mobile:flex;--_ga-mw-mobile:calc(100% - 0 - 0)\">\n\n<h2 class=\"has-text-align-center wp-block-heading\">Sch\u00f6nheit, Menschlichkeit, Respekt: die Schl\u00fcsselw\u00f6rter des Weltumwelttages<\/h2>\n\n\n\n<p class=\"has-text-align-center\"><b><i>\u201eGemeinsam f\u00fcr eine bessere Zukunft\u201c<\/i><\/b>&nbsp;ist die Grundaussage f\u00fcr dieses Gef\u00fchl, sodass&nbsp;<i>\u201eNur eine Erde\u201c<\/i>&nbsp;zu einer ohrenbet\u00e4ubenden und uneingeschr\u00e4nkten Bewegung werden kann.<\/p>\n\n<\/div>\n<\/div><\/div>","protected":false},"excerpt":{"rendered":"","protected":false},"author":1,"featured_media":7824,"comment_status":"closed","ping_status":"open","sticky":false,"template":"","format":"standard","meta":{"_acf_changed":false,"advgb_blocks_editor_width":"","advgb_blocks_columns_visual_guide":"","footnotes":""},"categories":[22],"tags":[],"class_list":["post-9614","post","type-post","status-publish","format-standard","has-post-thumbnail","hentry","category-neuheiten","entry"],"acf":[],"yoast_head":"<!-- This site is optimized with the Yoast SEO plugin v26.0 - https:\/\/yoast.com\/wordpress\/plugins\/seo\/ -->\n<title>Weltumwelttag - BiVillage<\/title>\n<meta name=\"robots\" content=\"index, follow, max-snippet:-1, max-image-preview:large, max-video-preview:-1\" \/>\n<link rel=\"canonical\" href=\"https:\/\/www.bivillage.com\/de\/news\/neuheiten\/weltumwelttag\/\" \/>\n<meta property=\"og:locale\" content=\"de_DE\" \/>\n<meta property=\"og:type\" content=\"article\" \/>\n<meta property=\"og:title\" content=\"Weltumwelttag - BiVillage\" \/>\n<meta property=\"og:url\" content=\"https:\/\/www.bivillage.com\/de\/news\/neuheiten\/weltumwelttag\/\" \/>\n<meta property=\"og:site_name\" content=\"BiVillage\" \/>\n<meta property=\"article:publisher\" content=\"https:\/\/www.facebook.com\/BiVillageHolidayCenter\/\" \/>\n<meta property=\"article:published_time\" content=\"2022-10-21T08:41:03+00:00\" \/>\n<meta property=\"article:modified_time\" content=\"2023-01-13T10:45:32+00:00\" \/>\n<meta property=\"og:image\" content=\"https:\/\/www.bivillage.com\/wp-content\/uploads\/2022\/08\/giornata_ambiente.webp\" \/>\n\t<meta property=\"og:image:width\" content=\"1920\" \/>\n\t<meta property=\"og:image:height\" content=\"800\" \/>\n\t<meta property=\"og:image:type\" content=\"image\/webp\" \/>\n<meta name=\"author\" content=\"admin\" \/>\n<meta name=\"twitter:card\" content=\"summary_large_image\" \/>\n<meta name=\"twitter:label1\" content=\"Verfasst von\" \/>\n\t<meta name=\"twitter:data1\" content=\"admin\" \/>\n\t<meta name=\"twitter:label2\" content=\"Gesch\u00e4tzte Lesezeit\" \/>\n\t<meta name=\"twitter:data2\" content=\"3\u00a0Minuten\" \/>\n<script type=\"application\/ld+json\" class=\"yoast-schema-graph\">{\"@context\":\"https:\/\/schema.org\",\"@graph\":[{\"@type\":\"Article\",\"@id\":\"https:\/\/www.bivillage.com\/de\/news\/neuheiten\/weltumwelttag\/#article\",\"isPartOf\":{\"@id\":\"https:\/\/www.bivillage.com\/de\/news\/neuheiten\/weltumwelttag\/\"},\"author\":{\"name\":\"admin\",\"@id\":\"https:\/\/www.bivillage.com\/de\/#\/schema\/person\/843a17529217e331813a8c3ca5e32d59\"},\"headline\":\"Weltumwelttag\",\"datePublished\":\"2022-10-21T08:41:03+00:00\",\"dateModified\":\"2023-01-13T10:45:32+00:00\",\"mainEntityOfPage\":{\"@id\":\"https:\/\/www.bivillage.com\/de\/news\/neuheiten\/weltumwelttag\/\"},\"wordCount\":398,\"publisher\":{\"@id\":\"https:\/\/www.bivillage.com\/de\/#organization\"},\"image\":{\"@id\":\"https:\/\/www.bivillage.com\/de\/news\/neuheiten\/weltumwelttag\/#primaryimage\"},\"thumbnailUrl\":\"https:\/\/www.bivillage.com\/wp-content\/uploads\/2022\/08\/giornata_ambiente.webp\",\"articleSection\":[\"Neuheiten\"],\"inLanguage\":\"de\"},{\"@type\":\"WebPage\",\"@id\":\"https:\/\/www.bivillage.com\/de\/news\/neuheiten\/weltumwelttag\/\",\"url\":\"https:\/\/www.bivillage.com\/de\/news\/neuheiten\/weltumwelttag\/\",\"name\":\"Weltumwelttag - BiVillage\",\"isPartOf\":{\"@id\":\"https:\/\/www.bivillage.com\/de\/#website\"},\"primaryImageOfPage\":{\"@id\":\"https:\/\/www.bivillage.com\/de\/news\/neuheiten\/weltumwelttag\/#primaryimage\"},\"image\":{\"@id\":\"https:\/\/www.bivillage.com\/de\/news\/neuheiten\/weltumwelttag\/#primaryimage\"},\"thumbnailUrl\":\"https:\/\/www.bivillage.com\/wp-content\/uploads\/2022\/08\/giornata_ambiente.webp\",\"datePublished\":\"2022-10-21T08:41:03+00:00\",\"dateModified\":\"2023-01-13T10:45:32+00:00\",\"breadcrumb\":{\"@id\":\"https:\/\/www.bivillage.com\/de\/news\/neuheiten\/weltumwelttag\/#breadcrumb\"},\"inLanguage\":\"de\",\"potentialAction\":[{\"@type\":\"ReadAction\",\"target\":[\"https:\/\/www.bivillage.com\/de\/news\/neuheiten\/weltumwelttag\/\"]}]},{\"@type\":\"ImageObject\",\"inLanguage\":\"de\",\"@id\":\"https:\/\/www.bivillage.com\/de\/news\/neuheiten\/weltumwelttag\/#primaryimage\",\"url\":\"https:\/\/www.bivillage.com\/wp-content\/uploads\/2022\/08\/giornata_ambiente.webp\",\"contentUrl\":\"https:\/\/www.bivillage.com\/wp-content\/uploads\/2022\/08\/giornata_ambiente.webp\",\"width\":1920,\"height\":800},{\"@type\":\"BreadcrumbList\",\"@id\":\"https:\/\/www.bivillage.com\/de\/news\/neuheiten\/weltumwelttag\/#breadcrumb\",\"itemListElement\":[{\"@type\":\"ListItem\",\"position\":1,\"name\":\"Home\",\"item\":\"https:\/\/www.bivillage.com\/de\/\"},{\"@type\":\"ListItem\",\"position\":2,\"name\":\"Neuheiten\",\"item\":\"https:\/\/www.bivillage.com\/de\/news\/category\/neuheiten\/\"},{\"@type\":\"ListItem\",\"position\":3,\"name\":\"Weltumwelttag\"}]},{\"@type\":\"WebSite\",\"@id\":\"https:\/\/www.bivillage.com\/de\/#website\",\"url\":\"https:\/\/www.bivillage.com\/de\/\",\"name\":\"BiVillage\",\"description\":\"Fasana, ISTRIA\",\"publisher\":{\"@id\":\"https:\/\/www.bivillage.com\/de\/#organization\"},\"potentialAction\":[{\"@type\":\"SearchAction\",\"target\":{\"@type\":\"EntryPoint\",\"urlTemplate\":\"https:\/\/www.bivillage.com\/de\/?s={search_term_string}\"},\"query-input\":{\"@type\":\"PropertyValueSpecification\",\"valueRequired\":true,\"valueName\":\"search_term_string\"}}],\"inLanguage\":\"de\"},{\"@type\":\"Organization\",\"@id\":\"https:\/\/www.bivillage.com\/de\/#organization\",\"name\":\"BiVillage\",\"alternateName\":\"bivillage\",\"url\":\"https:\/\/www.bivillage.com\/de\/\",\"logo\":{\"@type\":\"ImageObject\",\"inLanguage\":\"de\",\"@id\":\"https:\/\/www.bivillage.com\/de\/#\/schema\/logo\/image\/\",\"url\":\"https:\/\/www.bivillage.com\/wp-content\/uploads\/2022\/04\/logo-bivillage.png\",\"contentUrl\":\"https:\/\/www.bivillage.com\/wp-content\/uploads\/2022\/04\/logo-bivillage.png\",\"width\":973,\"height\":340,\"caption\":\"BiVillage\"},\"image\":{\"@id\":\"https:\/\/www.bivillage.com\/de\/#\/schema\/logo\/image\/\"},\"sameAs\":[\"https:\/\/www.facebook.com\/BiVillageHolidayCenter\/\",\"https:\/\/www.instagram.com\/bivillage_holidayresort\/\",\"https:\/\/www.youtube.com\/channel\/UCu0whYLFWz1DQK-xiTLIuVw\",\"https:\/\/www.tiktok.com\/@bivillage\"]},{\"@type\":\"Person\",\"@id\":\"https:\/\/www.bivillage.com\/de\/#\/schema\/person\/843a17529217e331813a8c3ca5e32d59\",\"name\":\"admin\"}]}<\/script>\n<!-- \/ Yoast SEO plugin. -->","yoast_head_json":{"title":"Weltumwelttag - BiVillage","robots":{"index":"index","follow":"follow","max-snippet":"max-snippet:-1","max-image-preview":"max-image-preview:large","max-video-preview":"max-video-preview:-1"},"canonical":"https:\/\/www.bivillage.com\/de\/news\/neuheiten\/weltumwelttag\/","og_locale":"de_DE","og_type":"article","og_title":"Weltumwelttag - BiVillage","og_url":"https:\/\/www.bivillage.com\/de\/news\/neuheiten\/weltumwelttag\/","og_site_name":"BiVillage","article_publisher":"https:\/\/www.facebook.com\/BiVillageHolidayCenter\/","article_published_time":"2022-10-21T08:41:03+00:00","article_modified_time":"2023-01-13T10:45:32+00:00","og_image":[{"width":1920,"height":800,"url":"https:\/\/www.bivillage.com\/wp-content\/uploads\/2022\/08\/giornata_ambiente.webp","type":"image\/webp"}],"author":"admin","twitter_card":"summary_large_image","twitter_misc":{"Verfasst von":"admin","Gesch\u00e4tzte Lesezeit":"3\u00a0Minuten"},"schema":{"@context":"https:\/\/schema.org","@graph":[{"@type":"Article","@id":"https:\/\/www.bivillage.com\/de\/news\/neuheiten\/weltumwelttag\/#article","isPartOf":{"@id":"https:\/\/www.bivillage.com\/de\/news\/neuheiten\/weltumwelttag\/"},"author":{"name":"admin","@id":"https:\/\/www.bivillage.com\/de\/#\/schema\/person\/843a17529217e331813a8c3ca5e32d59"},"headline":"Weltumwelttag","datePublished":"2022-10-21T08:41:03+00:00","dateModified":"2023-01-13T10:45:32+00:00","mainEntityOfPage":{"@id":"https:\/\/www.bivillage.com\/de\/news\/neuheiten\/weltumwelttag\/"},"wordCount":398,"publisher":{"@id":"https:\/\/www.bivillage.com\/de\/#organization"},"image":{"@id":"https:\/\/www.bivillage.com\/de\/news\/neuheiten\/weltumwelttag\/#primaryimage"},"thumbnailUrl":"https:\/\/www.bivillage.com\/wp-content\/uploads\/2022\/08\/giornata_ambiente.webp","articleSection":["Neuheiten"],"inLanguage":"de"},{"@type":"WebPage","@id":"https:\/\/www.bivillage.com\/de\/news\/neuheiten\/weltumwelttag\/","url":"https:\/\/www.bivillage.com\/de\/news\/neuheiten\/weltumwelttag\/","name":"Weltumwelttag - BiVillage","isPartOf":{"@id":"https:\/\/www.bivillage.com\/de\/#website"},"primaryImageOfPage":{"@id":"https:\/\/www.bivillage.com\/de\/news\/neuheiten\/weltumwelttag\/#primaryimage"},"image":{"@id":"https:\/\/www.bivillage.com\/de\/news\/neuheiten\/weltumwelttag\/#primaryimage"},"thumbnailUrl":"https:\/\/www.bivillage.com\/wp-content\/uploads\/2022\/08\/giornata_ambiente.webp","datePublished":"2022-10-21T08:41:03+00:00","dateModified":"2023-01-13T10:45:32+00:00","breadcrumb":{"@id":"https:\/\/www.bivillage.com\/de\/news\/neuheiten\/weltumwelttag\/#breadcrumb"},"inLanguage":"de","potentialAction":[{"@type":"ReadAction","target":["https:\/\/www.bivillage.com\/de\/news\/neuheiten\/weltumwelttag\/"]}]},{"@type":"ImageObject","inLanguage":"de","@id":"https:\/\/www.bivillage.com\/de\/news\/neuheiten\/weltumwelttag\/#primaryimage","url":"https:\/\/www.bivillage.com\/wp-content\/uploads\/2022\/08\/giornata_ambiente.webp","contentUrl":"https:\/\/www.bivillage.com\/wp-content\/uploads\/2022\/08\/giornata_ambiente.webp","width":1920,"height":800},{"@type":"BreadcrumbList","@id":"https:\/\/www.bivillage.com\/de\/news\/neuheiten\/weltumwelttag\/#breadcrumb","itemListElement":[{"@type":"ListItem","position":1,"name":"Home","item":"https:\/\/www.bivillage.com\/de\/"},{"@type":"ListItem","position":2,"name":"Neuheiten","item":"https:\/\/www.bivillage.com\/de\/news\/category\/neuheiten\/"},{"@type":"ListItem","position":3,"name":"Weltumwelttag"}]},{"@type":"WebSite","@id":"https:\/\/www.bivillage.com\/de\/#website","url":"https:\/\/www.bivillage.com\/de\/","name":"BiVillage","description":"Fasana, ISTRIA","publisher":{"@id":"https:\/\/www.bivillage.com\/de\/#organization"},"potentialAction":[{"@type":"SearchAction","target":{"@type":"EntryPoint","urlTemplate":"https:\/\/www.bivillage.com\/de\/?s={search_term_string}"},"query-input":{"@type":"PropertyValueSpecification","valueRequired":true,"valueName":"search_term_string"}}],"inLanguage":"de"},{"@type":"Organization","@id":"https:\/\/www.bivillage.com\/de\/#organization","name":"BiVillage","alternateName":"bivillage","url":"https:\/\/www.bivillage.com\/de\/","logo":{"@type":"ImageObject","inLanguage":"de","@id":"https:\/\/www.bivillage.com\/de\/#\/schema\/logo\/image\/","url":"https:\/\/www.bivillage.com\/wp-content\/uploads\/2022\/04\/logo-bivillage.png","contentUrl":"https:\/\/www.bivillage.com\/wp-content\/uploads\/2022\/04\/logo-bivillage.png","width":973,"height":340,"caption":"BiVillage"},"image":{"@id":"https:\/\/www.bivillage.com\/de\/#\/schema\/logo\/image\/"},"sameAs":["https:\/\/www.facebook.com\/BiVillageHolidayCenter\/","https:\/\/www.instagram.com\/bivillage_holidayresort\/","https:\/\/www.youtube.com\/channel\/UCu0whYLFWz1DQK-xiTLIuVw","https:\/\/www.tiktok.com\/@bivillage"]},{"@type":"Person","@id":"https:\/\/www.bivillage.com\/de\/#\/schema\/person\/843a17529217e331813a8c3ca5e32d59","name":"admin"}]}},"author_meta":{"display_name":"admin","author_link":"https:\/\/www.bivillage.com\/de\/news\/author\/admin\/"},"featured_img":"https:\/\/www.bivillage.com\/wp-content\/uploads\/2022\/08\/giornata_ambiente-300x125.webp","coauthors":[],"tax_additional":{"categories":{"linked":["<a href=\"https:\/\/www.bivillage.com\/de\/news\/category\/neuheiten\/\" class=\"advgb-post-tax-term\">Neuheiten<\/a>"],"unlinked":["<span class=\"advgb-post-tax-term\">Neuheiten<\/span>"]}},"comment_count":"0","relative_dates":{"created":"Posted 4\u00a0Jahren ago","modified":"Updated 3\u00a0Jahren ago"},"absolute_dates":{"created":"Posted on Oktober 21, 2022","modified":"Updated on Januar 13, 2023"},"absolute_dates_time":{"created":"Posted on Oktober 21, 2022 10:41 a.m.","modified":"Updated on Januar 13, 2023 11:45 a.m."},"featured_img_caption":"","series_order":"","_links":{"self":[{"href":"https:\/\/www.bivillage.com\/de\/wp-json\/wp\/v2\/posts\/9614","targetHints":{"allow":["GET"]}}],"collection":[{"href":"https:\/\/www.bivillage.com\/de\/wp-json\/wp\/v2\/posts"}],"about":[{"href":"https:\/\/www.bivillage.com\/de\/wp-json\/wp\/v2\/types\/post"}],"author":[{"embeddable":true,"href":"https:\/\/www.bivillage.com\/de\/wp-json\/wp\/v2\/users\/1"}],"replies":[{"embeddable":true,"href":"https:\/\/www.bivillage.com\/de\/wp-json\/wp\/v2\/comments?post=9614"}],"version-history":[{"count":0,"href":"https:\/\/www.bivillage.com\/de\/wp-json\/wp\/v2\/posts\/9614\/revisions"}],"wp:featuredmedia":[{"embeddable":true,"href":"https:\/\/www.bivillage.com\/de\/wp-json\/wp\/v2\/media\/7824"}],"wp:attachment":[{"href":"https:\/\/www.bivillage.com\/de\/wp-json\/wp\/v2\/media?parent=9614"}],"wp:term":[{"taxonomy":"category","embeddable":true,"href":"https:\/\/www.bivillage.com\/de\/wp-json\/wp\/v2\/categories?post=9614"},{"taxonomy":"post_tag","embeddable":true,"href":"https:\/\/www.bivillage.com\/de\/wp-json\/wp\/v2\/tags?post=9614"}],"curies":[{"name":"wp","href":"https:\/\/api.w.org\/{rel}","templated":true}]}}