{"id":12699,"date":"2023-02-08T17:33:04","date_gmt":"2023-02-08T16:33:04","guid":{"rendered":"https:\/\/www.bivillage.com\/?p=12699"},"modified":"2023-02-08T17:37:34","modified_gmt":"2023-02-08T16:37:34","slug":"giornata-mondiale-della-radio","status":"publish","type":"post","link":"https:\/\/www.bivillage.com\/de\/news\/neuheiten\/giornata-mondiale-della-radio\/","title":{"rendered":"Welttag des Radios"},"content":{"rendered":"\n<div class=\"wp-block-columns is-layout-flex wp-container-core-columns-is-layout-9d6595d7 wp-block-columns-is-layout-flex\">\n<div class=\"wp-block-column is-layout-flow wp-block-column-is-layout-flow\" style=\"flex-basis:100%\"><\/div>\n<\/div>\n\n\n\n<div class=\"wp-block-columns is-layout-flex wp-container-core-columns-is-layout-9d6595d7 wp-block-columns-is-layout-flex\">\n<div class=\"wp-block-column is-layout-flow wp-block-column-is-layout-flow\" style=\"flex-basis:100%\"><div  class=\"grids-section grids-is-stretch\" style=\"--_gs-gap-desktop:0px 0px;--_gs-m-desktop:0 0 0 0;--_gs-p-desktop:50px 0 50px 0;--_gs-bg-desktop:transparent url(https:\/\/www.bivillage.com\/wp-content\/uploads\/2023\/02\/giornata-mondiale-radio.jpg) no-repeat 50% 50%;--_gs-bg-xp-desktop:0px;--_gs-zi-desktop:auto;--_gs-d-desktop:block;--_gs-mw-desktop:calc(100% - 0 - 0);--_gs-gap-tablet:0px 0px;--_gs-m-tablet:0 0 0 0;--_gs-p-tablet:50px 0 50px 0;--_gs-bg-tablet:transparent url(https:\/\/www.bivillage.com\/wp-content\/uploads\/2023\/02\/giornata-mondiale-radio.jpg) no-repeat 50% 50%;--_gs-bg-xp-tablet:0px;--_gs-zi-tablet:auto;--_gs-d-tablet:block;--_gs-mw-tablet:calc(100% - 0 - 0);--_gs-gap-mobile:0px 0px;--_gs-m-mobile:0 0 0 0;--_gs-p-mobile:50px 0 50px 0;--_gs-bg-mobile:transparent url(https:\/\/www.bivillage.com\/wp-content\/uploads\/2023\/02\/giornata-mondiale-radio.jpg) no-repeat 50% 50%;--_gs-bg-xp-mobile:0px;--_gs-zi-mobile:auto;--_gs-d-mobile:block;--_gs-mw-mobile:calc(100% - 0 - 0);--_gs-columns:4;--_gs-rows:1\"><div class=\"grids-s-w_i\">\n<div class=\"grids-area\" style=\"--_ga-column:1\/2;--_ga-row:1\/2;--_ga-m-desktop:0 0 0 0;--_ga-p-desktop:0 0 0 0;--_ga-bg-desktop:transparent none;--_ga-zi-desktop:auto;--_ga-d-desktop:flex;--_ga-mw-desktop:calc(100% - 0 - 0);--_ga-m-tablet:0 0 0 0;--_ga-p-tablet:0 0 0 0;--_ga-bg-tablet:transparent none;--_ga-zi-tablet:auto;--_ga-d-tablet:flex;--_ga-mw-tablet:calc(100% - 0 - 0);--_ga-m-mobile:0 0 0 0;--_ga-p-mobile:0 0 0 0;--_ga-bg-mobile:transparent none;--_ga-zi-mobile:auto;--_ga-d-mobile:flex;--_ga-mw-mobile:calc(100% - 0 - 0)\"><\/div>\n\n<div class=\"grids-area\" style=\"--_ga-column:2\/4;--_ga-row:1\/2;--_ga-m-desktop:0 0 0 0;--_ga-p-desktop:0 0 0 0;--_ga-bg-desktop:transparent none;--_ga-zi-desktop:auto;--_ga-d-desktop:flex;--_ga-mw-desktop:calc(100% - 0 - 0);--_ga-m-tablet:0 0 0 0;--_ga-p-tablet:0 0 0 0;--_ga-bg-tablet:transparent none;--_ga-zi-tablet:auto;--_ga-d-tablet:flex;--_ga-mw-tablet:calc(100% - 0 - 0);--_ga-m-mobile:0 0 0 0;--_ga-p-mobile:0 0 0 0;--_ga-bg-mobile:transparent none;--_ga-zi-mobile:auto;--_ga-d-mobile:flex;--_ga-mw-mobile:calc(100% - 0 - 0)\">\n\n<p class=\"has-text-align-center has-black-color has-text-color has-background has-small-font-size\" style=\"background-color:#ffffffbf;padding-top:var(--wp--preset--spacing--60);padding-right:var(--wp--preset--spacing--60);padding-bottom:var(--wp--preset--spacing--60);padding-left:var(--wp--preset--spacing--60);font-style:normal;font-weight:400;line-height:1.8\"><em><em>\u201eUri (Unione Radiofonica Italiana), Italienischer Rundfunkverband. 1-RO: R\u00f6mische Funkstation. Funkwelle 425 Meter. Wir begr\u00fc\u00dfen alle Zuh\u00f6rer und w\u00fcnschen Ihnen einen sch\u00f6nen Abend. Es passierte am 6. Oktober 1924, um 21:00 Uhr. Wir strahlen das Er\u00f6ffnungskonzert des ersten italienischen Rundfunksenders aus. Das Quartett, bestehend aus Ines Viviani Donarelli, die zu Ihnen spricht, Alberto Magalotti, Amedeo Fortunati und Alessandro Cicognani, wird Haydn aus dem Opus 7 Streichquartett, I und II H\u00e4lfte, auff\u00fchren\u201c<\/em>.<\/em><\/p>\n\n<\/div>\n\n<div class=\"grids-area\" style=\"--_ga-column:4\/5;--_ga-row:1\/2;--_ga-m-desktop:0 0 0 0;--_ga-p-desktop:0 0 0 0;--_ga-bg-desktop:transparent none;--_ga-zi-desktop:auto;--_ga-d-desktop:flex;--_ga-mw-desktop:calc(100% - 0 - 0);--_ga-m-tablet:0 0 0 0;--_ga-p-tablet:0 0 0 0;--_ga-bg-tablet:transparent none;--_ga-zi-tablet:auto;--_ga-d-tablet:flex;--_ga-mw-tablet:calc(100% - 0 - 0);--_ga-m-mobile:0 0 0 0;--_ga-p-mobile:0 0 0 0;--_ga-bg-mobile:transparent none;--_ga-zi-mobile:auto;--_ga-d-mobile:flex;--_ga-mw-mobile:calc(100% - 0 - 0)\"><\/div>\n<\/div><\/div><\/div>\n<\/div>\n\n\n\n<div class=\"wp-block-columns is-layout-flex wp-container-core-columns-is-layout-9d6595d7 wp-block-columns-is-layout-flex\">\n<div class=\"wp-block-column is-layout-flow wp-block-column-is-layout-flow\" style=\"flex-basis:100%\"><div  class=\"grids-section grids-is-stretch\" style=\"--_gs-gap-desktop:0px 0px;--_gs-m-desktop:0 50px 0 50px;--_gs-p-desktop:0 0 0 0;--_gs-bg-desktop:transparent none;--_gs-bg-xp-desktop:0px;--_gs-zi-desktop:auto;--_gs-d-desktop:block;--_gs-mw-desktop:calc(100% - 50px - 50px);--_gs-gap-tablet:0px 0px;--_gs-m-tablet:0 50px 0 50px;--_gs-p-tablet:0 0 0 0;--_gs-bg-tablet:transparent none;--_gs-bg-xp-tablet:0px;--_gs-zi-tablet:auto;--_gs-d-tablet:block;--_gs-mw-tablet:calc(100% - 50px - 50px);--_gs-gap-mobile:0px 0px;--_gs-m-mobile:0 50px 0 50px;--_gs-p-mobile:0 0 0 0;--_gs-bg-mobile:transparent none;--_gs-bg-xp-mobile:0px;--_gs-zi-mobile:auto;--_gs-d-mobile:block;--_gs-mw-mobile:calc(100% - 50px - 50px);--_gs-columns:1;--_gs-rows:1\"><div class=\"grids-s-w_i\">\n<div class=\"grids-area\" style=\"--_ga-column:1\/2;--_ga-row:1\/2;--_ga-m-desktop:0 0 0 0;--_ga-p-desktop:0 0 0 0;--_ga-bg-desktop:transparent none;--_ga-zi-desktop:auto;--_ga-d-desktop:flex;--_ga-mw-desktop:calc(100% - 0 - 0);--_ga-m-tablet:0 0 0 0;--_ga-p-tablet:0 0 0 0;--_ga-bg-tablet:transparent none;--_ga-zi-tablet:auto;--_ga-d-tablet:flex;--_ga-mw-tablet:calc(100% - 0 - 0);--_ga-m-mobile:0 0 0 0;--_ga-p-mobile:0 0 0 0;--_ga-bg-mobile:transparent none;--_ga-zi-mobile:auto;--_ga-d-mobile:flex;--_ga-mw-mobile:calc(100% - 0 - 0)\">\n\n<p><strong><strong>So begann im Jahr 1924 die Geschichte des italienischen Rundfunks<\/strong>, <\/strong>mit der allerersten Ansage. Ein epochaler Moment, ein Wendepunkt und ein Wandel, der die Wurzeln des Radios, wie wir es heute kennen, darstellt.<\/p>\n\n\n\n<div style=\"height:50px\" aria-hidden=\"true\" class=\"wp-block-spacer\"><\/div>\n\n\n\n<h2 class=\"wp-block-heading\">Ein Instrument zur Vermittlung von Werten und zur F\u00f6rderung der Vielfalt<\/h2>\n\n\n\n<p>Der Rundfunk hat sich schnell zum beliebtesten Kommunikationsmittel entwickelt und bietet eine&nbsp;<strong>Vielzahl von Inhalten, die die Vielfalt der H\u00f6rer widerspiegeln<\/strong>.<\/p>\n\n\n\n<p>Heute ist der Rundfunk das Massenmedium, das die meisten Menschen auf der Welt erreicht, selbst in den abgelegensten Gemeinden.&nbsp;<strong>Es ist ein Teil des Alltags<\/strong>, der die Momente der Lebensgeschichte eines jeden Menschen begleitet und ihnen als&nbsp;<strong>Soundtrack<\/strong>&nbsp;dient.<\/p>\n\n\n\n<p>Ein Werkzeug, das&nbsp;<strong>die Zeiten \u00fcberdauert hat<\/strong>&nbsp;und dem Aufkommen des Internets und der Smartphones widerstanden hat, ja, es hat sie sogar ausgenutzt! Tats\u00e4chlich wurden die ersten&nbsp;<strong>Webradios<\/strong>&nbsp;bereits 1998 entwickelt und man konnte sie mit jedem internetf\u00e4higen Ger\u00e4t aufrufen.<\/p>\n\n\n\n<div style=\"height:52px\" aria-hidden=\"true\" class=\"wp-block-spacer\"><\/div>\n\n\n\n<h2 class=\"wp-block-heading\">Musik als verbindlicher Faktor<\/h2>\n\n\n\n<p>K\u00f6nnen Sie sich einen Tag ohne Musik vorstellen?<\/p>\n\n\n\n<p>Der Rundfunk und die Musik sind wesentliche Bestandteile unseres Alltags. Gemeinsam&nbsp;<strong>f\u00f6rdern sie die Sozialisierung und die Bildung von Gruppen<\/strong>&nbsp;durch Hingabe und Unterhaltung.<\/p>\n\n<\/div>\n<\/div><\/div><\/div>\n<\/div>\n\n\n<div  class=\"grids-section grids-is-stretch\" style=\"--_gs-gap-desktop:0px 0px;--_gs-m-desktop:0 0 0 0;--_gs-p-desktop:0 0 0 0;--_gs-bg-desktop:transparent none;--_gs-bg-xp-desktop:0px;--_gs-zi-desktop:auto;--_gs-d-desktop:block;--_gs-mw-desktop:calc(100% - 0 - 0);--_gs-gap-tablet:0px 0px;--_gs-m-tablet:0 0 0 0;--_gs-p-tablet:0 0 0 0;--_gs-bg-tablet:transparent none;--_gs-bg-xp-tablet:0px;--_gs-zi-tablet:auto;--_gs-d-tablet:block;--_gs-mw-tablet:calc(100% - 0 - 0);--_gs-gap-mobile:0px 0px;--_gs-m-mobile:0 0 0 0;--_gs-p-mobile:0 0 0 0;--_gs-bg-mobile:transparent none;--_gs-bg-xp-mobile:0px;--_gs-zi-mobile:auto;--_gs-d-mobile:block;--_gs-mw-mobile:calc(100% - 0 - 0);--_gs-columns:2;--_gs-rows:1\"><div class=\"grids-s-w_i\">\n<div class=\"grids-area\" style=\"--_ga-column:1\/2;--_ga-row:1\/2;--_ga-m-desktop:0 0 0 0;--_ga-p-desktop:0 0 0 0;--_ga-bg-desktop:transparent none;--_ga-zi-desktop:auto;--_ga-d-desktop:flex;--_ga-mw-desktop:calc(100% - 0 - 0);--_ga-m-tablet:0 0 0 0;--_ga-p-tablet:0 0 0 0;--_ga-bg-tablet:transparent none;--_ga-zi-tablet:auto;--_ga-d-tablet:flex;--_ga-mw-tablet:calc(100% - 0 - 0);--_ga-m-mobile:0 0 0 0;--_ga-p-mobile:0 0 0 0;--_ga-bg-mobile:transparent none;--_ga-zi-mobile:auto;--_ga-d-mobile:flex;--_ga-mw-mobile:calc(100% - 0 - 0)\">\n\n<figure class=\"wp-block-image size-large\"><img style=\"background-color: #b3b4b0;\" decoding=\"async\" width=\"678\" height=\"1024\" src=\"https:\/\/www.bivillage.com\/wp-content\/uploads\/2023\/02\/pexels-skylar-kang-6368899-678x1024.jpg\" alt=\"\" class=\"wp-image-12680\" srcset=\"https:\/\/www.bivillage.com\/wp-content\/uploads\/2023\/02\/pexels-skylar-kang-6368899-678x1024.jpg 678w, https:\/\/www.bivillage.com\/wp-content\/uploads\/2023\/02\/pexels-skylar-kang-6368899-199x300.jpg 199w, https:\/\/www.bivillage.com\/wp-content\/uploads\/2023\/02\/pexels-skylar-kang-6368899-768x1160.jpg 768w, https:\/\/www.bivillage.com\/wp-content\/uploads\/2023\/02\/pexels-skylar-kang-6368899-1017x1536.jpg 1017w, https:\/\/www.bivillage.com\/wp-content\/uploads\/2023\/02\/pexels-skylar-kang-6368899-1356x2048.jpg 1356w, https:\/\/www.bivillage.com\/wp-content\/uploads\/2023\/02\/pexels-skylar-kang-6368899-1568x2368.jpg 1568w, https:\/\/www.bivillage.com\/wp-content\/uploads\/2023\/02\/pexels-skylar-kang-6368899-scaled.jpg 1695w\" sizes=\"(max-width: 678px) 100vw, 678px\" \/><\/figure>\n\n<\/div>\n\n<div class=\"grids-area\" style=\"--_ga-column:2\/3;--_ga-row:1\/2;--_ga-m-desktop:0 0 0 0;--_ga-p-desktop:200px 100px 0 50px;--_ga-bg-desktop:transparent none;--_ga-zi-desktop:auto;--_ga-d-desktop:flex;--_ga-mw-desktop:calc(100% - 0 - 0);--_ga-m-tablet:0 0 0 0;--_ga-p-tablet:200px 100px 0 50px;--_ga-bg-tablet:transparent none;--_ga-zi-tablet:auto;--_ga-d-tablet:flex;--_ga-mw-tablet:calc(100% - 0 - 0);--_ga-m-mobile:0 75px 0 75px;--_ga-p-mobile:-50px 100px 0 50px;--_ga-bg-mobile:transparent none;--_ga-zi-mobile:auto;--_ga-d-mobile:flex;--_ga-mw-mobile:calc(100% - 75px - 75px)\">\n\n<h2 class=\"wp-block-heading\">BiHoliday auf Spotify: teilen Sie Ihren Sound<\/h2>\n\n\n\n<p>Jeden Tag&nbsp;<strong>erwachen unsere Feriend\u00f6rfer zum Rhythmus der Musik<\/strong>. Von den Kleinen, die sich zu den Kl\u00e4ngen von Babytanz am\u00fcsieren, bis zum Aperitif am Strand, begleitet von den Kl\u00e4ngen der meistgesungenen und den sch\u00f6nsten Liedern des Sommers.<\/p>\n\n\n\n<p>Wenn wir diese Lieder Monate sp\u00e4ter h\u00f6ren, sind wir wieder&nbsp;<strong>am Strand, beim Sonnenuntergang<\/strong>, beim Fr\u00fchst\u00fcck im Pinienwald, umgeben vom Duft der Natur und vom Rauschen der Wellen.<\/p>\n\n\n\n<p><strong>Musik voller Erinnerungen, Nostalgie und Ungeduld<\/strong>&nbsp;\u2013 Ungeduld, diese Magie noch einmal zu erleben: deshalb stellen wir Ihnen unseren&nbsp;<strong>Spotify-Kanal<\/strong>&nbsp;vor, auf dem Sie schon bald alle Lieder finden werden, die Sie in die sch\u00f6nsten Tage des Sommers zur\u00fcckversetzen werden!<\/p>\n\n<\/div>\n<\/div><\/div>\n\n\n<div class=\"wp-block-columns has-background is-layout-flex wp-container-core-columns-is-layout-9d6595d7 wp-block-columns-is-layout-flex\" style=\"background-color:#81b71a\">\n<div class=\"wp-block-column is-layout-flow wp-block-column-is-layout-flow\" style=\"flex-basis:100%\"><div  class=\"grids-section grids-is-stretch\" style=\"--_gs-gap-desktop:0px 0px;--_gs-m-desktop:0 0 0 0;--_gs-p-desktop:0 0 0 0;--_gs-bg-desktop:transparent none;--_gs-bg-xp-desktop:0px;--_gs-zi-desktop:auto;--_gs-d-desktop:block;--_gs-mw-desktop:calc(100% - 0 - 0);--_gs-gap-tablet:0px 0px;--_gs-m-tablet:0 0 0 0;--_gs-p-tablet:0 0 0 0;--_gs-bg-tablet:transparent none;--_gs-bg-xp-tablet:0px;--_gs-zi-tablet:auto;--_gs-d-tablet:block;--_gs-mw-tablet:calc(100% - 0 - 0);--_gs-gap-mobile:0px 0px;--_gs-m-mobile:0 0 0 0;--_gs-p-mobile:0 0 0 0;--_gs-bg-mobile:transparent none;--_gs-bg-xp-mobile:0px;--_gs-zi-mobile:auto;--_gs-d-mobile:block;--_gs-mw-mobile:calc(100% - 0 - 0);--_gs-columns:3;--_gs-rows:1\"><div class=\"grids-s-w_i\">\n<div class=\"grids-area\" style=\"--_ga-column:1\/2;--_ga-row:1\/2;--_ga-m-desktop:0 0 0 0;--_ga-p-desktop:0 0 0 0;--_ga-bg-desktop:transparent none;--_ga-zi-desktop:auto;--_ga-d-desktop:flex;--_ga-mw-desktop:calc(100% - 0 - 0);--_ga-m-tablet:0 0 0 0;--_ga-p-tablet:0 0 0 0;--_ga-bg-tablet:transparent none;--_ga-zi-tablet:auto;--_ga-d-tablet:flex;--_ga-mw-tablet:calc(100% - 0 - 0);--_ga-m-mobile:0 0 0 0;--_ga-p-mobile:0 0 0 0;--_ga-bg-mobile:transparent none;--_ga-zi-mobile:auto;--_ga-d-mobile:flex;--_ga-mw-mobile:calc(100% - 0 - 0)\">\n\n<figure class=\"wp-block-image size-full\"><img decoding=\"async\" src=\"https:\/\/www.bivillage.com\/wp-content\/uploads\/2023\/02\/spotify.png\" alt=\"\" class=\"wp-image-13123\"\/><\/figure>\n\n<\/div>\n\n<div class=\"grids-area\" style=\"--_ga-column:2\/4;--_ga-row:1\/2;--_ga-va:center;--_ga-m-desktop:0 0 0 0;--_ga-p-desktop:0 0 0 0;--_ga-bg-desktop:transparent none;--_ga-zi-desktop:auto;--_ga-d-desktop:flex;--_ga-mw-desktop:calc(100% - 0 - 0);--_ga-m-tablet:0 0 0 0;--_ga-p-tablet:0 0 0 0;--_ga-bg-tablet:transparent none;--_ga-zi-tablet:auto;--_ga-d-tablet:flex;--_ga-mw-tablet:calc(100% - 0 - 0);--_ga-m-mobile:0 0 0 0;--_ga-p-mobile:0 0 0 0;--_ga-bg-mobile:transparent none;--_ga-zi-mobile:auto;--_ga-d-mobile:flex;--_ga-mw-mobile:calc(100% - 0 - 0)\">\n\n<h3 style=\"color: #ffffff; text-align: center;\">FOLGEN SIE UNSEREM KANAL UNTER: <a href=\"https:\/\/open.spotify.com\/user\/31rh6uh64mdlqhwpkhnvakp2fyju\">https:\/\/open.spotify.com\/<\/a><\/h3>\n\n<\/div>\n<\/div><\/div><\/div>\n<\/div>\n\n\n<div  class=\"grids-section grids-is-stretch\" style=\"--_gs-gap-desktop:0px 0px;--_gs-m-desktop:0 0 0 0;--_gs-p-desktop:0 0 0 0;--_gs-bg-desktop:transparent none;--_gs-bg-xp-desktop:0px;--_gs-zi-desktop:auto;--_gs-d-desktop:block;--_gs-mw-desktop:calc(100% - 0 - 0);--_gs-gap-tablet:0px 0px;--_gs-m-tablet:0 0 0 0;--_gs-p-tablet:0 0 0 0;--_gs-bg-tablet:transparent none;--_gs-bg-xp-tablet:0px;--_gs-zi-tablet:auto;--_gs-d-tablet:block;--_gs-mw-tablet:calc(100% - 0 - 0);--_gs-gap-mobile:0px 0px;--_gs-m-mobile:0 0 0 0;--_gs-p-mobile:0 0 0 0;--_gs-bg-mobile:transparent none;--_gs-bg-xp-mobile:0px;--_gs-zi-mobile:auto;--_gs-d-mobile:block;--_gs-mw-mobile:calc(100% - 0 - 0);--_gs-columns:1;--_gs-rows:1\"><div class=\"grids-s-w_i\">\n<div class=\"grids-area\" style=\"--_ga-column:1\/2;--_ga-row:1\/2;--_ga-m-desktop:0 50px 0 50px;--_ga-p-desktop:0 0 0 0;--_ga-bg-desktop:transparent none;--_ga-zi-desktop:auto;--_ga-d-desktop:flex;--_ga-mw-desktop:calc(100% - 50px - 50px);--_ga-m-tablet:0 50px 0 50px;--_ga-p-tablet:0 0 0 0;--_ga-bg-tablet:transparent none;--_ga-zi-tablet:auto;--_ga-d-tablet:flex;--_ga-mw-tablet:calc(100% - 50px - 50px);--_ga-m-mobile:0 50px 0 50px;--_ga-p-mobile:0 0 0 0;--_ga-bg-mobile:transparent none;--_ga-zi-mobile:auto;--_ga-d-mobile:flex;--_ga-mw-mobile:calc(100% - 50px - 50px)\">\n\n<h2 class=\"wp-block-heading\">Schlagen Sie ein Lied f\u00fcr unsere Playlist vor!<\/h2>\n\n\n\n<p><strong>St\u00f6bern Sie in unseren Beitr\u00e4gen auf Instagram<\/strong>: dort finden Sie das Fragefeld, in dem Sie Ihr Lied vorschlagen k\u00f6nnen, sodass es in die&nbsp;<strong>offizielle BiHoliday 2023-Playlist des Sommers aufgenomme<\/strong>n wird!<\/p>\n\n<\/div>\n<\/div><\/div>","protected":false},"excerpt":{"rendered":"","protected":false},"author":10,"featured_media":12678,"comment_status":"closed","ping_status":"open","sticky":false,"template":"","format":"standard","meta":{"_acf_changed":false,"advgb_blocks_editor_width":"","advgb_blocks_columns_visual_guide":"","footnotes":""},"categories":[22],"tags":[],"class_list":["post-12699","post","type-post","status-publish","format-standard","has-post-thumbnail","hentry","category-neuheiten","entry"],"acf":[],"yoast_head":"<!-- This site is optimized with the Yoast SEO plugin v26.0 - https:\/\/yoast.com\/wordpress\/plugins\/seo\/ -->\n<title>Welttag des Radios - BiVillage<\/title>\n<meta name=\"robots\" content=\"index, follow, max-snippet:-1, max-image-preview:large, max-video-preview:-1\" \/>\n<link rel=\"canonical\" href=\"https:\/\/www.bivillage.com\/de\/news\/neuheiten\/giornata-mondiale-della-radio\/\" \/>\n<meta property=\"og:locale\" content=\"de_DE\" \/>\n<meta property=\"og:type\" content=\"article\" \/>\n<meta property=\"og:title\" content=\"Welttag des Radios - BiVillage\" \/>\n<meta property=\"og:url\" content=\"https:\/\/www.bivillage.com\/de\/news\/neuheiten\/giornata-mondiale-della-radio\/\" \/>\n<meta property=\"og:site_name\" content=\"BiVillage\" \/>\n<meta property=\"article:publisher\" content=\"https:\/\/www.facebook.com\/BiVillageHolidayCenter\/\" \/>\n<meta property=\"article:published_time\" content=\"2023-02-08T16:33:04+00:00\" \/>\n<meta property=\"article:modified_time\" content=\"2023-02-08T16:37:34+00:00\" \/>\n<meta property=\"og:image\" content=\"https:\/\/www.bivillage.com\/wp-content\/uploads\/2023\/02\/giornata-mondiale-radio.jpg\" \/>\n\t<meta property=\"og:image:width\" content=\"1920\" \/>\n\t<meta property=\"og:image:height\" content=\"1280\" \/>\n\t<meta property=\"og:image:type\" content=\"image\/jpeg\" \/>\n<meta name=\"author\" content=\"Federica Cattelan\" \/>\n<meta name=\"twitter:card\" content=\"summary_large_image\" \/>\n<meta name=\"twitter:label1\" content=\"Verfasst von\" \/>\n\t<meta name=\"twitter:data1\" content=\"Federica Cattelan\" \/>\n\t<meta name=\"twitter:label2\" content=\"Gesch\u00e4tzte Lesezeit\" \/>\n\t<meta name=\"twitter:data2\" content=\"3\u00a0Minuten\" \/>\n<script type=\"application\/ld+json\" class=\"yoast-schema-graph\">{\"@context\":\"https:\/\/schema.org\",\"@graph\":[{\"@type\":\"Article\",\"@id\":\"https:\/\/www.bivillage.com\/de\/news\/neuheiten\/giornata-mondiale-della-radio\/#article\",\"isPartOf\":{\"@id\":\"https:\/\/www.bivillage.com\/de\/news\/neuheiten\/giornata-mondiale-della-radio\/\"},\"author\":{\"name\":\"Federica Cattelan\",\"@id\":\"https:\/\/www.bivillage.com\/de\/#\/schema\/person\/2ec8fa3656fb4f3b46042d980846560d\"},\"headline\":\"Welttag des Radios\",\"datePublished\":\"2023-02-08T16:33:04+00:00\",\"dateModified\":\"2023-02-08T16:37:34+00:00\",\"mainEntityOfPage\":{\"@id\":\"https:\/\/www.bivillage.com\/de\/news\/neuheiten\/giornata-mondiale-della-radio\/\"},\"wordCount\":450,\"publisher\":{\"@id\":\"https:\/\/www.bivillage.com\/de\/#organization\"},\"image\":{\"@id\":\"https:\/\/www.bivillage.com\/de\/news\/neuheiten\/giornata-mondiale-della-radio\/#primaryimage\"},\"thumbnailUrl\":\"https:\/\/www.bivillage.com\/wp-content\/uploads\/2023\/02\/giornata-mondiale-radio.jpg\",\"articleSection\":[\"Neuheiten\"],\"inLanguage\":\"de\"},{\"@type\":\"WebPage\",\"@id\":\"https:\/\/www.bivillage.com\/de\/news\/neuheiten\/giornata-mondiale-della-radio\/\",\"url\":\"https:\/\/www.bivillage.com\/de\/news\/neuheiten\/giornata-mondiale-della-radio\/\",\"name\":\"Welttag des Radios - BiVillage\",\"isPartOf\":{\"@id\":\"https:\/\/www.bivillage.com\/de\/#website\"},\"primaryImageOfPage\":{\"@id\":\"https:\/\/www.bivillage.com\/de\/news\/neuheiten\/giornata-mondiale-della-radio\/#primaryimage\"},\"image\":{\"@id\":\"https:\/\/www.bivillage.com\/de\/news\/neuheiten\/giornata-mondiale-della-radio\/#primaryimage\"},\"thumbnailUrl\":\"https:\/\/www.bivillage.com\/wp-content\/uploads\/2023\/02\/giornata-mondiale-radio.jpg\",\"datePublished\":\"2023-02-08T16:33:04+00:00\",\"dateModified\":\"2023-02-08T16:37:34+00:00\",\"breadcrumb\":{\"@id\":\"https:\/\/www.bivillage.com\/de\/news\/neuheiten\/giornata-mondiale-della-radio\/#breadcrumb\"},\"inLanguage\":\"de\",\"potentialAction\":[{\"@type\":\"ReadAction\",\"target\":[\"https:\/\/www.bivillage.com\/de\/news\/neuheiten\/giornata-mondiale-della-radio\/\"]}]},{\"@type\":\"ImageObject\",\"inLanguage\":\"de\",\"@id\":\"https:\/\/www.bivillage.com\/de\/news\/neuheiten\/giornata-mondiale-della-radio\/#primaryimage\",\"url\":\"https:\/\/www.bivillage.com\/wp-content\/uploads\/2023\/02\/giornata-mondiale-radio.jpg\",\"contentUrl\":\"https:\/\/www.bivillage.com\/wp-content\/uploads\/2023\/02\/giornata-mondiale-radio.jpg\",\"width\":1920,\"height\":1280},{\"@type\":\"BreadcrumbList\",\"@id\":\"https:\/\/www.bivillage.com\/de\/news\/neuheiten\/giornata-mondiale-della-radio\/#breadcrumb\",\"itemListElement\":[{\"@type\":\"ListItem\",\"position\":1,\"name\":\"Home\",\"item\":\"https:\/\/www.bivillage.com\/de\/\"},{\"@type\":\"ListItem\",\"position\":2,\"name\":\"Neuheiten\",\"item\":\"https:\/\/www.bivillage.com\/de\/news\/category\/neuheiten\/\"},{\"@type\":\"ListItem\",\"position\":3,\"name\":\"Welttag des Radios\"}]},{\"@type\":\"WebSite\",\"@id\":\"https:\/\/www.bivillage.com\/de\/#website\",\"url\":\"https:\/\/www.bivillage.com\/de\/\",\"name\":\"BiVillage\",\"description\":\"Fasana, ISTRIA\",\"publisher\":{\"@id\":\"https:\/\/www.bivillage.com\/de\/#organization\"},\"potentialAction\":[{\"@type\":\"SearchAction\",\"target\":{\"@type\":\"EntryPoint\",\"urlTemplate\":\"https:\/\/www.bivillage.com\/de\/?s={search_term_string}\"},\"query-input\":{\"@type\":\"PropertyValueSpecification\",\"valueRequired\":true,\"valueName\":\"search_term_string\"}}],\"inLanguage\":\"de\"},{\"@type\":\"Organization\",\"@id\":\"https:\/\/www.bivillage.com\/de\/#organization\",\"name\":\"BiVillage\",\"alternateName\":\"bivillage\",\"url\":\"https:\/\/www.bivillage.com\/de\/\",\"logo\":{\"@type\":\"ImageObject\",\"inLanguage\":\"de\",\"@id\":\"https:\/\/www.bivillage.com\/de\/#\/schema\/logo\/image\/\",\"url\":\"https:\/\/www.bivillage.com\/wp-content\/uploads\/2022\/04\/logo-bivillage.png\",\"contentUrl\":\"https:\/\/www.bivillage.com\/wp-content\/uploads\/2022\/04\/logo-bivillage.png\",\"width\":973,\"height\":340,\"caption\":\"BiVillage\"},\"image\":{\"@id\":\"https:\/\/www.bivillage.com\/de\/#\/schema\/logo\/image\/\"},\"sameAs\":[\"https:\/\/www.facebook.com\/BiVillageHolidayCenter\/\",\"https:\/\/www.instagram.com\/bivillage_holidayresort\/\",\"https:\/\/www.youtube.com\/channel\/UCu0whYLFWz1DQK-xiTLIuVw\",\"https:\/\/www.tiktok.com\/@bivillage\"]},{\"@type\":\"Person\",\"@id\":\"https:\/\/www.bivillage.com\/de\/#\/schema\/person\/2ec8fa3656fb4f3b46042d980846560d\",\"name\":\"Federica Cattelan\"}]}<\/script>\n<!-- \/ Yoast SEO plugin. -->","yoast_head_json":{"title":"Welttag des Radios - BiVillage","robots":{"index":"index","follow":"follow","max-snippet":"max-snippet:-1","max-image-preview":"max-image-preview:large","max-video-preview":"max-video-preview:-1"},"canonical":"https:\/\/www.bivillage.com\/de\/news\/neuheiten\/giornata-mondiale-della-radio\/","og_locale":"de_DE","og_type":"article","og_title":"Welttag des Radios - BiVillage","og_url":"https:\/\/www.bivillage.com\/de\/news\/neuheiten\/giornata-mondiale-della-radio\/","og_site_name":"BiVillage","article_publisher":"https:\/\/www.facebook.com\/BiVillageHolidayCenter\/","article_published_time":"2023-02-08T16:33:04+00:00","article_modified_time":"2023-02-08T16:37:34+00:00","og_image":[{"width":1920,"height":1280,"url":"https:\/\/www.bivillage.com\/wp-content\/uploads\/2023\/02\/giornata-mondiale-radio.jpg","type":"image\/jpeg"}],"author":"Federica Cattelan","twitter_card":"summary_large_image","twitter_misc":{"Verfasst von":"Federica Cattelan","Gesch\u00e4tzte Lesezeit":"3\u00a0Minuten"},"schema":{"@context":"https:\/\/schema.org","@graph":[{"@type":"Article","@id":"https:\/\/www.bivillage.com\/de\/news\/neuheiten\/giornata-mondiale-della-radio\/#article","isPartOf":{"@id":"https:\/\/www.bivillage.com\/de\/news\/neuheiten\/giornata-mondiale-della-radio\/"},"author":{"name":"Federica Cattelan","@id":"https:\/\/www.bivillage.com\/de\/#\/schema\/person\/2ec8fa3656fb4f3b46042d980846560d"},"headline":"Welttag des Radios","datePublished":"2023-02-08T16:33:04+00:00","dateModified":"2023-02-08T16:37:34+00:00","mainEntityOfPage":{"@id":"https:\/\/www.bivillage.com\/de\/news\/neuheiten\/giornata-mondiale-della-radio\/"},"wordCount":450,"publisher":{"@id":"https:\/\/www.bivillage.com\/de\/#organization"},"image":{"@id":"https:\/\/www.bivillage.com\/de\/news\/neuheiten\/giornata-mondiale-della-radio\/#primaryimage"},"thumbnailUrl":"https:\/\/www.bivillage.com\/wp-content\/uploads\/2023\/02\/giornata-mondiale-radio.jpg","articleSection":["Neuheiten"],"inLanguage":"de"},{"@type":"WebPage","@id":"https:\/\/www.bivillage.com\/de\/news\/neuheiten\/giornata-mondiale-della-radio\/","url":"https:\/\/www.bivillage.com\/de\/news\/neuheiten\/giornata-mondiale-della-radio\/","name":"Welttag des Radios - BiVillage","isPartOf":{"@id":"https:\/\/www.bivillage.com\/de\/#website"},"primaryImageOfPage":{"@id":"https:\/\/www.bivillage.com\/de\/news\/neuheiten\/giornata-mondiale-della-radio\/#primaryimage"},"image":{"@id":"https:\/\/www.bivillage.com\/de\/news\/neuheiten\/giornata-mondiale-della-radio\/#primaryimage"},"thumbnailUrl":"https:\/\/www.bivillage.com\/wp-content\/uploads\/2023\/02\/giornata-mondiale-radio.jpg","datePublished":"2023-02-08T16:33:04+00:00","dateModified":"2023-02-08T16:37:34+00:00","breadcrumb":{"@id":"https:\/\/www.bivillage.com\/de\/news\/neuheiten\/giornata-mondiale-della-radio\/#breadcrumb"},"inLanguage":"de","potentialAction":[{"@type":"ReadAction","target":["https:\/\/www.bivillage.com\/de\/news\/neuheiten\/giornata-mondiale-della-radio\/"]}]},{"@type":"ImageObject","inLanguage":"de","@id":"https:\/\/www.bivillage.com\/de\/news\/neuheiten\/giornata-mondiale-della-radio\/#primaryimage","url":"https:\/\/www.bivillage.com\/wp-content\/uploads\/2023\/02\/giornata-mondiale-radio.jpg","contentUrl":"https:\/\/www.bivillage.com\/wp-content\/uploads\/2023\/02\/giornata-mondiale-radio.jpg","width":1920,"height":1280},{"@type":"BreadcrumbList","@id":"https:\/\/www.bivillage.com\/de\/news\/neuheiten\/giornata-mondiale-della-radio\/#breadcrumb","itemListElement":[{"@type":"ListItem","position":1,"name":"Home","item":"https:\/\/www.bivillage.com\/de\/"},{"@type":"ListItem","position":2,"name":"Neuheiten","item":"https:\/\/www.bivillage.com\/de\/news\/category\/neuheiten\/"},{"@type":"ListItem","position":3,"name":"Welttag des Radios"}]},{"@type":"WebSite","@id":"https:\/\/www.bivillage.com\/de\/#website","url":"https:\/\/www.bivillage.com\/de\/","name":"BiVillage","description":"Fasana, ISTRIA","publisher":{"@id":"https:\/\/www.bivillage.com\/de\/#organization"},"potentialAction":[{"@type":"SearchAction","target":{"@type":"EntryPoint","urlTemplate":"https:\/\/www.bivillage.com\/de\/?s={search_term_string}"},"query-input":{"@type":"PropertyValueSpecification","valueRequired":true,"valueName":"search_term_string"}}],"inLanguage":"de"},{"@type":"Organization","@id":"https:\/\/www.bivillage.com\/de\/#organization","name":"BiVillage","alternateName":"bivillage","url":"https:\/\/www.bivillage.com\/de\/","logo":{"@type":"ImageObject","inLanguage":"de","@id":"https:\/\/www.bivillage.com\/de\/#\/schema\/logo\/image\/","url":"https:\/\/www.bivillage.com\/wp-content\/uploads\/2022\/04\/logo-bivillage.png","contentUrl":"https:\/\/www.bivillage.com\/wp-content\/uploads\/2022\/04\/logo-bivillage.png","width":973,"height":340,"caption":"BiVillage"},"image":{"@id":"https:\/\/www.bivillage.com\/de\/#\/schema\/logo\/image\/"},"sameAs":["https:\/\/www.facebook.com\/BiVillageHolidayCenter\/","https:\/\/www.instagram.com\/bivillage_holidayresort\/","https:\/\/www.youtube.com\/channel\/UCu0whYLFWz1DQK-xiTLIuVw","https:\/\/www.tiktok.com\/@bivillage"]},{"@type":"Person","@id":"https:\/\/www.bivillage.com\/de\/#\/schema\/person\/2ec8fa3656fb4f3b46042d980846560d","name":"Federica Cattelan"}]}},"author_meta":{"display_name":"Federica Cattelan","author_link":"https:\/\/www.bivillage.com\/de\/news\/author\/federica-cattelan\/"},"featured_img":"https:\/\/www.bivillage.com\/wp-content\/uploads\/2023\/02\/giornata-mondiale-radio-300x200.jpg","coauthors":[],"tax_additional":{"categories":{"linked":["<a href=\"https:\/\/www.bivillage.com\/de\/news\/category\/neuheiten\/\" class=\"advgb-post-tax-term\">Neuheiten<\/a>"],"unlinked":["<span class=\"advgb-post-tax-term\">Neuheiten<\/span>"]}},"comment_count":"0","relative_dates":{"created":"Posted 3\u00a0Jahren ago","modified":"Updated 3\u00a0Jahren ago"},"absolute_dates":{"created":"Posted on Februar 8, 2023","modified":"Updated on Februar 8, 2023"},"absolute_dates_time":{"created":"Posted on Februar 8, 2023 5:33 p.m.","modified":"Updated on Februar 8, 2023 5:37 p.m."},"featured_img_caption":"","series_order":"","_links":{"self":[{"href":"https:\/\/www.bivillage.com\/de\/wp-json\/wp\/v2\/posts\/12699","targetHints":{"allow":["GET"]}}],"collection":[{"href":"https:\/\/www.bivillage.com\/de\/wp-json\/wp\/v2\/posts"}],"about":[{"href":"https:\/\/www.bivillage.com\/de\/wp-json\/wp\/v2\/types\/post"}],"author":[{"embeddable":true,"href":"https:\/\/www.bivillage.com\/de\/wp-json\/wp\/v2\/users\/10"}],"replies":[{"embeddable":true,"href":"https:\/\/www.bivillage.com\/de\/wp-json\/wp\/v2\/comments?post=12699"}],"version-history":[{"count":0,"href":"https:\/\/www.bivillage.com\/de\/wp-json\/wp\/v2\/posts\/12699\/revisions"}],"wp:featuredmedia":[{"embeddable":true,"href":"https:\/\/www.bivillage.com\/de\/wp-json\/wp\/v2\/media\/12678"}],"wp:attachment":[{"href":"https:\/\/www.bivillage.com\/de\/wp-json\/wp\/v2\/media?parent=12699"}],"wp:term":[{"taxonomy":"category","embeddable":true,"href":"https:\/\/www.bivillage.com\/de\/wp-json\/wp\/v2\/categories?post=12699"},{"taxonomy":"post_tag","embeddable":true,"href":"https:\/\/www.bivillage.com\/de\/wp-json\/wp\/v2\/tags?post=12699"}],"curies":[{"name":"wp","href":"https:\/\/api.w.org\/{rel}","templated":true}]}}