{"id":12088,"date":"2023-01-23T14:19:56","date_gmt":"2023-01-23T13:19:56","guid":{"rendered":"https:\/\/www.bivillage.com\/?p=12088"},"modified":"2023-01-30T15:23:12","modified_gmt":"2023-01-30T14:23:12","slug":"tag-der-bildung-der-wert-auf-den-man-sich-konzentrieren-sollte","status":"publish","type":"post","link":"https:\/\/www.bivillage.com\/de\/news\/neuheiten\/tag-der-bildung-der-wert-auf-den-man-sich-konzentrieren-sollte\/","title":{"rendered":"Tag der Bildung, der Wert, auf den man sich konzentrieren sollte"},"content":{"rendered":"\n<div class=\"wp-block-group is-content-justification-center is-nowrap is-layout-flex wp-container-core-group-is-layout-94bc23d7 wp-block-group-is-layout-flex\"><div  class=\"grids-section grids-is-stretch\" style=\"--_gs-gap-desktop:0px 0px;--_gs-m-desktop:0 0 0 0;--_gs-p-desktop:0 100px 0 100px;--_gs-bg-desktop:transparent none;--_gs-bg-xp-desktop:0px;--_gs-zi-desktop:auto;--_gs-d-desktop:block;--_gs-mw-desktop:calc(100% - 0 - 0);--_gs-gap-tablet:0px 0px;--_gs-m-tablet:0 0 0 0;--_gs-p-tablet:0 100px 0 100px;--_gs-bg-tablet:transparent none;--_gs-bg-xp-tablet:0px;--_gs-zi-tablet:auto;--_gs-d-tablet:block;--_gs-mw-tablet:calc(100% - 0 - 0);--_gs-gap-mobile:0px 0px;--_gs-m-mobile:0 -50px 0 -50px;--_gs-p-mobile:0 100px 0 100px;--_gs-bg-mobile:transparent none;--_gs-bg-xp-mobile:0px;--_gs-zi-mobile:auto;--_gs-d-mobile:block;--_gs-mw-mobile:calc(100% - -50px - -50px);--_gs-columns:1;--_gs-rows:1\"><div class=\"grids-s-w_i\">\n<div class=\"grids-area\" style=\"--_ga-column:1\/2;--_ga-row:1\/2;--_ga-m-desktop:0 0 0 0;--_ga-p-desktop:0 0 50px 0;--_ga-bg-desktop:transparent none;--_ga-zi-desktop:auto;--_ga-d-desktop:flex;--_ga-mw-desktop:calc(100% - 0 - 0);--_ga-m-tablet:0 0 0 0;--_ga-p-tablet:0 0 50px 0;--_ga-bg-tablet:transparent none;--_ga-zi-tablet:auto;--_ga-d-tablet:flex;--_ga-mw-tablet:calc(100% - 0 - 0);--_ga-m-mobile:0 0 0 0;--_ga-p-mobile:0 -50px 50px -50px;--_ga-bg-mobile:transparent none;--_ga-zi-mobile:auto;--_ga-d-mobile:flex;--_ga-mw-mobile:calc(100% - 0 - 0)\">\n\n<p><strong>Der Tag der Bildung 2023 ist eine Gelegenheit, die Bedeutung der Bildung zu feiern<\/strong>\u00a0und den Beitrag von Lehrern, Dozenten, Ausbildern und Studenten auf der ganzen Welt zu w\u00fcrdigen: zweifellos ein Wert, auf den man sich konzentrieren sollte. Der Tag wurde 2018 von den Vereinten Nationen eingef\u00fchrt und bietet die Gelegenheit, dar\u00fcber nachzudenken, wie die Bildung verbessert werden kann, um sicherzustellen, dass alle jungen Menschen \u00fcber die notwendigen F\u00e4higkeiten verf\u00fcgen, um die Herausforderungen der modernen Welt zu bew\u00e4ltigen.<\/p>\n\n<\/div>\n<\/div><\/div><\/div>\n\n\n<div  class=\"grids-section grids-is-stretch\" style=\"--_gs-gap-desktop:0px 0px;--_gs-m-desktop:0 0 0 0;--_gs-p-desktop:0 100px 0 100px;--_gs-bg-desktop:#143465 none;--_gs-bg-xp-desktop:0px;--_gs-zi-desktop:auto;--_gs-d-desktop:block;--_gs-mw-desktop:calc(100% - 0 - 0);--_gs-gap-tablet:0px 0px;--_gs-m-tablet:0 0 0 0;--_gs-p-tablet:0 100px 0 100px;--_gs-bg-tablet:#143465 none;--_gs-bg-xp-tablet:0px;--_gs-zi-tablet:auto;--_gs-d-tablet:block;--_gs-mw-tablet:calc(100% - 0 - 0);--_gs-gap-mobile:0px 0px;--_gs-m-mobile:0 0 0 0;--_gs-p-mobile:0 100px 0 100px;--_gs-bg-mobile:#143465 none;--_gs-bg-xp-mobile:0px;--_gs-zi-mobile:auto;--_gs-d-mobile:block;--_gs-mw-mobile:calc(100% - 0 - 0);--_gs-columns:3;--_gs-rows:1\"><div class=\"grids-s-w_i\">\n<div class=\"grids-area\" style=\"--_ga-column:1\/2;--_ga-row:1\/2;--_ga-va:center;--_ga-m-desktop:0 0 0 0;--_ga-p-desktop:0 0 0 0;--_ga-bg-desktop:transparent none;--_ga-zi-desktop:auto;--_ga-d-desktop:flex;--_ga-mw-desktop:calc(100% - 0 - 0);--_ga-m-tablet:0 0 0 0;--_ga-p-tablet:0 0 0 0;--_ga-bg-tablet:transparent none;--_ga-zi-tablet:auto;--_ga-d-tablet:flex;--_ga-mw-tablet:calc(100% - 0 - 0);--_ga-m-mobile:0 0 0 0;--_ga-p-mobile:0 0 0 0;--_ga-bg-mobile:transparent none;--_ga-zi-mobile:auto;--_ga-d-mobile:flex;--_ga-mw-mobile:calc(100% - 0 - 0)\">\n\n<script src=\"https:\/\/cdn.lordicon.com\/ritcuqlt.js\"><\/script>\n<lord-icon src=\"https:\/\/cdn.lordicon.com\/qtbtspmd.json\" trigger=\"loop\" delay=\"1500\" colors=\"primary:#ffffff,secondary:#ffffff\" style=\"width:250px;height:250px\">\n<\/lord-icon>\n\n<\/div>\n\n<div class=\"grids-area\" style=\"--_ga-column:2\/4;--_ga-row:1\/2;--_ga-m-desktop:0 0 0 0;--_ga-p-desktop:50px 0 50px 0;--_ga-bg-desktop:transparent none;--_ga-zi-desktop:auto;--_ga-d-desktop:flex;--_ga-mw-desktop:calc(100% - 0 - 0);--_ga-m-tablet:0 0 0 0;--_ga-p-tablet:50px 0 50px 0;--_ga-bg-tablet:transparent none;--_ga-zi-tablet:auto;--_ga-d-tablet:flex;--_ga-mw-tablet:calc(100% - 0 - 0);--_ga-m-mobile:0 0 0 0;--_ga-p-mobile:50px 0 50px 0;--_ga-bg-mobile:transparent none;--_ga-zi-mobile:auto;--_ga-d-mobile:flex;--_ga-mw-mobile:calc(100% - 0 - 0)\">\n\n<h3 class=\"has-text-align-left has-white-color has-text-color wp-block-heading\"><strong><strong>DAS THEMA DES TAGES 2023<\/strong><\/strong><\/h3>\n\n\n\n<p class=\"has-white-color has-text-color\">Der diesj\u00e4hrige (2023) Internationale Tag der Bildung findet bereits zum f\u00fcnften Mal statt und steht unter dem Motto \u201eIn Menschen investieren, die Bildung in den Vordergrund stellen\u201c. Auf der Grundlage der globalen Dynamik, die durch den Gipfel der Vereinten Nationen zur Umwandlung des Bildungswesens im September 2022 entstanden ist, fordert der diesj\u00e4hrige Tag dazu auf, sich stark auf diese Themen zu konzentrieren und die Verpflichtungen in die Tat umzusetzen.<br>Die Vereinten Nationen haben das Ziel anerkannt, dass Bildung Vorrang haben sollte, um den Fortschritt bei der Erreichung aller Ziele f\u00fcr nachhaltige Entwicklung zu beschleunigen, insbesondere im komplexen Kontext der globalen Rezession, der wachsenden Ungleichheit und der Klimakrise.<\/p>\n\n<\/div>\n<\/div><\/div>\n\n<div  class=\"grids-section grids-is-advanced\" style=\"--_gs-gap-desktop:0px 0px;--_gs-m-desktop:0 0 0 0;--_gs-p-desktop:0 0 0 0;--_gs-bg-desktop:transparent none;--_gs-bg-xp-desktop:0px;--_gs-zi-desktop:auto;--_gs-d-desktop:block;--_gs-mw-desktop:calc(100% - 0 - 0);--_gs-gap-tablet:0px 0px;--_gs-m-tablet:0 0 0 0;--_gs-p-tablet:0 0 0 0;--_gs-bg-tablet:transparent none;--_gs-bg-xp-tablet:0px;--_gs-zi-tablet:auto;--_gs-d-tablet:block;--_gs-mw-tablet:calc(100% - 0 - 0);--_gs-gap-mobile:0px 0px;--_gs-m-mobile:0 0 0 0;--_gs-p-mobile:0 0 0 0;--_gs-bg-mobile:transparent none;--_gs-bg-xp-mobile:0px;--_gs-zi-mobile:auto;--_gs-d-mobile:block;--_gs-mw-mobile:calc(100% - 0 - 0);--_gs-columns:12;--_gs-rows:6\"><div class=\"grids-s-w_i\">\n<div class=\"grids-area\" style=\"--_ga-column:2\/12;--_ga-row:1\/2;--_ga-m-desktop:50px 0 50px 0;--_ga-p-desktop:0 0 0 0;--_ga-bg-desktop:transparent none;--_ga-zi-desktop:auto;--_ga-d-desktop:flex;--_ga-mw-desktop:calc(100% - 0 - 0);--_ga-m-tablet:50px 0 50px 0;--_ga-p-tablet:0 0 0 0;--_ga-bg-tablet:transparent none;--_ga-zi-tablet:auto;--_ga-d-tablet:flex;--_ga-mw-tablet:calc(100% - 0 - 0);--_ga-m-mobile:50px 0 50px 0;--_ga-p-mobile:0 50px 0 50px;--_ga-bg-mobile:transparent none;--_ga-zi-mobile:auto;--_ga-d-mobile:flex;--_ga-mw-mobile:calc(100% - 0 - 0)\">\n\n<h2 class=\"wp-block-heading\">Das Engagement von BiHoliday beginnt mit einer erneuerten Akademie<\/h2>\n\n\n\n<div style=\"height:30px\" aria-hidden=\"true\" class=\"wp-block-spacer\"><\/div>\n\n\n\n<h3 class=\"wp-block-heading\">WIE WIRD BILDUNG IN DER WELT DER ERWACHSENEN ANALYSIERT?<\/h3>\n\n<\/div>\n\n<div class=\"grids-area\" style=\"--_ga-column:2\/5;--_ga-row:3\/4;--_ga-m-desktop:0 0 0 0;--_ga-p-desktop:0 0 0 0;--_ga-bg-desktop:transparent none;--_ga-zi-desktop:auto;--_ga-d-desktop:flex;--_ga-mw-desktop:calc(100% - 0 - 0);--_ga-m-tablet:0 0 0 0;--_ga-p-tablet:0 0 0 0;--_ga-bg-tablet:transparent none;--_ga-zi-tablet:auto;--_ga-d-tablet:flex;--_ga-mw-tablet:calc(100% - 0 - 0);--_ga-m-mobile:0 0 0 0;--_ga-p-mobile:0 50px 0 50px;--_ga-bg-mobile:transparent none;--_ga-zi-mobile:auto;--_ga-d-mobile:flex;--_ga-mw-mobile:calc(100% - 0 - 0)\">\n\n<figure class=\"wp-block-image size-full\"><img decoding=\"async\" width=\"600\" height=\"250\" src=\"https:\/\/www.bivillage.com\/wp-content\/uploads\/2023\/01\/ESEC_LOGO_BIAACADEMY_ORIZZONTALE-600x250.png.png\" alt=\"\" class=\"wp-image-12113\" srcset=\"https:\/\/www.bivillage.com\/wp-content\/uploads\/2023\/01\/ESEC_LOGO_BIAACADEMY_ORIZZONTALE-600x250.png.png 600w, https:\/\/www.bivillage.com\/wp-content\/uploads\/2023\/01\/ESEC_LOGO_BIAACADEMY_ORIZZONTALE-600x250.png-300x125.png 300w\" sizes=\"(max-width: 600px) 100vw, 600px\" \/><\/figure>\n\n<\/div>\n\n<div class=\"grids-area\" style=\"--_ga-column:6\/12;--_ga-row:3\/4;--_ga-m-desktop:0 0 0 0;--_ga-p-desktop:0 50px 0 50px;--_ga-bg-desktop:transparent none;--_ga-zi-desktop:auto;--_ga-d-desktop:flex;--_ga-mw-desktop:calc(100% - 0 - 0);--_ga-m-tablet:0 0 0 0;--_ga-p-tablet:0 50px 0 50px;--_ga-bg-tablet:transparent none;--_ga-zi-tablet:auto;--_ga-d-tablet:flex;--_ga-mw-tablet:calc(100% - 0 - 0);--_ga-m-mobile:0 0 0 0;--_ga-p-mobile:0 50px 0 50px;--_ga-bg-mobile:transparent none;--_ga-zi-mobile:auto;--_ga-d-mobile:flex;--_ga-mw-mobile:calc(100% - 0 - 0)\">\n\n<p>In diesem speziellen Fall ist es leicht, sich auf das Sprichwort \u201eDie Pr\u00fcfungen h\u00f6ren nie auf\u201c (The exams never end) (nach dem Titel einer Kom\u00f6die von Eduardo de Filippo) zu beziehen. F\u00fcr uns bedeutet dies,&nbsp;<strong>dass wir nie aufh\u00f6ren, ein Gesch\u00e4ftsmodell zu entwickeln, bei dem Lernen eine Konstante ist, und dem Team, welches unsere gro\u00dfe Familie ausmacht, kontinuierliche Fortbildung bieten<\/strong>. Insbesondere hat unsere BiAcademy \u2013 ein internes Trainingsprojekt, das 2015 eingef\u00fchrt wurde \u2013 einen neuen Bildungsweg eingeschlagen, der vollst\u00e4ndig in Zusammenarbeit mit dem CISET, dem Internationalen Zentrum f\u00fcr Studien \u00fcber die Tourismuswirtschaft, entwickelt wurde. Dabei handelt es sich im Wesentlichen um eine Fachschule f\u00fcr die Tourismusberufe, die in BiHoliday ausge\u00fcbt werden.<br>Eine Errungenschaft im Bereich der Gastfreundschaft, die wir in allen unseren Feriend\u00f6rfern und in Ihrem Urlaubserlebnis erkennen.<\/p>\n\n\n\n<p>Un risultato, sul fronte dell\u2019accoglienza, che ritroviamo in tutti i nostri villaggi e nella vostra esperienza di vacanza.<\/p>\n\n<\/div>\n<\/div><\/div>\n\n<div  class=\"grids-section grids-is-advanced\" style=\"--_gs-gap-desktop:0px 0px;--_gs-m-desktop:0 0 0 0;--_gs-p-desktop:0 0 0 0;--_gs-bg-desktop:transparent url(https:\/\/www.bivillage.com\/wp-content\/uploads\/2023\/01\/sfondo_metaverso.jpg) no-repeat 50% 50%;--_gs-bg-xp-desktop:0px;--_gs-zi-desktop:auto;--_gs-d-desktop:block;--_gs-mw-desktop:calc(100% - 0 - 0);--_gs-gap-tablet:0px 0px;--_gs-m-tablet:0 0 0 0;--_gs-p-tablet:0 0 0 0;--_gs-bg-tablet:transparent url(https:\/\/www.bivillage.com\/wp-content\/uploads\/2023\/01\/sfondo_metaverso.jpg) no-repeat 50% 50%;--_gs-bg-xp-tablet:0px;--_gs-zi-tablet:auto;--_gs-d-tablet:block;--_gs-mw-tablet:calc(100% - 0 - 0);--_gs-gap-mobile:0px 0px;--_gs-m-mobile:0 0 0 0;--_gs-p-mobile:0 0 0 0;--_gs-bg-mobile:transparent url(https:\/\/www.bivillage.com\/wp-content\/uploads\/2023\/01\/sfondo_metaverso.jpg) no-repeat 50% 50%;--_gs-bg-xp-mobile:0px;--_gs-zi-mobile:auto;--_gs-d-mobile:block;--_gs-mw-mobile:calc(100% - 0 - 0);--_gs-columns:12;--_gs-rows:6\"><div class=\"grids-s-w_i\">\n<div class=\"grids-area\" style=\"--_ga-column:1\/13;--_ga-row:1\/2;--_ga-m-desktop:0 0 0 0;--_ga-p-desktop:50px 50px 50px 50px;--_ga-bg-desktop:transparent none;--_ga-zi-desktop:auto;--_ga-d-desktop:flex;--_ga-mw-desktop:calc(100% - 0 - 0);--_ga-m-tablet:0 0 0 0;--_ga-p-tablet:50px 50px 50px 50px;--_ga-bg-tablet:transparent none;--_ga-zi-tablet:auto;--_ga-d-tablet:flex;--_ga-mw-tablet:calc(100% - 0 - 0);--_ga-m-mobile:0 0 0 0;--_ga-p-mobile:50px 50px 50px 50px;--_ga-bg-mobile:transparent none;--_ga-zi-mobile:auto;--_ga-d-mobile:flex;--_ga-mw-mobile:calc(100% - 0 - 0)\">\n\n<h2 class=\"has-text-align-center has-white-color has-text-color wp-block-heading\">Bildung in einer digitalen Welt<\/h2>\n\n\n\n<p class=\"has-white-color has-text-color\">F\u00fcr BiHoliday sind Training und Bildung ein t\u00e4glicher Grund, einen Schritt nach vorne zu machen.<\/p>\n\n\n\n<p class=\"has-white-color has-text-color\">Mit der BiAcademy haben wir einen Trainingskurs eingerichtet, der aus Vorlesungen und Online-Lektionen besteht und sich auch dem Thema Digitalisierung widmet, um die jungen Arbeitnehmer von heute auf die Chancen von morgen vorzubereiten.<\/p>\n\n<\/div>\n<\/div><\/div>","protected":false},"excerpt":{"rendered":"","protected":false},"author":1,"featured_media":12156,"comment_status":"closed","ping_status":"open","sticky":false,"template":"","format":"standard","meta":{"_acf_changed":false,"advgb_blocks_editor_width":"","advgb_blocks_columns_visual_guide":"","footnotes":""},"categories":[22],"tags":[],"class_list":["post-12088","post","type-post","status-publish","format-standard","has-post-thumbnail","hentry","category-neuheiten","entry"],"acf":[],"yoast_head":"<!-- This site is optimized with the Yoast SEO plugin v26.0 - https:\/\/yoast.com\/wordpress\/plugins\/seo\/ -->\n<title>Tag der Bildung, der Wert, auf den man sich konzentrieren sollte - BiVillage<\/title>\n<meta name=\"robots\" content=\"index, follow, max-snippet:-1, max-image-preview:large, max-video-preview:-1\" \/>\n<link rel=\"canonical\" href=\"https:\/\/www.bivillage.com\/de\/news\/neuheiten\/tag-der-bildung-der-wert-auf-den-man-sich-konzentrieren-sollte\/\" \/>\n<meta property=\"og:locale\" content=\"de_DE\" \/>\n<meta property=\"og:type\" content=\"article\" \/>\n<meta property=\"og:title\" content=\"Tag der Bildung, der Wert, auf den man sich konzentrieren sollte - BiVillage\" \/>\n<meta property=\"og:url\" content=\"https:\/\/www.bivillage.com\/de\/news\/neuheiten\/tag-der-bildung-der-wert-auf-den-man-sich-konzentrieren-sollte\/\" \/>\n<meta property=\"og:site_name\" content=\"BiVillage\" \/>\n<meta property=\"article:publisher\" content=\"https:\/\/www.facebook.com\/BiVillageHolidayCenter\/\" \/>\n<meta property=\"article:published_time\" content=\"2023-01-23T13:19:56+00:00\" \/>\n<meta property=\"article:modified_time\" content=\"2023-01-30T14:23:12+00:00\" \/>\n<meta property=\"og:image\" content=\"https:\/\/www.bivillage.com\/wp-content\/uploads\/2023\/01\/giornata-mondiale-educazione-biasuzzi.jpg.jpg\" \/>\n\t<meta property=\"og:image:width\" content=\"1921\" \/>\n\t<meta property=\"og:image:height\" content=\"551\" \/>\n\t<meta property=\"og:image:type\" content=\"image\/jpeg\" \/>\n<meta name=\"author\" content=\"admin\" \/>\n<meta name=\"twitter:card\" content=\"summary_large_image\" \/>\n<meta name=\"twitter:label1\" content=\"Verfasst von\" \/>\n\t<meta name=\"twitter:data1\" content=\"admin\" \/>\n\t<meta name=\"twitter:label2\" content=\"Gesch\u00e4tzte Lesezeit\" \/>\n\t<meta name=\"twitter:data2\" content=\"3\u00a0Minuten\" \/>\n<script type=\"application\/ld+json\" class=\"yoast-schema-graph\">{\"@context\":\"https:\/\/schema.org\",\"@graph\":[{\"@type\":\"Article\",\"@id\":\"https:\/\/www.bivillage.com\/de\/news\/neuheiten\/tag-der-bildung-der-wert-auf-den-man-sich-konzentrieren-sollte\/#article\",\"isPartOf\":{\"@id\":\"https:\/\/www.bivillage.com\/de\/news\/neuheiten\/tag-der-bildung-der-wert-auf-den-man-sich-konzentrieren-sollte\/\"},\"author\":{\"name\":\"admin\",\"@id\":\"https:\/\/www.bivillage.com\/de\/#\/schema\/person\/843a17529217e331813a8c3ca5e32d59\"},\"headline\":\"Tag der Bildung, der Wert, auf den man sich konzentrieren sollte\",\"datePublished\":\"2023-01-23T13:19:56+00:00\",\"dateModified\":\"2023-01-30T14:23:12+00:00\",\"mainEntityOfPage\":{\"@id\":\"https:\/\/www.bivillage.com\/de\/news\/neuheiten\/tag-der-bildung-der-wert-auf-den-man-sich-konzentrieren-sollte\/\"},\"wordCount\":437,\"publisher\":{\"@id\":\"https:\/\/www.bivillage.com\/de\/#organization\"},\"image\":{\"@id\":\"https:\/\/www.bivillage.com\/de\/news\/neuheiten\/tag-der-bildung-der-wert-auf-den-man-sich-konzentrieren-sollte\/#primaryimage\"},\"thumbnailUrl\":\"https:\/\/www.bivillage.com\/wp-content\/uploads\/2023\/01\/giornata-mondiale-educazione-biasuzzi.jpg.jpg\",\"articleSection\":[\"Neuheiten\"],\"inLanguage\":\"de\"},{\"@type\":\"WebPage\",\"@id\":\"https:\/\/www.bivillage.com\/de\/news\/neuheiten\/tag-der-bildung-der-wert-auf-den-man-sich-konzentrieren-sollte\/\",\"url\":\"https:\/\/www.bivillage.com\/de\/news\/neuheiten\/tag-der-bildung-der-wert-auf-den-man-sich-konzentrieren-sollte\/\",\"name\":\"Tag der Bildung, der Wert, auf den man sich konzentrieren sollte - BiVillage\",\"isPartOf\":{\"@id\":\"https:\/\/www.bivillage.com\/de\/#website\"},\"primaryImageOfPage\":{\"@id\":\"https:\/\/www.bivillage.com\/de\/news\/neuheiten\/tag-der-bildung-der-wert-auf-den-man-sich-konzentrieren-sollte\/#primaryimage\"},\"image\":{\"@id\":\"https:\/\/www.bivillage.com\/de\/news\/neuheiten\/tag-der-bildung-der-wert-auf-den-man-sich-konzentrieren-sollte\/#primaryimage\"},\"thumbnailUrl\":\"https:\/\/www.bivillage.com\/wp-content\/uploads\/2023\/01\/giornata-mondiale-educazione-biasuzzi.jpg.jpg\",\"datePublished\":\"2023-01-23T13:19:56+00:00\",\"dateModified\":\"2023-01-30T14:23:12+00:00\",\"breadcrumb\":{\"@id\":\"https:\/\/www.bivillage.com\/de\/news\/neuheiten\/tag-der-bildung-der-wert-auf-den-man-sich-konzentrieren-sollte\/#breadcrumb\"},\"inLanguage\":\"de\",\"potentialAction\":[{\"@type\":\"ReadAction\",\"target\":[\"https:\/\/www.bivillage.com\/de\/news\/neuheiten\/tag-der-bildung-der-wert-auf-den-man-sich-konzentrieren-sollte\/\"]}]},{\"@type\":\"ImageObject\",\"inLanguage\":\"de\",\"@id\":\"https:\/\/www.bivillage.com\/de\/news\/neuheiten\/tag-der-bildung-der-wert-auf-den-man-sich-konzentrieren-sollte\/#primaryimage\",\"url\":\"https:\/\/www.bivillage.com\/wp-content\/uploads\/2023\/01\/giornata-mondiale-educazione-biasuzzi.jpg.jpg\",\"contentUrl\":\"https:\/\/www.bivillage.com\/wp-content\/uploads\/2023\/01\/giornata-mondiale-educazione-biasuzzi.jpg.jpg\",\"width\":1921,\"height\":551},{\"@type\":\"BreadcrumbList\",\"@id\":\"https:\/\/www.bivillage.com\/de\/news\/neuheiten\/tag-der-bildung-der-wert-auf-den-man-sich-konzentrieren-sollte\/#breadcrumb\",\"itemListElement\":[{\"@type\":\"ListItem\",\"position\":1,\"name\":\"Home\",\"item\":\"https:\/\/www.bivillage.com\/de\/\"},{\"@type\":\"ListItem\",\"position\":2,\"name\":\"Neuheiten\",\"item\":\"https:\/\/www.bivillage.com\/de\/news\/category\/neuheiten\/\"},{\"@type\":\"ListItem\",\"position\":3,\"name\":\"Tag der Bildung, der Wert, auf den man sich konzentrieren sollte\"}]},{\"@type\":\"WebSite\",\"@id\":\"https:\/\/www.bivillage.com\/de\/#website\",\"url\":\"https:\/\/www.bivillage.com\/de\/\",\"name\":\"BiVillage\",\"description\":\"Fasana, ISTRIA\",\"publisher\":{\"@id\":\"https:\/\/www.bivillage.com\/de\/#organization\"},\"potentialAction\":[{\"@type\":\"SearchAction\",\"target\":{\"@type\":\"EntryPoint\",\"urlTemplate\":\"https:\/\/www.bivillage.com\/de\/?s={search_term_string}\"},\"query-input\":{\"@type\":\"PropertyValueSpecification\",\"valueRequired\":true,\"valueName\":\"search_term_string\"}}],\"inLanguage\":\"de\"},{\"@type\":\"Organization\",\"@id\":\"https:\/\/www.bivillage.com\/de\/#organization\",\"name\":\"BiVillage\",\"alternateName\":\"bivillage\",\"url\":\"https:\/\/www.bivillage.com\/de\/\",\"logo\":{\"@type\":\"ImageObject\",\"inLanguage\":\"de\",\"@id\":\"https:\/\/www.bivillage.com\/de\/#\/schema\/logo\/image\/\",\"url\":\"https:\/\/www.bivillage.com\/wp-content\/uploads\/2022\/04\/logo-bivillage.png\",\"contentUrl\":\"https:\/\/www.bivillage.com\/wp-content\/uploads\/2022\/04\/logo-bivillage.png\",\"width\":973,\"height\":340,\"caption\":\"BiVillage\"},\"image\":{\"@id\":\"https:\/\/www.bivillage.com\/de\/#\/schema\/logo\/image\/\"},\"sameAs\":[\"https:\/\/www.facebook.com\/BiVillageHolidayCenter\/\",\"https:\/\/www.instagram.com\/bivillage_holidayresort\/\",\"https:\/\/www.youtube.com\/channel\/UCu0whYLFWz1DQK-xiTLIuVw\",\"https:\/\/www.tiktok.com\/@bivillage\"]},{\"@type\":\"Person\",\"@id\":\"https:\/\/www.bivillage.com\/de\/#\/schema\/person\/843a17529217e331813a8c3ca5e32d59\",\"name\":\"admin\"}]}<\/script>\n<!-- \/ Yoast SEO plugin. -->","yoast_head_json":{"title":"Tag der Bildung, der Wert, auf den man sich konzentrieren sollte - BiVillage","robots":{"index":"index","follow":"follow","max-snippet":"max-snippet:-1","max-image-preview":"max-image-preview:large","max-video-preview":"max-video-preview:-1"},"canonical":"https:\/\/www.bivillage.com\/de\/news\/neuheiten\/tag-der-bildung-der-wert-auf-den-man-sich-konzentrieren-sollte\/","og_locale":"de_DE","og_type":"article","og_title":"Tag der Bildung, der Wert, auf den man sich konzentrieren sollte - BiVillage","og_url":"https:\/\/www.bivillage.com\/de\/news\/neuheiten\/tag-der-bildung-der-wert-auf-den-man-sich-konzentrieren-sollte\/","og_site_name":"BiVillage","article_publisher":"https:\/\/www.facebook.com\/BiVillageHolidayCenter\/","article_published_time":"2023-01-23T13:19:56+00:00","article_modified_time":"2023-01-30T14:23:12+00:00","og_image":[{"width":1921,"height":551,"url":"https:\/\/www.bivillage.com\/wp-content\/uploads\/2023\/01\/giornata-mondiale-educazione-biasuzzi.jpg.jpg","type":"image\/jpeg"}],"author":"admin","twitter_card":"summary_large_image","twitter_misc":{"Verfasst von":"admin","Gesch\u00e4tzte Lesezeit":"3\u00a0Minuten"},"schema":{"@context":"https:\/\/schema.org","@graph":[{"@type":"Article","@id":"https:\/\/www.bivillage.com\/de\/news\/neuheiten\/tag-der-bildung-der-wert-auf-den-man-sich-konzentrieren-sollte\/#article","isPartOf":{"@id":"https:\/\/www.bivillage.com\/de\/news\/neuheiten\/tag-der-bildung-der-wert-auf-den-man-sich-konzentrieren-sollte\/"},"author":{"name":"admin","@id":"https:\/\/www.bivillage.com\/de\/#\/schema\/person\/843a17529217e331813a8c3ca5e32d59"},"headline":"Tag der Bildung, der Wert, auf den man sich konzentrieren sollte","datePublished":"2023-01-23T13:19:56+00:00","dateModified":"2023-01-30T14:23:12+00:00","mainEntityOfPage":{"@id":"https:\/\/www.bivillage.com\/de\/news\/neuheiten\/tag-der-bildung-der-wert-auf-den-man-sich-konzentrieren-sollte\/"},"wordCount":437,"publisher":{"@id":"https:\/\/www.bivillage.com\/de\/#organization"},"image":{"@id":"https:\/\/www.bivillage.com\/de\/news\/neuheiten\/tag-der-bildung-der-wert-auf-den-man-sich-konzentrieren-sollte\/#primaryimage"},"thumbnailUrl":"https:\/\/www.bivillage.com\/wp-content\/uploads\/2023\/01\/giornata-mondiale-educazione-biasuzzi.jpg.jpg","articleSection":["Neuheiten"],"inLanguage":"de"},{"@type":"WebPage","@id":"https:\/\/www.bivillage.com\/de\/news\/neuheiten\/tag-der-bildung-der-wert-auf-den-man-sich-konzentrieren-sollte\/","url":"https:\/\/www.bivillage.com\/de\/news\/neuheiten\/tag-der-bildung-der-wert-auf-den-man-sich-konzentrieren-sollte\/","name":"Tag der Bildung, der Wert, auf den man sich konzentrieren sollte - BiVillage","isPartOf":{"@id":"https:\/\/www.bivillage.com\/de\/#website"},"primaryImageOfPage":{"@id":"https:\/\/www.bivillage.com\/de\/news\/neuheiten\/tag-der-bildung-der-wert-auf-den-man-sich-konzentrieren-sollte\/#primaryimage"},"image":{"@id":"https:\/\/www.bivillage.com\/de\/news\/neuheiten\/tag-der-bildung-der-wert-auf-den-man-sich-konzentrieren-sollte\/#primaryimage"},"thumbnailUrl":"https:\/\/www.bivillage.com\/wp-content\/uploads\/2023\/01\/giornata-mondiale-educazione-biasuzzi.jpg.jpg","datePublished":"2023-01-23T13:19:56+00:00","dateModified":"2023-01-30T14:23:12+00:00","breadcrumb":{"@id":"https:\/\/www.bivillage.com\/de\/news\/neuheiten\/tag-der-bildung-der-wert-auf-den-man-sich-konzentrieren-sollte\/#breadcrumb"},"inLanguage":"de","potentialAction":[{"@type":"ReadAction","target":["https:\/\/www.bivillage.com\/de\/news\/neuheiten\/tag-der-bildung-der-wert-auf-den-man-sich-konzentrieren-sollte\/"]}]},{"@type":"ImageObject","inLanguage":"de","@id":"https:\/\/www.bivillage.com\/de\/news\/neuheiten\/tag-der-bildung-der-wert-auf-den-man-sich-konzentrieren-sollte\/#primaryimage","url":"https:\/\/www.bivillage.com\/wp-content\/uploads\/2023\/01\/giornata-mondiale-educazione-biasuzzi.jpg.jpg","contentUrl":"https:\/\/www.bivillage.com\/wp-content\/uploads\/2023\/01\/giornata-mondiale-educazione-biasuzzi.jpg.jpg","width":1921,"height":551},{"@type":"BreadcrumbList","@id":"https:\/\/www.bivillage.com\/de\/news\/neuheiten\/tag-der-bildung-der-wert-auf-den-man-sich-konzentrieren-sollte\/#breadcrumb","itemListElement":[{"@type":"ListItem","position":1,"name":"Home","item":"https:\/\/www.bivillage.com\/de\/"},{"@type":"ListItem","position":2,"name":"Neuheiten","item":"https:\/\/www.bivillage.com\/de\/news\/category\/neuheiten\/"},{"@type":"ListItem","position":3,"name":"Tag der Bildung, der Wert, auf den man sich konzentrieren sollte"}]},{"@type":"WebSite","@id":"https:\/\/www.bivillage.com\/de\/#website","url":"https:\/\/www.bivillage.com\/de\/","name":"BiVillage","description":"Fasana, ISTRIA","publisher":{"@id":"https:\/\/www.bivillage.com\/de\/#organization"},"potentialAction":[{"@type":"SearchAction","target":{"@type":"EntryPoint","urlTemplate":"https:\/\/www.bivillage.com\/de\/?s={search_term_string}"},"query-input":{"@type":"PropertyValueSpecification","valueRequired":true,"valueName":"search_term_string"}}],"inLanguage":"de"},{"@type":"Organization","@id":"https:\/\/www.bivillage.com\/de\/#organization","name":"BiVillage","alternateName":"bivillage","url":"https:\/\/www.bivillage.com\/de\/","logo":{"@type":"ImageObject","inLanguage":"de","@id":"https:\/\/www.bivillage.com\/de\/#\/schema\/logo\/image\/","url":"https:\/\/www.bivillage.com\/wp-content\/uploads\/2022\/04\/logo-bivillage.png","contentUrl":"https:\/\/www.bivillage.com\/wp-content\/uploads\/2022\/04\/logo-bivillage.png","width":973,"height":340,"caption":"BiVillage"},"image":{"@id":"https:\/\/www.bivillage.com\/de\/#\/schema\/logo\/image\/"},"sameAs":["https:\/\/www.facebook.com\/BiVillageHolidayCenter\/","https:\/\/www.instagram.com\/bivillage_holidayresort\/","https:\/\/www.youtube.com\/channel\/UCu0whYLFWz1DQK-xiTLIuVw","https:\/\/www.tiktok.com\/@bivillage"]},{"@type":"Person","@id":"https:\/\/www.bivillage.com\/de\/#\/schema\/person\/843a17529217e331813a8c3ca5e32d59","name":"admin"}]}},"author_meta":{"display_name":"admin","author_link":"https:\/\/www.bivillage.com\/de\/news\/author\/admin\/"},"featured_img":"https:\/\/www.bivillage.com\/wp-content\/uploads\/2023\/01\/giornata-mondiale-educazione-biasuzzi.jpg-300x86.jpg","coauthors":[],"tax_additional":{"categories":{"linked":["<a href=\"https:\/\/www.bivillage.com\/de\/news\/category\/neuheiten\/\" class=\"advgb-post-tax-term\">Neuheiten<\/a>"],"unlinked":["<span class=\"advgb-post-tax-term\">Neuheiten<\/span>"]}},"comment_count":"0","relative_dates":{"created":"Posted 3\u00a0Jahren ago","modified":"Updated 3\u00a0Jahren ago"},"absolute_dates":{"created":"Posted on Januar 23, 2023","modified":"Updated on Januar 30, 2023"},"absolute_dates_time":{"created":"Posted on Januar 23, 2023 2:19 p.m.","modified":"Updated on Januar 30, 2023 3:23 p.m."},"featured_img_caption":"","series_order":"","_links":{"self":[{"href":"https:\/\/www.bivillage.com\/de\/wp-json\/wp\/v2\/posts\/12088","targetHints":{"allow":["GET"]}}],"collection":[{"href":"https:\/\/www.bivillage.com\/de\/wp-json\/wp\/v2\/posts"}],"about":[{"href":"https:\/\/www.bivillage.com\/de\/wp-json\/wp\/v2\/types\/post"}],"author":[{"embeddable":true,"href":"https:\/\/www.bivillage.com\/de\/wp-json\/wp\/v2\/users\/1"}],"replies":[{"embeddable":true,"href":"https:\/\/www.bivillage.com\/de\/wp-json\/wp\/v2\/comments?post=12088"}],"version-history":[{"count":0,"href":"https:\/\/www.bivillage.com\/de\/wp-json\/wp\/v2\/posts\/12088\/revisions"}],"wp:featuredmedia":[{"embeddable":true,"href":"https:\/\/www.bivillage.com\/de\/wp-json\/wp\/v2\/media\/12156"}],"wp:attachment":[{"href":"https:\/\/www.bivillage.com\/de\/wp-json\/wp\/v2\/media?parent=12088"}],"wp:term":[{"taxonomy":"category","embeddable":true,"href":"https:\/\/www.bivillage.com\/de\/wp-json\/wp\/v2\/categories?post=12088"},{"taxonomy":"post_tag","embeddable":true,"href":"https:\/\/www.bivillage.com\/de\/wp-json\/wp\/v2\/tags?post=12088"}],"curies":[{"name":"wp","href":"https:\/\/api.w.org\/{rel}","templated":true}]}}